{"id":41507,"date":"2018-02-01T09:59:07","date_gmt":"2018-02-01T15:59:07","guid":{"rendered":"https:\/\/www.uv.mx\/prensa\/?p=41507"},"modified":"2021-10-20T09:26:09","modified_gmt":"2021-10-20T14:26:09","slug":"estudiantes-concluyeron-cursos-deportivos","status":"publish","type":"post","link":"https:\/\/www.uv.mx\/prensa\/deportes\/estudiantes-concluyeron-cursos-deportivos\/","title":{"rendered":"Estudiantes concluyeron cursos deportivos"},"content":{"rendered":"<ul>\n<li><em>Durante cuatro semanas los universitarios mejoraron su condici\u00f3n f\u00edsica, al tiempo que sumaron cr\u00e9ditos para su formaci\u00f3n acad\u00e9mica<\/em><\/li>\n<\/ul>\n<div id='gallery-1' class='gallery galleryid-41507 gallery-columns-2 gallery-size-full'><dl class='gallery-item'>\n\t\t\t<dt class='gallery-icon landscape'>\n\t\t\t\t<a href='https:\/\/www.uv.mx\/prensa\/files\/2018\/01\/010218-Intersemestrales-1-100k.jpg'><img width=\"722\" height=\"542\" src=\"https:\/\/www.uv.mx\/prensa\/files\/2018\/01\/010218-Intersemestrales-1-100k.jpg\" class=\"attachment-full size-full\" alt=\"\" decoding=\"async\" loading=\"lazy\" aria-describedby=\"gallery-1-41508\" srcset=\"https:\/\/www.uv.mx\/prensa\/files\/2018\/01\/010218-Intersemestrales-1-100k.jpg 722w, https:\/\/www.uv.mx\/prensa\/files\/2018\/01\/010218-Intersemestrales-1-100k-300x225.jpg 300w\" sizes=\"(max-width: 722px) 100vw, 722px\" \/><\/a>\n\t\t\t<\/dt>\n\t\t\t\t<dd class='wp-caption-text gallery-caption' id='gallery-1-41508'>\n\t\t\t\tPr\u00e1ctica de softbol\n\t\t\t\t<\/dd><\/dl><dl class='gallery-item'>\n\t\t\t<dt class='gallery-icon landscape'>\n\t\t\t\t<a href='https:\/\/www.uv.mx\/prensa\/files\/2018\/01\/010218-Intersemestrales-2-100k.jpg'><img width=\"722\" height=\"542\" src=\"https:\/\/www.uv.mx\/prensa\/files\/2018\/01\/010218-Intersemestrales-2-100k.jpg\" class=\"attachment-full size-full\" alt=\"\" decoding=\"async\" loading=\"lazy\" aria-describedby=\"gallery-1-41509\" srcset=\"https:\/\/www.uv.mx\/prensa\/files\/2018\/01\/010218-Intersemestrales-2-100k.jpg 722w, https:\/\/www.uv.mx\/prensa\/files\/2018\/01\/010218-Intersemestrales-2-100k-300x225.jpg 300w\" sizes=\"(max-width: 722px) 100vw, 722px\" \/><\/a>\n\t\t\t<\/dt>\n\t\t\t\t<dd class='wp-caption-text gallery-caption' id='gallery-1-41509'>\n\t\t\t\tRicardo Asir Jim\u00e9nez V\u00e1zquez, de Odontolog\u00eda\n\t\t\t\t<\/dd><\/dl><br style=\"clear: both\" \/>\n\t\t<\/div>\n\n<p><strong><em>Carlos Hugo Hermida Rosales<\/em><\/strong><\/p>\n<p><strong><em>01\/02\/2018, Xalapa, Ver.-<\/em><\/strong> Estudiantes de la Universidad Veracruzana (UV) concluyeron los cursos deportivos intersemestrales de invierno que durante de enero ofreci\u00f3 la Direcci\u00f3n de Actividades Deportivas (DADUV).<\/p>\n<p>A lo largo de cuatro semanas, alumnos de diferentes programas educativos practicaron distintos deportes, lo cual les sirvi\u00f3 para mejorar su condici\u00f3n f\u00edsica y sumar cr\u00e9ditos v\u00e1lidos para su formaci\u00f3n acad\u00e9mica.<\/p>\n<p>Ricardo Asir Jim\u00e9nez V\u00e1zquez, estudiante de cuarto semestre de la Licenciatura en Cirujano Dentista y quien curs\u00f3 Softbol, declar\u00f3 que las clases fueron muy satisfactorias y pudo aprender mucho de esta disciplina.<\/p>\n<p>\u201cTodos los deportes tienen lo suyo, y aunque el softbol es muy parecido al beisbol, tiene caracter\u00edsticas muy particulares que requieren de gran actividad f\u00edsica para llevarlas a cabo\u201d, relat\u00f3.<\/p>\n<p>Silvia Marlene Perdomo Le\u00f3n, estudiante de segundo semestre de la Licenciatura en Arquitectura y que particip\u00f3 en la misma disciplina deportiva, narr\u00f3 que se inscribi\u00f3 a este curso s\u00f3lo para probar, lo cual fue una gran idea ya que pudo hacer actividad f\u00edsica.<\/p>\n<p>Declar\u00f3 que es excelente que la UV d\u00e9 a sus estudiantes la opci\u00f3n de hacer ejercicio, y aunado a esto otorgue cr\u00e9ditos que les sirven para avanzar en sus planes de estudio.<\/p>\n<p>Ignacio Zapata Salazar, de la Licenciatura en Cirujano Dentista y quien curs\u00f3 Basquetbol, coment\u00f3 que \u00e9ste fue muy completo, aprendi\u00f3 c\u00f3mo mover el bal\u00f3n, t\u00e9cnicas de juego y reglamento del mismo.<\/p>\n<p>\u201cMe hubiera inscrito a este intersemestral aunque no otorgara cr\u00e9ditos, ya que pude hacer mucho ejercicio y me mantuve en forma\u201d, expres\u00f3.<\/p>\n<p>Carolina Herrera Ortega, alumna de la misma licenciatura, afirm\u00f3 que el curso de basquetbol fue una experiencia muy padre ya que el ambiente dentro de las clases fue muy bueno y esto le ayud\u00f3 a mejorar su condici\u00f3n f\u00edsica.<\/p>\n<p>\u201cNunca hab\u00eda practicado este deporte, pero me quedo con nuevos conocimientos y habilidades adquiridos en torno a \u00e9l\u201d, enunci\u00f3.<\/p>\n<p>Conrado Jim\u00e9nez Gonz\u00e1lez, entrenador de Softbol, comparti\u00f3 que dirigir este curso fue una excelente experiencia ya que pese a las bajas temperaturas presentadas se pudo practicar mucho el bateo, as\u00ed como lanzar y recibir la pelota.<\/p>\n<p>El profesor coment\u00f3 que muchos de los estudiantes que participaron en este curso le manifestaron su inquietud por participar en un representativo universitario de esta disciplina.<\/p>\n<p>N\u00e9stor Hern\u00e1ndez Flores, entrenador de Basquetbol, mencion\u00f3 que le toc\u00f3 dirigir un grupo con una buena matr\u00edcula, ya que se inscribieron 35 alumnos entre hombre y mujeres.<\/p>\n<p>\u201cFue un grupo muy entusiasta que trabaj\u00f3 muy bien y entendi\u00f3 de muy buena forma los conceptos de este deporte\u201d, asegur\u00f3.<\/p>\n<div id='gallery-2' class='gallery galleryid-41507 gallery-columns-2 gallery-size-full'><dl class='gallery-item'>\n\t\t\t<dt class='gallery-icon landscape'>\n\t\t\t\t<a href='https:\/\/www.uv.mx\/prensa\/files\/2018\/01\/010218-Intersemestrales-3-100k.jpg'><img width=\"722\" height=\"542\" src=\"https:\/\/www.uv.mx\/prensa\/files\/2018\/01\/010218-Intersemestrales-3-100k.jpg\" class=\"attachment-full size-full\" alt=\"\" decoding=\"async\" loading=\"lazy\" aria-describedby=\"gallery-2-41510\" srcset=\"https:\/\/www.uv.mx\/prensa\/files\/2018\/01\/010218-Intersemestrales-3-100k.jpg 722w, https:\/\/www.uv.mx\/prensa\/files\/2018\/01\/010218-Intersemestrales-3-100k-300x225.jpg 300w\" sizes=\"(max-width: 722px) 100vw, 722px\" \/><\/a>\n\t\t\t<\/dt>\n\t\t\t\t<dd class='wp-caption-text gallery-caption' id='gallery-2-41510'>\n\t\t\t\tSilvia Marlene Perdomo Le\u00f3n, de Arquitectura\n\t\t\t\t<\/dd><\/dl><dl class='gallery-item'>\n\t\t\t<dt class='gallery-icon landscape'>\n\t\t\t\t<a href='https:\/\/www.uv.mx\/prensa\/files\/2018\/01\/010218-Intersemestrales-4-100k.jpg'><img width=\"722\" height=\"483\" src=\"https:\/\/www.uv.mx\/prensa\/files\/2018\/01\/010218-Intersemestrales-4-100k.jpg\" class=\"attachment-full size-full\" alt=\"\" decoding=\"async\" loading=\"lazy\" aria-describedby=\"gallery-2-41511\" srcset=\"https:\/\/www.uv.mx\/prensa\/files\/2018\/01\/010218-Intersemestrales-4-100k.jpg 722w, https:\/\/www.uv.mx\/prensa\/files\/2018\/01\/010218-Intersemestrales-4-100k-300x201.jpg 300w\" sizes=\"(max-width: 722px) 100vw, 722px\" \/><\/a>\n\t\t\t<\/dt>\n\t\t\t\t<dd class='wp-caption-text gallery-caption' id='gallery-2-41511'>\n\t\t\t\tIgnacio Zapata y Carolina Herrera participaron en Basquetbol\n\t\t\t\t<\/dd><\/dl><br style=\"clear: both\" \/>\n\t\t<\/div>\n\n","protected":false},"excerpt":{"rendered":"<p><strong><em>Carlos Hermida.-<\/em><\/strong> Durante cuatro semanas los universitarios mejoraron su condici\u00f3n f\u00edsica y sumaron cr\u00e9ditos para su formaci\u00f3n acad\u00e9mica<\/p>\n","protected":false},"author":1775,"featured_media":41508,"comment_status":"closed","ping_status":"closed","sticky":false,"template":"","format":"standard","meta":[],"categories":[12],"tags":[4161,1984,197,1985,1383,559,1986,1987],"_links":{"self":[{"href":"https:\/\/www.uv.mx\/prensa\/wp-json\/wp\/v2\/posts\/41507"}],"collection":[{"href":"https:\/\/www.uv.mx\/prensa\/wp-json\/wp\/v2\/posts"}],"about":[{"href":"https:\/\/www.uv.mx\/prensa\/wp-json\/wp\/v2\/types\/post"}],"author":[{"embeddable":true,"href":"https:\/\/www.uv.mx\/prensa\/wp-json\/wp\/v2\/users\/1775"}],"replies":[{"embeddable":true,"href":"https:\/\/www.uv.mx\/prensa\/wp-json\/wp\/v2\/comments?post=41507"}],"version-history":[{"count":1,"href":"https:\/\/www.uv.mx\/prensa\/wp-json\/wp\/v2\/posts\/41507\/revisions"}],"predecessor-version":[{"id":95240,"href":"https:\/\/www.uv.mx\/prensa\/wp-json\/wp\/v2\/posts\/41507\/revisions\/95240"}],"wp:featuredmedia":[{"embeddable":true,"href":"https:\/\/www.uv.mx\/prensa\/wp-json\/wp\/v2\/media\/41508"}],"wp:attachment":[{"href":"https:\/\/www.uv.mx\/prensa\/wp-json\/wp\/v2\/media?parent=41507"}],"wp:term":[{"taxonomy":"category","embeddable":true,"href":"https:\/\/www.uv.mx\/prensa\/wp-json\/wp\/v2\/categories?post=41507"},{"taxonomy":"post_tag","embeddable":true,"href":"https:\/\/www.uv.mx\/prensa\/wp-json\/wp\/v2\/tags?post=41507"}],"curies":[{"name":"wp","href":"https:\/\/api.w.org\/{rel}","templated":true}]}}