{"id":41502,"date":"2018-02-01T09:59:33","date_gmt":"2018-02-01T15:59:33","guid":{"rendered":"https:\/\/www.uv.mx\/prensa\/?p=41502"},"modified":"2021-10-20T09:26:46","modified_gmt":"2021-10-20T14:26:46","slug":"la-mujer-no-hace-milagros-en-casa-del-lago","status":"publish","type":"post","link":"https:\/\/www.uv.mx\/prensa\/cultura\/la-mujer-no-hace-milagros-en-casa-del-lago\/","title":{"rendered":"La mujer no hace milagros, en Casa del Lago"},"content":{"rendered":"<ul>\n<li><em>La obra de Rodolfo Usigli se presentar\u00e1 del 8 al 11 de febrero, con funciones de 20:30 horas los jueves y viernes, y a las 19:30 los s\u00e1bados y domingos<\/em><\/li>\n<\/ul>\n<div id=\"attachment_41499\" style=\"width: 732px\" class=\"wp-caption aligncenter\"><a href=\"https:\/\/www.uv.mx\/prensa\/files\/2018\/01\/010218-la-mujer-no-hace-milagros-100k.jpg\"><img loading=\"lazy\" decoding=\"async\" aria-describedby=\"caption-attachment-41499\" class=\"size-full wp-image-41499\" src=\"https:\/\/www.uv.mx\/prensa\/files\/2018\/01\/010218-la-mujer-no-hace-milagros-100k.jpg\" alt=\"\" width=\"722\" height=\"481\" srcset=\"https:\/\/www.uv.mx\/prensa\/files\/2018\/01\/010218-la-mujer-no-hace-milagros-100k.jpg 722w, https:\/\/www.uv.mx\/prensa\/files\/2018\/01\/010218-la-mujer-no-hace-milagros-100k-300x200.jpg 300w\" sizes=\"auto, (max-width: 722px) 100vw, 722px\" \/><\/a><p id=\"caption-attachment-41499\" class=\"wp-caption-text\">La obra hace una cr\u00edtica a la familia mexicana de los a\u00f1os treinta<\/p><\/div>\n<p><strong><em>Karina de la Paz Reyes D\u00edaz<\/em><\/strong><\/p>\n<p><strong><em>01\/02\/2018, Xalapa, Ver.-<\/em><\/strong> El Colectivo Teatral La Butaca Roja, conformado por alumnos de la Facultad de Teatro de la Universidad Veracruzana (UV), presentar\u00e1 la obra <em>La mujer no hace milagros<\/em>, escrita por Rodolfo Usigli, en la Casa del Lago. Se tratar\u00e1 de una corta temporada, del 8 al 11 de febrero, cuyas funciones ser\u00e1n a las 20:30 horas jueves y viernes, y a las 19:30 s\u00e1bados y domingos.<\/p>\n<p>En la puesta en escena act\u00faan Davis Arenas, Cruz Armenta, Giovana Cadena, Dayana Carrera, Alina Cruz, Paleta Escalera, Marlene Pedreguera, Iris Ladr\u00f3n de Guevara, Edgar Ponce, V\u00edctor Robles, Stephani Solar y Diana V\u00e1squez, con la direcci\u00f3n de Roberto Ben\u00edtez.<\/p>\n<p>Rodolfo Usigli (1905-1979) es considerado el autor mexicano m\u00e1s importante del siglo XX; <em>La mujer no hace milagros<\/em> la escribi\u00f3 en 1938. Adem\u00e1s, aunque mucho se habla y escribe de \u00e9l, muy poco son llevadas sus obras a la escena, lo cual sin duda es una pena, pues su obra dram\u00e1tica es amplia y de enorme calidad, explic\u00f3 el colectivo.<\/p>\n<p>La que los ocupa hace una cr\u00edtica a la familia mexicana de su \u00e9poca, pero que en mucho sigue respondiendo la sociedad actual y en sus esquemas siguen existiendo personajes como los que Usigli plantea.<\/p>\n<p>Esta puesta en escena invita a conocer el trabajo actoral de alumnos de la Facultad de Teatro de la UV, pero tambi\u00e9n a divertirse con una \u201ccomedia fina, bien hecha e inteligente\u201d.<\/p>\n<p>Sobre la trama, adelantaron que <em>La mujer no hace milagros <\/em>presenta la historia de los Rosas. Una familia mexicana de la posrevoluci\u00f3n en los a\u00f1os treinta, en una casa donde viven la se\u00f1ora Rosas y sus cuatro hijos: Ricarda, Bernardo, Victoria y Herminia, adem\u00e1s de su yerno Alejandro (esposo de Victoria).<\/p>\n<p>Los Rosas tendr\u00e1n una serie de eventos que transformar\u00e1n sus formas de vida. Los personajes femeninos que llevan la acci\u00f3n de la obra son: Herminia, quien representa a la mujer moderna, libre y decidida, pero que se encuentra en una confusi\u00f3n, es caprichosa e impulsiva.<\/p>\n<p>Por otra parte, est\u00e1 Victoria, quien es la mujer dom\u00e9stica y sumisa que tras dos a\u00f1os de matrimonio vive sin sentido, infeliz y amargada. Sus vidas dar\u00e1n un giro cuando conocen a un hombre: Roberto D\u00e1vila, t\u00edmido, honesto, elocuente, pero tambi\u00e9n pasional y que ayudar\u00e1 a ambas mujeres a encontrar su camino.<\/p>\n<p>La entrada general es de 60 pesos; para maestros, estudiantes e <em>Inapam<\/em> es de 40 pesos.<\/p>\n","protected":false},"excerpt":{"rendered":"<p><strong><em>Karina Reyes.-<\/em><\/strong> Puesta en escena que invita a conocer el trabajo actoral de alumnos de Teatro, quienes integran el Colectivo La Butaca Roja<\/p>\n","protected":false},"author":1775,"featured_media":41499,"comment_status":"closed","ping_status":"closed","sticky":false,"template":"","format":"standard","meta":{"footnotes":""},"categories":[11,47],"tags":[1747,1228,1745,184,4015,1746,1748,1392,1749],"class_list":["post-41502","post","type-post","status-publish","format-standard","has-post-thumbnail","hentry","category-cultura","category-eventos","tag-alumnos","tag-casa-del-lago","tag-colectivo-teatral","tag-facultad-de-teatro","tag-karina-de-la-paz-reyes-diaz","tag-la-butaca-roja","tag-la-mujer-no-hace-milagros","tag-obra","tag-rodolfo-usigli"],"_links":{"self":[{"href":"https:\/\/www.uv.mx\/prensa\/wp-json\/wp\/v2\/posts\/41502","targetHints":{"allow":["GET"]}}],"collection":[{"href":"https:\/\/www.uv.mx\/prensa\/wp-json\/wp\/v2\/posts"}],"about":[{"href":"https:\/\/www.uv.mx\/prensa\/wp-json\/wp\/v2\/types\/post"}],"author":[{"embeddable":true,"href":"https:\/\/www.uv.mx\/prensa\/wp-json\/wp\/v2\/users\/1775"}],"replies":[{"embeddable":true,"href":"https:\/\/www.uv.mx\/prensa\/wp-json\/wp\/v2\/comments?post=41502"}],"version-history":[{"count":1,"href":"https:\/\/www.uv.mx\/prensa\/wp-json\/wp\/v2\/posts\/41502\/revisions"}],"predecessor-version":[{"id":94287,"href":"https:\/\/www.uv.mx\/prensa\/wp-json\/wp\/v2\/posts\/41502\/revisions\/94287"}],"wp:featuredmedia":[{"embeddable":true,"href":"https:\/\/www.uv.mx\/prensa\/wp-json\/wp\/v2\/media\/41499"}],"wp:attachment":[{"href":"https:\/\/www.uv.mx\/prensa\/wp-json\/wp\/v2\/media?parent=41502"}],"wp:term":[{"taxonomy":"category","embeddable":true,"href":"https:\/\/www.uv.mx\/prensa\/wp-json\/wp\/v2\/categories?post=41502"},{"taxonomy":"post_tag","embeddable":true,"href":"https:\/\/www.uv.mx\/prensa\/wp-json\/wp\/v2\/tags?post=41502"}],"curies":[{"name":"wp","href":"https:\/\/api.w.org\/{rel}","templated":true}]}}