{"id":41453,"date":"2018-01-31T17:00:53","date_gmt":"2018-01-31T23:00:53","guid":{"rendered":"https:\/\/www.uv.mx\/prensa\/?p=41453"},"modified":"2018-02-01T20:29:40","modified_gmt":"2018-02-02T02:29:40","slug":"ee-deportivas-afel-motivan-a-los-alumnos","status":"publish","type":"post","link":"https:\/\/www.uv.mx\/prensa\/deportes\/ee-deportivas-afel-motivan-a-los-alumnos\/","title":{"rendered":"EE deportivas AFEL motivan a los alumnos"},"content":{"rendered":"<style type=\"text\/css\">\n  blockquote p { color: #28519b; font-family: helvetica; font-size: 1.6em; }<br \/>\n<\/style>\n<ul>\n<li><em>Es bueno que impartan estas clases porque no s\u00f3lo debemos desarrollar nuestras capacidades intelectuales, tambi\u00e9n tendremos una buena condici\u00f3n f\u00edsica, expres\u00f3 Jes\u00fas<\/em><\/li>\n<\/ul>\n<div id=\"attachment_41457\" style=\"width: 732px\" class=\"wp-caption aligncenter\"><a href=\"https:\/\/www.uv.mx\/prensa\/files\/2018\/01\/310118-Gimnasia-art\u00edstica-1.jpg\"><img loading=\"lazy\" decoding=\"async\" aria-describedby=\"caption-attachment-41457\" class=\"size-full wp-image-41457\" src=\"https:\/\/www.uv.mx\/prensa\/files\/2018\/01\/310118-Gimnasia-art\u00edstica-1.jpg\" alt=\"\" width=\"722\" height=\"482\" \/><\/a><p id=\"caption-attachment-41457\" class=\"wp-caption-text\">Daniela Mej\u00eda, estudiante de la Licenciatura en Cirujano Dentista<\/p><\/div>\n<p>&nbsp;<\/p>\n<p><strong><em>Paola Cort\u00e9s P\u00e9rez<\/em><\/strong><\/p>\n<p><strong><em>30\/01\/2018, Xalapa, Ver.-<\/em><\/strong> Los universitarios comentaron que las experiencias educativas (EE) deportivas del periodo intersemestral de invierno, pertenecientes al \u00c1rea de Formaci\u00f3n de Elecci\u00f3n Libre (AFEL), no s\u00f3lo les ayudan a ejercitarse, tambi\u00e9n son pertinentes para reducir los niveles de estr\u00e9s provocados por la carga acad\u00e9mica.<\/p>\n<p>Daniela Mej\u00eda, de la Licenciatura en Cirujano Dentista; Francisco Ord\u00f3\u00f1ez Peralta, de Ciencias Pol\u00edticas; Anal\u00ed Landa Rivas, de Arquitectura, y Jes\u00fas, de Qu\u00edmica Farmac\u00e9utica Biol\u00f3gica, se animaron a cursar la EE Gimnasia Art\u00edstica porque les pareci\u00f3 una actividad deportiva y f\u00edsica diferente a las que siempre se ofrecen en estos periodos.<\/p>\n<p>Daniela dijo que durante el tiempo que ha estudiado no hab\u00eda tomado una EE deportiva y la gimnasia siempre le atrajo, as\u00ed que al presentarse esta oportunidad decidi\u00f3 tomarla e inscribirse.<\/p>\n<p>\u201cAhora me siento bien, m\u00e1s activa, me gusta mucho la clase, siento que he mejorado mi flexibilidad, es una clase muy completa. Tal vez en otro momento, si tuviera m\u00e1s tiempo, la retomar\u00eda porque me gusta mucho.\u201d<\/p>\n<p>Francisco expres\u00f3: \u201cQuer\u00eda una EE deportiva pero que fuera diferente a las que com\u00fanmente se ofrecen, se me ocurri\u00f3 gimnasia y hasta el momento ha sido una clase muy interesante, adem\u00e1s nos dan consejos para evitar golpes y lesiones\u201d.<\/p>\n<p>Consideraron que es positivo que la Universidad ponga a disposici\u00f3n de sus estudiantes EE f\u00edsicas y deportivas impartidas por excelentes profesores y, especialmente, que formen parte de los programas educativos porque a veces no tienen el tiempo suficiente para hacer alg\u00fan deporte.<\/p>\n<blockquote><p>\u201cEs bueno que impartan estas EE porque el AFEL hace que no solamente desarrollemos nuestras capacidades intelectuales, tambi\u00e9n nos invita a tener una buena condici\u00f3n f\u00edsica, que tengamos una formaci\u00f3n integral\u201d, expres\u00f3 Jes\u00fas.<\/p><\/blockquote>\n<p>Anal\u00ed Landa dijo que no s\u00f3lo se trata de una actividad que la ayuda a ejercitarse, m\u00e1s que eso, los distrae y disminuye sus niveles de estr\u00e9s, \u201ces muy entretenida\u201d.<\/p>\n<p>Las clases se imparten de lunes a viernes, de 15:00 a 18:00 horas, en la Sala A anexa al Gimnasio \u201cMiguel \u00c1ngel R\u00edos\u201d. En total son 23 los estudiantes inscritos.<\/p>\n<div id=\"attachment_41455\" style=\"width: 732px\" class=\"wp-caption aligncenter\"><a href=\"https:\/\/www.uv.mx\/prensa\/files\/2018\/01\/310118-Gimnasia-art\u00edstica-2.jpg\"><img loading=\"lazy\" decoding=\"async\" aria-describedby=\"caption-attachment-41455\" class=\"size-full wp-image-41455\" src=\"https:\/\/www.uv.mx\/prensa\/files\/2018\/01\/310118-Gimnasia-art\u00edstica-2.jpg\" alt=\"\" width=\"722\" height=\"482\" \/><\/a><p id=\"caption-attachment-41455\" class=\"wp-caption-text\">Francisco Ord\u00f3\u00f1ez, de Ciencias Pol\u00edticas<\/p><\/div>\n<p>&nbsp;<\/p>\n<div id=\"attachment_41459\" style=\"width: 732px\" class=\"wp-caption aligncenter\"><a href=\"https:\/\/www.uv.mx\/prensa\/files\/2018\/01\/310118-Gimnasia-art\u00edstica-3.jpg\"><img loading=\"lazy\" decoding=\"async\" aria-describedby=\"caption-attachment-41459\" class=\"size-full wp-image-41459\" src=\"https:\/\/www.uv.mx\/prensa\/files\/2018\/01\/310118-Gimnasia-art\u00edstica-3.jpg\" alt=\"\" width=\"722\" height=\"482\" \/><\/a><p id=\"caption-attachment-41459\" class=\"wp-caption-text\">Anal\u00ed Landa, de Arquitectura<\/p><\/div>\n","protected":false},"excerpt":{"rendered":"<p><strong><em>Paola Cort\u00e9s.-<\/em><\/strong> Los estudiantes eligen las experiencias deportivas porque no s\u00f3lo ayudan a ejercitarse y reducir el estr\u00e9s sino que les redit\u00faa cr\u00e9ditos.<\/p>\n","protected":false},"author":1869,"featured_media":41457,"comment_status":"closed","ping_status":"closed","sticky":false,"template":"","format":"standard","meta":{"footnotes":""},"categories":[12],"tags":[85],"class_list":["post-41453","post","type-post","status-publish","format-standard","has-post-thumbnail","hentry","category-deportes","tag-afel"],"_links":{"self":[{"href":"https:\/\/www.uv.mx\/prensa\/wp-json\/wp\/v2\/posts\/41453","targetHints":{"allow":["GET"]}}],"collection":[{"href":"https:\/\/www.uv.mx\/prensa\/wp-json\/wp\/v2\/posts"}],"about":[{"href":"https:\/\/www.uv.mx\/prensa\/wp-json\/wp\/v2\/types\/post"}],"author":[{"embeddable":true,"href":"https:\/\/www.uv.mx\/prensa\/wp-json\/wp\/v2\/users\/1869"}],"replies":[{"embeddable":true,"href":"https:\/\/www.uv.mx\/prensa\/wp-json\/wp\/v2\/comments?post=41453"}],"version-history":[{"count":0,"href":"https:\/\/www.uv.mx\/prensa\/wp-json\/wp\/v2\/posts\/41453\/revisions"}],"wp:featuredmedia":[{"embeddable":true,"href":"https:\/\/www.uv.mx\/prensa\/wp-json\/wp\/v2\/media\/41457"}],"wp:attachment":[{"href":"https:\/\/www.uv.mx\/prensa\/wp-json\/wp\/v2\/media?parent=41453"}],"wp:term":[{"taxonomy":"category","embeddable":true,"href":"https:\/\/www.uv.mx\/prensa\/wp-json\/wp\/v2\/categories?post=41453"},{"taxonomy":"post_tag","embeddable":true,"href":"https:\/\/www.uv.mx\/prensa\/wp-json\/wp\/v2\/tags?post=41453"}],"curies":[{"name":"wp","href":"https:\/\/api.w.org\/{rel}","templated":true}]}}