{"id":41435,"date":"2018-01-31T13:35:05","date_gmt":"2018-01-31T19:35:05","guid":{"rendered":"https:\/\/www.uv.mx\/prensa\/?p=41435"},"modified":"2018-01-31T13:35:05","modified_gmt":"2018-01-31T19:35:05","slug":"seminario-de-historia-intelectual-y-cultural-inicia-actividades","status":"publish","type":"post","link":"https:\/\/www.uv.mx\/prensa\/eventos\/seminario-de-historia-intelectual-y-cultural-inicia-actividades\/","title":{"rendered":"Seminario de Historia Intelectual y Cultural inicia actividades"},"content":{"rendered":"<ul>\n<li><em>En el IIH-S se presentar\u00e1 la conferencia \u201cArtistas h\u00fangaros en M\u00e9xico durante la Guerra Fr\u00eda\u201d, el 2 de febrero, a las 11:00 horas<\/em><\/li>\n<\/ul>\n<p>&nbsp;<\/p>\n<div id=\"attachment_41441\" style=\"width: 732px\" class=\"wp-caption aligncenter\"><a href=\"https:\/\/www.uv.mx\/prensa\/files\/2018\/01\/310118-Seminario-100k.jpg\"><img loading=\"lazy\" decoding=\"async\" aria-describedby=\"caption-attachment-41441\" class=\"size-full wp-image-41441\" src=\"https:\/\/www.uv.mx\/prensa\/files\/2018\/01\/310118-Seminario-100k.jpg\" alt=\"\" width=\"722\" height=\"1058\" srcset=\"https:\/\/www.uv.mx\/prensa\/files\/2018\/01\/310118-Seminario-100k.jpg 722w, https:\/\/www.uv.mx\/prensa\/files\/2018\/01\/310118-Seminario-100k-205x300.jpg 205w, https:\/\/www.uv.mx\/prensa\/files\/2018\/01\/310118-Seminario-100k-699x1024.jpg 699w\" sizes=\"auto, (max-width: 722px) 100vw, 722px\" \/><\/a><p id=\"caption-attachment-41441\" class=\"wp-caption-text\">Monika Szente-Vargas hablar\u00e1 de artistas h\u00fangaros en M\u00e9xico durante la Guerra Fr\u00eda<\/p><\/div>\n<p>&nbsp;<\/p>\n<p>&nbsp;<\/p>\n<p>&nbsp;<\/p>\n<p><strong><em>Karina de la Paz Reyes D\u00edaz<\/em><\/strong><\/p>\n<p>&nbsp;<\/p>\n<p><strong><em>30\/01\/2018, Xalapa, Ver.-<\/em><\/strong> El Seminario de Historia Intelectual\/Historia Cultural del Instituto de Investigaciones Hist\u00f3rico-Sociales (IIH-S) de la Universidad Veracruzana (UV) iniciar\u00e1 actividades este a\u00f1o con la conferencia \u201cArtistas h\u00fangaros en M\u00e9xico durante la Guerra Fr\u00eda\u201d, el viernes 2 de febrero a las 11:00 horas.<\/p>\n<p>Este seminario mensual est\u00e1 coordinado por miembros del cuerpo acad\u00e9mico (CA) Historia y Cultura, integrado por Rogelio de la Mora y Mayabel Ranero, del IIH-S, y Elissa Rashkin, del Centro de Estudios de la Cultura y la Comunicaci\u00f3n (CECC).<\/p>\n<p>El objetivo de este espacio acad\u00e9mico es favorecer el desarrollo de la historia desde la perspectiva de la historia intelectual y de la cultural, y es abierto a todo el p\u00fablico.<\/p>\n<p>En la primera sesi\u00f3n del a\u00f1o participar\u00e1 como ponente Monika Szente-Vargas, de la National University of Public Service, Hungr\u00eda, en la modalidad de videoconferencia.<\/p>\n<p>Cabe citar que como parte de sus actividades, el seminario tiene convocatoria abierta para participar en el II Coloquio \u201cIntelectuales y exilio iberoamericano\u201d, evento organizado en colaboraci\u00f3n con el Proyecto de Investigaci\u00f3n PAPIIT IG400117 \u201cDin\u00e1mica de los exilios en Iberoam\u00e9rica\u201d del Centro de Investigaciones sobre Am\u00e9rica Latina y el Caribe de la Universidad Nacional Aut\u00f3noma de M\u00e9xico.<\/p>\n<p>Para mayores informes sobre el quehacer del seminario consultar <a href=\"http:\/\/seminariodehistoria.wixsite.com\/shic\" target=\"_blank\" rel=\"noopener\">http:\/\/seminariodehistoria.wixsite.com\/shic<\/a>, y para sus actividades seguir en <em>Facebook<\/em> <a href=\"https:\/\/www.facebook.com\/seminariodehistoriaic\/\" target=\"_blank\" rel=\"noopener\">https:\/\/www.facebook.com\/seminariodehistoriaic\/<\/a><\/p>\n<p>El IIH-S de la UV est\u00e1 ubicado en la calle Diego Le\u00f1o n\u00famero 8, esquina con Bremont, en el centro de esta ciudad capital.<\/p>\n","protected":false},"excerpt":{"rendered":"<p><strong><em>Karina de la Paz Reyes D\u00edaz.-<\/em><\/strong> Este seminario lo coordinan miembros del cuerpo acad\u00e9mico (CA) Historia y Cultura, integrado por Rogelio de la Mora y Mayabel Ranero, del IIH-S, y Elissa Rashkin del (CECC).<\/p>\n","protected":false},"author":1869,"featured_media":41439,"comment_status":"closed","ping_status":"closed","sticky":false,"template":"","format":"standard","meta":{"footnotes":""},"categories":[47],"tags":[94,82],"class_list":["post-41435","post","type-post","status-publish","format-standard","has-post-thumbnail","hentry","category-eventos","tag-cecc","tag-iih-s"],"_links":{"self":[{"href":"https:\/\/www.uv.mx\/prensa\/wp-json\/wp\/v2\/posts\/41435","targetHints":{"allow":["GET"]}}],"collection":[{"href":"https:\/\/www.uv.mx\/prensa\/wp-json\/wp\/v2\/posts"}],"about":[{"href":"https:\/\/www.uv.mx\/prensa\/wp-json\/wp\/v2\/types\/post"}],"author":[{"embeddable":true,"href":"https:\/\/www.uv.mx\/prensa\/wp-json\/wp\/v2\/users\/1869"}],"replies":[{"embeddable":true,"href":"https:\/\/www.uv.mx\/prensa\/wp-json\/wp\/v2\/comments?post=41435"}],"version-history":[{"count":0,"href":"https:\/\/www.uv.mx\/prensa\/wp-json\/wp\/v2\/posts\/41435\/revisions"}],"wp:featuredmedia":[{"embeddable":true,"href":"https:\/\/www.uv.mx\/prensa\/wp-json\/wp\/v2\/media\/41439"}],"wp:attachment":[{"href":"https:\/\/www.uv.mx\/prensa\/wp-json\/wp\/v2\/media?parent=41435"}],"wp:term":[{"taxonomy":"category","embeddable":true,"href":"https:\/\/www.uv.mx\/prensa\/wp-json\/wp\/v2\/categories?post=41435"},{"taxonomy":"post_tag","embeddable":true,"href":"https:\/\/www.uv.mx\/prensa\/wp-json\/wp\/v2\/tags?post=41435"}],"curies":[{"name":"wp","href":"https:\/\/api.w.org\/{rel}","templated":true}]}}