{"id":41408,"date":"2018-01-31T11:19:26","date_gmt":"2018-01-31T17:19:26","guid":{"rendered":"https:\/\/www.uv.mx\/prensa\/?p=41408"},"modified":"2021-10-20T09:23:10","modified_gmt":"2021-10-20T14:23:10","slug":"para-mi-correr-significa-volar-rosalia-alavez","status":"publish","type":"post","link":"https:\/\/www.uv.mx\/prensa\/deportes\/para-mi-correr-significa-volar-rosalia-alavez\/","title":{"rendered":"Para m\u00ed, correr significa volar: Rosal\u00eda Alavez"},"content":{"rendered":"<ul>\n<li><em>La <\/em><em>asistente<\/em><em> del <\/em>Cechiver<em> se inici\u00f3 en el mundo deportivo, hace 10 a\u00f1os, con el fin de desestresarse<\/em><\/li>\n<\/ul>\n<div id=\"attachment_41331\" style=\"width: 732px\" class=\"wp-caption aligncenter\"><a href=\"https:\/\/www.uv.mx\/prensa\/files\/2018\/01\/FER_8220-100k.jpg\"><img loading=\"lazy\" decoding=\"async\" aria-describedby=\"caption-attachment-41331\" class=\"size-full wp-image-41331\" src=\"https:\/\/www.uv.mx\/prensa\/files\/2018\/01\/FER_8220-100k.jpg\" alt=\"Gan\u00f3 el segundo lugar en el Medio Marat\u00f3n Puerto de Veracruz, categor\u00eda Empleados y Estudiantes\" width=\"722\" height=\"483\" srcset=\"https:\/\/www.uv.mx\/prensa\/files\/2018\/01\/FER_8220-100k.jpg 722w, https:\/\/www.uv.mx\/prensa\/files\/2018\/01\/FER_8220-100k-300x201.jpg 300w\" sizes=\"auto, (max-width: 722px) 100vw, 722px\" \/><\/a><p id=\"caption-attachment-41331\" class=\"wp-caption-text\">Gan\u00f3 el segundo lugar en el Medio Marat\u00f3n Puerto de Veracruz, categor\u00eda Empleados y Estudiantes<\/p><\/div>\n<p><strong><em>Karina de la Paz Reyes D\u00edaz<\/em><\/strong><\/p>\n<p><strong><em>31\/01\/2018, Xalapa, Ver.-<\/em><\/strong> Hace 10 a\u00f1os Rosal\u00eda Alavez Cornejo era una mujer sumisa, introvertida, t\u00edmida, pero sobre todo viv\u00eda en constante estr\u00e9s; su esposo, quien es velocista, le sugiri\u00f3 que corriera en las ma\u00f1anas para menguar tal estado. Ella acept\u00f3 sin imaginar que iniciar\u00eda la aventura de entrenar todas las madrugadas, correr maratones, pero sobre todo sonre\u00edr. \u201cDesde que corro se me alegr\u00f3 la cara\u201d.<\/p>\n<p>Rosal\u00eda es secretaria ejecutiva del Centro de Estudios China-Veracruz (<em>Cechiver<\/em>) de la Universidad Veracruzana (UV) y su m\u00e1s reciente logro es el segundo lugar en la Categor\u00eda Empleados y Estudiantes UV de la 14 edici\u00f3n del Medio Marat\u00f3n Puerto de Veracruz, que se realiz\u00f3 el domingo 21 de enero. En la competencia participaron siete mil corredores del pa\u00eds y el extranjero. Adem\u00e1s, de todas las mujeres que participaron\u00a0ella fue la quinta en llegar a la meta.<\/p>\n<p>Rosal\u00eda nunca se imagin\u00f3 como corredora, pues ni de ni\u00f1a corri\u00f3; m\u00e1s bien, en la infancia ella y sus hermanos al salir de la escuela se iban a alcanzar a sus padres a la finca de caf\u00e9 que hasta la fecha poseen en Pacho Viejo.<\/p>\n<p>\u201cDe ni\u00f1a era muy gordita, obesa. En mi casa no \u00e9ramos de pasear o vacaciones, nada de eso. \u00c9ramos de ir a trabajar al campo. Crec\u00ed aqu\u00ed, en Xalapa, pero mis pap\u00e1s tienen fincas de caf\u00e9 en Pacho Viejo, entonces s\u00e1bado y domingo, las vacaciones de la escuela y las tardes, despu\u00e9s de clase, eran en la finca: cort\u00e1bamos caf\u00e9, jal\u00e1bamos el azad\u00f3n, pel\u00e1bamos varas, cort\u00e1bamos racimos de pl\u00e1tano, todo el tiempo haciendo trabajo de finca. En la casa no exist\u00eda eso de hacer ejercicio.\u201d<\/p>\n<p>Hasta la fecha, la corredora aprovecha las vacaciones para ayudar a sus pap\u00e1s, Inocencia y Pedro, a cortar caf\u00e9.<\/p>\n<p><strong>Empec\u00e9 a correr y mis facciones cambiaron<br \/>\n<\/strong>Rosal\u00eda es una corredora de fondo, dada su capacidad de resistencia, lo que le ha permitido participar en carreras de hasta 50 kil\u00f3metros. Lo describe as\u00ed: \u201cA m\u00ed me gusta correr mucho, mucho, hasta decir \u00a1Basta!, hasta cansarme, y de 21 kil\u00f3metros para arriba es que me canso\u201d.<\/p>\n<p>A la fecha, ha participado en seis maratones; un ultra marat\u00f3n de 50 kil\u00f3metros en donde logr\u00f3 un tercer lugar con un tiempo de seis horas con 24 minutos.<\/p>\n<p><strong><em>\u00bfCu\u00e1ndo empezaste a correr de manera profesional<\/em><\/strong>?<br \/>\nTodo empez\u00f3 porque me estreso mucho y mi esposo me dijo \u201cvete a correr, has ejercicio, eso te ayudar\u00e1\u201d, lo hice y llevo 10 a\u00f1os consecutivos. Empec\u00e9 caminando, luego trotando en el Estadio Xalape\u00f1o, ah\u00ed me encontr\u00e9 amigos; despu\u00e9s me invitaron a ser parte de un equipo y empec\u00e9 a correr. Posteriormente me fui a correr a la Unidad de Servicios Bibliotecarios y de Informaci\u00f3n (USBI) y ah\u00ed me encontr\u00e9 con otro grupo.<\/p>\n<p>Fue cuando conoc\u00ed a Ramos Herrera \u201cRamitos\u201d y desde hace dos a\u00f1os \u00e9l lleva mi preparaci\u00f3n.<\/p>\n<p><strong><em>\u00bfLa sugerencia de tu esposo funcion\u00f3?<br \/>\n<\/em><\/strong>\u00a1S\u00ed! Para empezar, yo era una persona muy t\u00edmida, seria, mis facciones eran de enojo. Incluso, mi hija me comentaba que sus amigas le dec\u00edan \u201cse ve que tu mam\u00e1 es bien enojona\u201d.<\/p>\n<p>A ra\u00edz de que empec\u00e9 a correr mis facciones cambiaron mucho, se me alegr\u00f3 la cara; soy otra persona, platico, socializo, soy un relajo. Aqu\u00ed en el trabajo todo el mundo me conoce por \u201cRosita\u201d y saben que corro.<\/p>\n<p>Con mis hijos me llevo muy bien (su hija tiene 22 a\u00f1os y su hijo 12), no es que antes me llevara mal, pero no era una persona expresiva.<\/p>\n<p><strong><em>\u00bfQu\u00e9 piensas mientras corres?<br \/>\n<\/em><\/strong>Me pasan muchas cosas por la mente; por ejemplo, le doy gracias a Dios y a la vida por haber conocido este m\u00e9todo de distracci\u00f3n. Adem\u00e1s, me ha permitido conocer a gente de todos los niveles, y lo bonito es que cuando corremos, todos somos corredores, ah\u00ed no hay licenciados, maestros o doctores. Tambi\u00e9n me ha dado mucha salud y muy pocas lesiones.<\/p>\n<p>En un principio un hermano me dec\u00eda \u201cest\u00e1s loca, qu\u00e9 ganas por andar corriendo, parecen desesperados\u201d, me criticaba; pero para m\u00ed correr significa volar, siento que vuelo, me relajo y ahora es como un vicio, porque el d\u00eda que no corro ando estresada.<\/p>\n<p><strong><em>\u00bfCu\u00e1ndo descubriste que eras corredora de fondo?<br \/>\n<\/em><\/strong>Por la energ\u00eda que tengo. Mi cuerpo me exig\u00eda m\u00e1s. A veces ten\u00eda problemas en casa, como cualquier otra persona, y me sal\u00eda a correr. Corr\u00eda y corr\u00eda, y cuando sent\u00eda que desahogaba todo es que regresaba a la casa. A m\u00ed me gusta correr distancias largas.<\/p>\n<p><strong><em>\u00bfQu\u00e9 te motiva a seguir trabajando en tu bienestar?<br \/>\n<\/em><\/strong>Vengo de una familia neur\u00f3tica y yo lo era, al ver a mis hijos crecer pienso que no quiero repetir lo que viv\u00ed. No quiero tratarlos como lo hicieron mis pap\u00e1s conmigo y el correr me ayuda a buscar otros panoramas.<\/p>\n<p><strong><em>\u00bfAlgo que desees destacar?<br \/>\n<\/em><\/strong>\u201cEl apoyo de mi esposo y la disciplina que se requiere para ser corredora de fondo. En mi caso, entreno de lunes a s\u00e1bado a partir de las 5:30 o 6:00 de la ma\u00f1ana; tras una hora u hora 15 minutos de correr, inician mis labores como mam\u00e1 y secretaria ejecutiva del <em>Cechiver<\/em>, cuya sede est\u00e1 en la USBI.<\/p>\n<p>Cuando depend\u00eda econ\u00f3micamente de mis padres, logr\u00e9 estudiar hasta la secundaria; posteriormente me volv\u00ed cultora de belleza y enseguida secretaria ejecutiva. Me he desempe\u00f1ado tambi\u00e9n en escuelas privadas e instituciones p\u00fablicas y desde hace ocho a\u00f1os soy UV.<\/p>\n<p>En a\u00f1os recientes estudi\u00e9 la preparatoria y este a\u00f1o mi prop\u00f3sito es participar en el examen de admisi\u00f3n para estudiar Contadur\u00eda en el Sistema de Ense\u00f1anza Abierta de esta casa de estudios. \u201c\u00a1Quiero ser contadora!\u201d.<\/p>\n<p>Una meta m\u00e1s para 2018, y para la cual me preparo, es hacer un duatl\u00f3n (correr a pie y en bicicleta).<\/p>\n<p>Los invito a que hagan ejercicio, no hay l\u00edmite de edad, correr es lo m\u00e1s hermoso que puede haber en la vida. Adem\u00e1s, hacer ejercicio no es por vanidad sino por salud\u201d.<\/p>\n","protected":false},"excerpt":{"rendered":"<p><strong><em>Karina Reyes.-<\/em><\/strong> La universitaria gan\u00f3 el segundo lugar en el Medio Marat\u00f3n Puerto de Veracruz, categor\u00eda Empleados y Estudiantes<\/p>\n","protected":false},"author":1775,"featured_media":41331,"comment_status":"closed","ping_status":"closed","sticky":false,"template":"","format":"standard","meta":{"footnotes":""},"categories":[12,13],"tags":[1673,1672,4015,1750,1751],"class_list":["post-41408","post","type-post","status-publish","format-standard","has-post-thumbnail","hentry","category-deportes","category-entrevista","tag-cechiver","tag-centro-de-estudios-china-veracruz","tag-karina-de-la-paz-reyes-diaz","tag-rosalia-alavez-cornejo","tag-secretaria-ejecutiva"],"_links":{"self":[{"href":"https:\/\/www.uv.mx\/prensa\/wp-json\/wp\/v2\/posts\/41408","targetHints":{"allow":["GET"]}}],"collection":[{"href":"https:\/\/www.uv.mx\/prensa\/wp-json\/wp\/v2\/posts"}],"about":[{"href":"https:\/\/www.uv.mx\/prensa\/wp-json\/wp\/v2\/types\/post"}],"author":[{"embeddable":true,"href":"https:\/\/www.uv.mx\/prensa\/wp-json\/wp\/v2\/users\/1775"}],"replies":[{"embeddable":true,"href":"https:\/\/www.uv.mx\/prensa\/wp-json\/wp\/v2\/comments?post=41408"}],"version-history":[{"count":1,"href":"https:\/\/www.uv.mx\/prensa\/wp-json\/wp\/v2\/posts\/41408\/revisions"}],"predecessor-version":[{"id":94288,"href":"https:\/\/www.uv.mx\/prensa\/wp-json\/wp\/v2\/posts\/41408\/revisions\/94288"}],"wp:featuredmedia":[{"embeddable":true,"href":"https:\/\/www.uv.mx\/prensa\/wp-json\/wp\/v2\/media\/41331"}],"wp:attachment":[{"href":"https:\/\/www.uv.mx\/prensa\/wp-json\/wp\/v2\/media?parent=41408"}],"wp:term":[{"taxonomy":"category","embeddable":true,"href":"https:\/\/www.uv.mx\/prensa\/wp-json\/wp\/v2\/categories?post=41408"},{"taxonomy":"post_tag","embeddable":true,"href":"https:\/\/www.uv.mx\/prensa\/wp-json\/wp\/v2\/tags?post=41408"}],"curies":[{"name":"wp","href":"https:\/\/api.w.org\/{rel}","templated":true}]}}