{"id":41365,"date":"2018-01-31T07:48:26","date_gmt":"2018-01-31T13:48:26","guid":{"rendered":"https:\/\/www.uv.mx\/prensa\/?p=41365"},"modified":"2018-01-31T08:58:19","modified_gmt":"2018-01-31T14:58:19","slug":"ecodialogo-coleccion-editorial","status":"publish","type":"post","link":"https:\/\/www.uv.mx\/prensa\/general\/ecodialogo-coleccion-editorial\/","title":{"rendered":"EcoDi\u00e1logo present\u00f3 colecci\u00f3n editorial"},"content":{"rendered":"<div id=\"attachment_41337\" style=\"width: 732px\" class=\"wp-caption aligncenter\"><a href=\"https:\/\/www.uv.mx\/prensa\/files\/2018\/01\/Eco-cuaderno-1-100k.jpg\"><img aria-describedby=\"caption-attachment-41337\" decoding=\"async\" loading=\"lazy\" class=\"size-full wp-image-41337\" src=\"https:\/\/www.uv.mx\/prensa\/files\/2018\/01\/Eco-cuaderno-1-100k.jpg\" alt=\"\" width=\"722\" height=\"482\" srcset=\"https:\/\/www.uv.mx\/prensa\/files\/2018\/01\/Eco-cuaderno-1-100k.jpg 722w, https:\/\/www.uv.mx\/prensa\/files\/2018\/01\/Eco-cuaderno-1-100k-300x200.jpg 300w\" sizes=\"(max-width: 722px) 100vw, 722px\" \/><\/a><p id=\"caption-attachment-41337\" class=\"wp-caption-text\">Los<em> Cuadernos EcoDi\u00e1logo<\/em> buscan difundir el quehacer de este centro universitario<\/p><\/div>\n<p>&nbsp;<\/p>\n<p><b><i>Karina de la Paz Reyes D\u00edaz<\/i><\/b><span>\u00a0<\/span><\/p>\n<p><span>\u00a0<\/span><\/p>\n<p><b><i>31\/01\/2018, Xalapa, Ver.-<\/i><\/b> El Centro de EcoAlfabetizaci\u00f3n y Di\u00e1logo de Saberes (<i>EcoDi\u00e1logo<\/i>) de la Universidad Veracruzana (UV) present\u00f3 su colecci\u00f3n editorial, misma que desde su creaci\u00f3n en 2010 tiene el prop\u00f3sito de dar a conocer el quehacer de estudiantes e investigadores de esta entidad acad\u00e9mica.<span>\u00a0<\/span><\/p>\n<p>El evento se desarroll\u00f3 el 22 de enero en la Palapa de <i>Ecodi\u00e1logo<\/i>, ubicada en el Campus para la Cultura, las Artes y el Deporte, y tuvo entre sus primeras actividades la presentaci\u00f3n musical del ensamble de jaranas con estudiantes de la Maestr\u00eda en Estudios Transdisciplinarios para la Sostenibilidad.<span>\u00a0<\/span><\/p>\n<p>De acuerdo con el coordinador general de <i>EcoDi\u00e1logo<\/i>, Helio Manuel Garc\u00eda Campos, se trata de dejar constancia de que habr\u00e1 un trabajo intensivo de producci\u00f3n editorial, \u201cqueremos darlo a conocer de la manera m\u00e1s oportuna a la comunidad universitaria y p\u00fablico en general, para que puedan tener acceso a estos materiales que cuentan, de alguna manera, la historia de las diferentes generaciones de la maestr\u00eda\u201d, dijo.<span>\u00a0<\/span><\/p>\n<p>La presentaci\u00f3n general de la colecci\u00f3n estuvo a cargo de la investigadora y una de las fundadoras de esta entidad educativa, Cristina N\u00fa\u00f1ez Madrazo, quien precis\u00f3 que <i>Cuadernos <\/i><i>EcoDi\u00e1logo<\/i> inici\u00f3 a la par del centro mismo, a partir de 2010.<span>\u00a0<\/span><\/p>\n<p>N\u00fa\u00f1ez Madrazo remarc\u00f3 que los <i>Cuadernos <\/i><i>Eco<\/i><i>D<\/i><i>i\u00e1logo<\/i> nacieron con la intenci\u00f3n de difundir la perspectiva de lo que es <i>EcoDi\u00e1logo<\/i> y la Maestr\u00eda en Estudios Transdisciplinarios para la Sostenibilidad.<span>\u00a0<\/span><\/p>\n<p>Dijo tambi\u00e9n que el prop\u00f3sito, desde el inicio de la colecci\u00f3n, es dar a conocer la perspectiva epistemol\u00f3gica, transdisciplinaria, colaborativa y de formaci\u00f3n, as\u00ed como la investigaci\u00f3n que se realiza en <i>EcoDi\u00e1logo<\/i>.<span>\u00a0<\/span><\/p>\n<p>\u201cEs un trabajo de investigaci\u00f3n acad\u00e9mica, pero acompa\u00f1ada de procesos formativos, y esto es lo que se manifiesta claramente en los seis n\u00fameros.\u201d<span>\u00a0<\/span><\/p>\n<p>Cada uno de los cuadernos fue presentado por personas que colaboraron en su elaboraci\u00f3n: <i>Miradas a la vida comunitaria. Vivencias de autoconocimiento y otredad<\/i>, lo present\u00f3 Jes\u00fas Argenis Mu\u00f1oz L\u00f3pez; <i>Dos murales en El Conejo. Taller creativo y comunitario<\/i>, Arely Le\u00f3n S\u00e1nchez; <i>Conversaciones sobre nuestra <\/i><i>historia<\/i><i>. Los talleres en <\/i><i>Chil<\/i><i>t<\/i><i>oyac<\/i>, Isabel Castillo Cervantes.<span>\u00a0<\/span><\/p>\n<p>Asimismo, <i>Haciendo y reaprendiendo para transformar. La indagaci\u00f3n cooperativa en la pedagog\u00eda<\/i>, lo present\u00f3 Eduardo Ruiz Cervantes; <i>El buen vivir. Despertando conciencias<\/i>, Krystyna Barbara Paradowska e Isabel Selene Ceballos Rinc\u00f3n, e <i>Interacciones planta-animal. Una aproximaci\u00f3n epist\u00e9mica y fenomenol\u00f3gica a la complejidad<\/i>, Ang\u00e9lica Mar\u00eda Hern\u00e1ndez S\u00e1nchez y Manuel Arturo Richard Morales.<span>\u00a0<\/span><\/p>\n<p>Como parte de este evento, el acad\u00e9mico Alejandro S\u00e1nchez Vigil desarroll\u00f3 un juego escrito y se distribuyeron ejemplares de manera gratuita.<span>\u00a0<\/span><\/p>\n<p>Las personas interesadas en los <i>Cuadernos <\/i><i>Eco<\/i><i>D<\/i><i>i\u00e1logo<\/i> pueden acudir a esta entidad acad\u00e9mica, ubicada en el Campus para la Cultura, las Artes y el Deporte, en Xalapa.<\/p>\n<p>&nbsp;<\/p>\n<div id=\"attachment_41338\" style=\"width: 732px\" class=\"wp-caption aligncenter\"><a href=\"https:\/\/www.uv.mx\/prensa\/files\/2018\/01\/Eco-cuaderno-2-100k.jpg\"><img aria-describedby=\"caption-attachment-41338\" decoding=\"async\" loading=\"lazy\" class=\"size-full wp-image-41338\" src=\"https:\/\/www.uv.mx\/prensa\/files\/2018\/01\/Eco-cuaderno-2-100k.jpg\" alt=\"\" width=\"722\" height=\"482\" srcset=\"https:\/\/www.uv.mx\/prensa\/files\/2018\/01\/Eco-cuaderno-2-100k.jpg 722w, https:\/\/www.uv.mx\/prensa\/files\/2018\/01\/Eco-cuaderno-2-100k-300x200.jpg 300w\" sizes=\"(max-width: 722px) 100vw, 722px\" \/><\/a><p id=\"caption-attachment-41338\" class=\"wp-caption-text\">Estudiantes de la Maestr\u00eda en Estudios Transdisciplinarios para la Sostenibilidad interpretaron m\u00fasica tradicional<\/p><\/div>\n<p>&nbsp;<\/p>\n","protected":false},"excerpt":{"rendered":"<p><strong><em>Karina Reyes.-<\/em><\/strong> Se trata de seis cuadernos cuyo prop\u00f3sito es dar a conocer la perspectiva transdisciplinaria de esta entidad universitaria<\/p>\n","protected":false},"author":1508,"featured_media":41337,"comment_status":"closed","ping_status":"closed","sticky":false,"template":"","format":"standard","meta":[],"categories":[1],"tags":[81],"_links":{"self":[{"href":"https:\/\/www.uv.mx\/prensa\/wp-json\/wp\/v2\/posts\/41365"}],"collection":[{"href":"https:\/\/www.uv.mx\/prensa\/wp-json\/wp\/v2\/posts"}],"about":[{"href":"https:\/\/www.uv.mx\/prensa\/wp-json\/wp\/v2\/types\/post"}],"author":[{"embeddable":true,"href":"https:\/\/www.uv.mx\/prensa\/wp-json\/wp\/v2\/users\/1508"}],"replies":[{"embeddable":true,"href":"https:\/\/www.uv.mx\/prensa\/wp-json\/wp\/v2\/comments?post=41365"}],"version-history":[{"count":0,"href":"https:\/\/www.uv.mx\/prensa\/wp-json\/wp\/v2\/posts\/41365\/revisions"}],"wp:featuredmedia":[{"embeddable":true,"href":"https:\/\/www.uv.mx\/prensa\/wp-json\/wp\/v2\/media\/41337"}],"wp:attachment":[{"href":"https:\/\/www.uv.mx\/prensa\/wp-json\/wp\/v2\/media?parent=41365"}],"wp:term":[{"taxonomy":"category","embeddable":true,"href":"https:\/\/www.uv.mx\/prensa\/wp-json\/wp\/v2\/categories?post=41365"},{"taxonomy":"post_tag","embeddable":true,"href":"https:\/\/www.uv.mx\/prensa\/wp-json\/wp\/v2\/tags?post=41365"}],"curies":[{"name":"wp","href":"https:\/\/api.w.org\/{rel}","templated":true}]}}