{"id":40900,"date":"2018-01-24T13:45:01","date_gmt":"2018-01-24T19:45:01","guid":{"rendered":"https:\/\/www.uv.mx\/prensa\/?p=40900"},"modified":"2018-01-24T13:48:34","modified_gmt":"2018-01-24T19:48:34","slug":"primera-temporada-de-conciertos-osx-2018","status":"publish","type":"post","link":"https:\/\/www.uv.mx\/prensa\/general\/primera-temporada-de-conciertos-osx-2018\/","title":{"rendered":"Primera Temporada de conciertos: OSX 2018"},"content":{"rendered":"<ul>\n<li><em>De enero a julio interpretar\u00e1 grandes obras de alto nivel t\u00e9cnico e interpretativo, y un extenso repertorio mexicano<\/em><\/li>\n<\/ul>\n<p>&nbsp;<\/p>\n<div id='gallery-1' class='gallery galleryid-40900 gallery-columns-2 gallery-size-full'><dl class='gallery-item'>\n\t\t\t<dt class='gallery-icon landscape'>\n\t\t\t\t<a href='https:\/\/www.uv.mx\/prensa\/files\/2018\/01\/Primera-Temporada-OSX-1100k.jpg'><img loading=\"lazy\" decoding=\"async\" width=\"722\" height=\"482\" src=\"https:\/\/www.uv.mx\/prensa\/files\/2018\/01\/Primera-Temporada-OSX-1100k.jpg\" class=\"attachment-full size-full\" alt=\"\" aria-describedby=\"gallery-1-40905\" srcset=\"https:\/\/www.uv.mx\/prensa\/files\/2018\/01\/Primera-Temporada-OSX-1100k.jpg 722w, https:\/\/www.uv.mx\/prensa\/files\/2018\/01\/Primera-Temporada-OSX-1100k-300x200.jpg 300w\" sizes=\"auto, (max-width: 722px) 100vw, 722px\" \/><\/a>\n\t\t\t<\/dt>\n\t\t\t\t<dd class='wp-caption-text gallery-caption' id='gallery-1-40905'>\n\t\t\t\tLanfranco Marcelletti, director de la OSX, anunci\u00f3 el inicio de la Primera Temporada de conciertos\n\t\t\t\t<\/dd><\/dl><dl class='gallery-item'>\n\t\t\t<dt class='gallery-icon landscape'>\n\t\t\t\t<a href='https:\/\/www.uv.mx\/prensa\/files\/2018\/01\/Primera-Temporada-OSX-2100k.jpg'><img loading=\"lazy\" decoding=\"async\" width=\"722\" height=\"482\" src=\"https:\/\/www.uv.mx\/prensa\/files\/2018\/01\/Primera-Temporada-OSX-2100k.jpg\" class=\"attachment-full size-full\" alt=\"\" aria-describedby=\"gallery-1-40906\" srcset=\"https:\/\/www.uv.mx\/prensa\/files\/2018\/01\/Primera-Temporada-OSX-2100k.jpg 722w, https:\/\/www.uv.mx\/prensa\/files\/2018\/01\/Primera-Temporada-OSX-2100k-300x200.jpg 300w\" sizes=\"auto, (max-width: 722px) 100vw, 722px\" \/><\/a>\n\t\t\t<\/dt>\n\t\t\t\t<dd class='wp-caption-text gallery-caption' id='gallery-1-40906'>\n\t\t\t\tMonserrat S\u00e1nchez Herrera, Rodolfo Mendoza Rosendo, Lanfranco Marcelletti y Rodrigo \u00c1lvarez Rangel\n\t\t\t\t<\/dd><\/dl><br style=\"clear: both\" \/>\n\t\t<\/div>\n\n<p>&nbsp;<\/p>\n<p><strong><em>Claudia Peralta V\u00e1zquez<\/em><\/strong><\/p>\n<p>&nbsp;<\/p>\n<p><strong><em>24\/01\/18, Xalapa, Ver.-<\/em><\/strong> <em>Una noche fant\u00e1stica<\/em> es el nombre del programa con el que la Orquesta Sinf\u00f3nica de Xalapa (OSX) inicia el viernes 26 de enero la Primera Temporada de conciertos 2018, que incluir\u00e1 un repertorio de grandes obras de alto nivel t\u00e9cnico e interpretativo y estrenos mundiales.<\/p>\n<p>En rueda de prensa, Lanfranco Marcelletti, director de la OSX, anunci\u00f3 que la sala Tlaqn\u00e1, Centro Cultural, se encuentra lista para recibir cada viernes y hasta julio, a mil 200 personas que deseen disfrutar de la interpretaci\u00f3n musical y orquestal de obras conocidas de Beethoven, Mahler y Mendelssohn.<\/p>\n<p>Los asistentes apreciar\u00e1n m\u00fasica nueva y la selecci\u00f3n de un repertorio mexicano de compositores como Manuel M. Ponce y Silvestre Revueltas.<\/p>\n<p>Tambi\u00e9n se dar\u00e1 proyecci\u00f3n a obras de otros talentos mexicanos de la talla de Gustavo Adolfo Larrea, Eduardo Gamboa, Gabriela Ortiz, Federico Ibarra, Mario Lavista, Pablo Teutli, Hermilio Hern\u00e1ndez y Eduardo Angulo.<\/p>\n<p>Ante representantes de diversos medios de comunicaci\u00f3n, dio a conocer que para dirigir este programa se contar\u00e1 con la participaci\u00f3n de reconocidos directores internacionales de origen italiano, franc\u00e9s, belga, espa\u00f1ol y mexicano, entre ellos: Sylvain Gasancon, Gabriela D\u00edaz Alatriste, Guido Mar\u00eda Guida, Jos\u00e9 Luis Castillo, Noam Zur, Jos\u00e9 Are\u00e1n y Rolland Zollman.<\/p>\n<p>Respecto al concierto del viernes 26 de enero, que iniciar\u00e1 a las 20:30 horas, Marcelletti \u00a0inform\u00f3 que contempla las obras: <em>Tres preludios sinf\u00f3nicos<\/em>, del compositor de origen veracruzano Ra\u00fal Ladr\u00f3n de Guevara, miembro fundador de la OSX; <em>Concierto para percusiones<\/em>, de Rusell Peck; <em>Scherzo caprichoso<\/em>, de Anton Dvorak, y para cerrar la noche se ejecutar\u00e1 la pieza inspirada por la obra de William Shakespeare, <em>Obertura Fantas\u00eda Romeo y Julieta<\/em>, de Piotr Chaikovski.<\/p>\n<p>\u201cComo siempre, intentamos traer cosas nuevas y diferentes, no s\u00f3lo en cuesti\u00f3n de programa sino de artistas\u201d, expres\u00f3 Marcelletti.<\/p>\n<p>Rodrigo \u00c1lvarez Rangel, timbalista principal de la OSX, garantiz\u00f3 el \u00e9xito del estreno en el estado de Veracruz de la obra <em>The Glory and the Grandeur<\/em>, del compositor norteamericano nacido en 1945, Rusell Peck.<\/p>\n<p>Destac\u00f3 que dentro de la audici\u00f3n de <em>Una noche fant\u00e1stica<\/em>, el escenario se inundar\u00e1 de instrumentos de percusi\u00f3n como xil\u00f3fono, vibr\u00e1fono, marimba, campanas, platillos y platillos chinos de la \u00d3pera de Pek\u00edn.<\/p>\n<p>La percusi\u00f3n es muy visual y teatral, dijo, y junto con \u00e9l participar\u00e1n los solistas Juli\u00e1n Romero y Esteban Solano Casillas, percusionistas de la Orquesta Sinf\u00f3nica Nacional (OSN), quienes reconocieron la ac\u00fastica de Tlaqn\u00e1.<\/p>\n<p>Rodolfo Mendoza Rosendo, director general de Difusi\u00f3n Cultural de la Universidad Veracruzana (UV), invit\u00f3 a la sociedad en general y a la comunidad universitaria a asistir a esta Primera Temporada que comprende los meses de enero a julio.<\/p>\n<p>En la rueda de prensa tambi\u00e9n particip\u00f3 Monserrat S\u00e1nchez Herrera, directora de Grupos Art\u00edsticos de la UV.<\/p>\n<p>&nbsp;<\/p>\n","protected":false},"excerpt":{"rendered":"<p><strong><em>Claudia Peralta.-<\/em><\/strong>La OSX inicia su temporada de conciertos este 26 de enero con Una noche fant\u00e1stica; espera a mil 200 personas de esta fecha y hasta el cierre de la temporada, en julio.<\/p>\n","protected":false},"author":1810,"featured_media":40901,"comment_status":"closed","ping_status":"closed","sticky":false,"template":"","format":"standard","meta":{"footnotes":""},"categories":[1],"tags":[3],"class_list":["post-40900","post","type-post","status-publish","format-standard","has-post-thumbnail","hentry","category-general","tag-secundarias"],"_links":{"self":[{"href":"https:\/\/www.uv.mx\/prensa\/wp-json\/wp\/v2\/posts\/40900","targetHints":{"allow":["GET"]}}],"collection":[{"href":"https:\/\/www.uv.mx\/prensa\/wp-json\/wp\/v2\/posts"}],"about":[{"href":"https:\/\/www.uv.mx\/prensa\/wp-json\/wp\/v2\/types\/post"}],"author":[{"embeddable":true,"href":"https:\/\/www.uv.mx\/prensa\/wp-json\/wp\/v2\/users\/1810"}],"replies":[{"embeddable":true,"href":"https:\/\/www.uv.mx\/prensa\/wp-json\/wp\/v2\/comments?post=40900"}],"version-history":[{"count":0,"href":"https:\/\/www.uv.mx\/prensa\/wp-json\/wp\/v2\/posts\/40900\/revisions"}],"wp:featuredmedia":[{"embeddable":true,"href":"https:\/\/www.uv.mx\/prensa\/wp-json\/wp\/v2\/media\/40901"}],"wp:attachment":[{"href":"https:\/\/www.uv.mx\/prensa\/wp-json\/wp\/v2\/media?parent=40900"}],"wp:term":[{"taxonomy":"category","embeddable":true,"href":"https:\/\/www.uv.mx\/prensa\/wp-json\/wp\/v2\/categories?post=40900"},{"taxonomy":"post_tag","embeddable":true,"href":"https:\/\/www.uv.mx\/prensa\/wp-json\/wp\/v2\/tags?post=40900"}],"curies":[{"name":"wp","href":"https:\/\/api.w.org\/{rel}","templated":true}]}}