{"id":40842,"date":"2018-01-24T11:18:30","date_gmt":"2018-01-24T17:18:30","guid":{"rendered":"https:\/\/www.uv.mx\/prensa\/?p=40842"},"modified":"2018-01-26T17:30:09","modified_gmt":"2018-01-26T23:30:09","slug":"region-veracruz-participa-en-la-elaboracion-del-pte","status":"publish","type":"post","link":"https:\/\/www.uv.mx\/prensa\/regiones\/veracruz\/region-veracruz-participa-en-la-elaboracion-del-pte\/","title":{"rendered":"Regi\u00f3n Veracruz participa  en la elaboraci\u00f3n del PTE"},"content":{"rendered":"<p>&nbsp;<\/p>\n<div id=\"attachment_40848\" style=\"width: 732px\" class=\"wp-caption aligncenter\"><a href=\"https:\/\/www.uv.mx\/prensa\/files\/2018\/01\/PTE-1-240118-ok.jpg\"><img loading=\"lazy\" decoding=\"async\" aria-describedby=\"caption-attachment-40848\" class=\"size-full wp-image-40848\" src=\"https:\/\/www.uv.mx\/prensa\/files\/2018\/01\/PTE-1-240118-ok.jpg\" alt=\"\" width=\"722\" height=\"267\" srcset=\"https:\/\/www.uv.mx\/prensa\/files\/2018\/01\/PTE-1-240118-ok.jpg 722w, https:\/\/www.uv.mx\/prensa\/files\/2018\/01\/PTE-1-240118-ok-300x111.jpg 300w\" sizes=\"auto, (max-width: 722px) 100vw, 722px\" \/><\/a><p id=\"caption-attachment-40848\" class=\"wp-caption-text\">La comunidad de la regi\u00f3n Veracruz participa en la elaboraci\u00f3n del PTE<\/p><\/div>\n<p>&nbsp;<\/p>\n<p><strong><em>24\/01\/2017, Veracruz, Ver.-<\/em><\/strong> Directivos y funcionarios de la regi\u00f3n Veracruz de la Universidad Veracruzana (UV) participaron activamente en la elaboraci\u00f3n del Programa de Trabajo Estrat\u00e9gico (PTE) 2017-2021, el viernes 19 de enero en la Unidad de Servicios Bibliotecarios y de Informaci\u00f3n (USBI).<\/p>\n<p>La comunidad present\u00f3 propuestas innovadoras para integrarlas al PTE, ante la presencia de la rectora Sara Ladr\u00f3n de Guevara; la secretaria Acad\u00e9mica, Magdalena Hern\u00e1ndez Alarc\u00f3n; el secretario de Administraci\u00f3n y Finanzas, Salvador Tapia Spinoso; el secretario de Desarrollo Institucional, Octavio Ochoa Contreras, y la directora de Planeaci\u00f3n Institucional, Laura Mart\u00ednez M\u00e1rquez.<\/p>\n<p>El vicerrector Alfonso P\u00e9rez Morales manifest\u00f3 el inter\u00e9s de la comunidad por realizar aportaciones al PTE, las cuales coadyuven a la consolidaci\u00f3n y mejora de la Universidad. En tanto que los directores mencionaron que elaboraron propuestas acordes a los cuatro ejes estrat\u00e9gicos propuestos por la Rectora, a fin de impulsar el desarrollo institucional.<\/p>\n<p>Asimismo, invitaron a la comunidad universitaria a plasmar sus ideas innovadoras a trav\u00e9s de la p\u00e1gina en l\u00ednea <a href=\"https:\/\/www.uv.mx\/pte2017-2021\/\">https:\/\/www.uv.mx\/pte2017-2021\/<\/a><\/p>\n<p>&nbsp;<\/p>\n<div id=\"attachment_40850\" style=\"width: 732px\" class=\"wp-caption aligncenter\"><a href=\"https:\/\/www.uv.mx\/prensa\/files\/2018\/01\/PTE-2-240118-ok.jpg\"><img loading=\"lazy\" decoding=\"async\" aria-describedby=\"caption-attachment-40850\" class=\"size-full wp-image-40850\" src=\"https:\/\/www.uv.mx\/prensa\/files\/2018\/01\/PTE-2-240118-ok.jpg\" alt=\"\" width=\"722\" height=\"267\" srcset=\"https:\/\/www.uv.mx\/prensa\/files\/2018\/01\/PTE-2-240118-ok.jpg 722w, https:\/\/www.uv.mx\/prensa\/files\/2018\/01\/PTE-2-240118-ok-300x111.jpg 300w\" sizes=\"auto, (max-width: 722px) 100vw, 722px\" \/><\/a><p id=\"caption-attachment-40850\" class=\"wp-caption-text\">El Vicerrector destac\u00f3 la importancia de la participaci\u00f3n de la comunidad<\/p><\/div>\n","protected":false},"excerpt":{"rendered":"<p>Las aportaciones de la comunidad coadyuvan a la consolidaci\u00f3n y mejora de la Universidad, a fin de impulsar el desarrollo institucional.<\/p>\n","protected":false},"author":1810,"featured_media":41124,"comment_status":"closed","ping_status":"closed","sticky":false,"template":"","format":"standard","meta":{"footnotes":""},"categories":[61,55],"tags":[62,63],"class_list":["post-40842","post","type-post","status-publish","format-standard","has-post-thumbnail","hentry","category-banner","category-veracruz","tag-pte","tag-veracruz"],"_links":{"self":[{"href":"https:\/\/www.uv.mx\/prensa\/wp-json\/wp\/v2\/posts\/40842","targetHints":{"allow":["GET"]}}],"collection":[{"href":"https:\/\/www.uv.mx\/prensa\/wp-json\/wp\/v2\/posts"}],"about":[{"href":"https:\/\/www.uv.mx\/prensa\/wp-json\/wp\/v2\/types\/post"}],"author":[{"embeddable":true,"href":"https:\/\/www.uv.mx\/prensa\/wp-json\/wp\/v2\/users\/1810"}],"replies":[{"embeddable":true,"href":"https:\/\/www.uv.mx\/prensa\/wp-json\/wp\/v2\/comments?post=40842"}],"version-history":[{"count":0,"href":"https:\/\/www.uv.mx\/prensa\/wp-json\/wp\/v2\/posts\/40842\/revisions"}],"wp:featuredmedia":[{"embeddable":true,"href":"https:\/\/www.uv.mx\/prensa\/wp-json\/wp\/v2\/media\/41124"}],"wp:attachment":[{"href":"https:\/\/www.uv.mx\/prensa\/wp-json\/wp\/v2\/media?parent=40842"}],"wp:term":[{"taxonomy":"category","embeddable":true,"href":"https:\/\/www.uv.mx\/prensa\/wp-json\/wp\/v2\/categories?post=40842"},{"taxonomy":"post_tag","embeddable":true,"href":"https:\/\/www.uv.mx\/prensa\/wp-json\/wp\/v2\/tags?post=40842"}],"curies":[{"name":"wp","href":"https:\/\/api.w.org\/{rel}","templated":true}]}}