{"id":40829,"date":"2018-01-24T10:51:56","date_gmt":"2018-01-24T16:51:56","guid":{"rendered":"https:\/\/www.uv.mx\/prensa\/?p=40829"},"modified":"2018-01-24T10:51:56","modified_gmt":"2018-01-24T16:51:56","slug":"academicos-uv-perfeccionan-sus-saberes-digitales","status":"publish","type":"post","link":"https:\/\/www.uv.mx\/prensa\/general\/academicos-uv-perfeccionan-sus-saberes-digitales\/","title":{"rendered":"Acad\u00e9micos UV perfeccionan sus saberes digitales"},"content":{"rendered":"<ul>\n<li><em>Participaron 130 profesores de licenciatura del \u00c1rea Acad\u00e9mica T\u00e9cnica y de la Direcci\u00f3n General de Investigaciones<\/em><\/li>\n<\/ul>\n<p><em>\u00a0<\/em><\/p>\n<div id=\"attachment_40831\" style=\"width: 732px\" class=\"wp-caption aligncenter\"><a href=\"https:\/\/www.uv.mx\/prensa\/files\/2018\/01\/Inauguracion-taller-saberes-digitales-240118-ok.jpg\"><img loading=\"lazy\" decoding=\"async\" aria-describedby=\"caption-attachment-40831\" class=\"size-full wp-image-40831\" src=\"https:\/\/www.uv.mx\/prensa\/files\/2018\/01\/Inauguracion-taller-saberes-digitales-240118-ok.jpg\" alt=\"\" width=\"722\" height=\"380\" srcset=\"https:\/\/www.uv.mx\/prensa\/files\/2018\/01\/Inauguracion-taller-saberes-digitales-240118-ok.jpg 722w, https:\/\/www.uv.mx\/prensa\/files\/2018\/01\/Inauguracion-taller-saberes-digitales-240118-ok-300x158.jpg 300w\" sizes=\"auto, (max-width: 722px) 100vw, 722px\" \/><\/a><p id=\"caption-attachment-40831\" class=\"wp-caption-text\">Alberto Ram\u00edrez, Miguel \u00c1ngel Casillas y Ram\u00f3n Segura en la jornada inicial del Taller de Saberes Digitales<\/p><\/div>\n<p>&nbsp;<\/p>\n<p><strong><em>David Sandoval Rodr\u00edguez<\/em><\/strong><\/p>\n<p>&nbsp;<\/p>\n<p><strong><em>24\/01\/2018, Xalapa, Ver.-<\/em><\/strong> El prop\u00f3sito de realizar el Taller de Saberes Digitales con acad\u00e9micos de la Universidad Veracruzana (UV), es generar un sustento para la toma de decisiones relativas a la tecnolog\u00eda y uso de <em>software<\/em> a partir de las necesidades disciplinarias espec\u00edficas, manifest\u00f3 Alberto Ram\u00edrez Martinell, acad\u00e9mico del Programa de Investigaci\u00f3n e Innovaci\u00f3n en Educaci\u00f3n Superior (PIIES) de esta casa de estudios.<\/p>\n<p>En la inauguraci\u00f3n del evento, que tuvo lugar el martes 23 de enero en la Unidad de Servicios Bibliotecarios y de Informaci\u00f3n (USBI), Ram\u00f3n Segura Contreras, coordinador acad\u00e9mico de la Direcci\u00f3n General del \u00c1rea Acad\u00e9mica T\u00e9cnica, subray\u00f3 la importancia de la experiencia que redundar\u00e1 en la conformaci\u00f3n actualizada del perfil de egreso.<\/p>\n<p>El taller es producto de la vinculaci\u00f3n entre el \u00c1rea Acad\u00e9mica T\u00e9cnica, la Direcci\u00f3n General de Investigaciones (DGI) y la Direcci\u00f3n General de Desarrollo Acad\u00e9mico e Innovaci\u00f3n Educativa (DGDAIE).<\/p>\n<p>Estuvo dirigido a profesores e investigadores adscritos a la DGI y de los 12 programas educativos del \u00c1rea Acad\u00e9mica T\u00e9cnica en la regi\u00f3n Xalapa, que debido al inter\u00e9s de los mismos se articul\u00f3 en dos sesiones, la primera de ellas realizada en la USBI y la segunda en la Facultad de Ciencias Qu\u00edmicas contando con 130 acad\u00e9micos registrados.<\/p>\n<p>La vinculaci\u00f3n de las Tecnolog\u00edas de la Informaci\u00f3n y la Comunicaci\u00f3n (TIC) con el perfil de egreso de los programas educativos del \u00c1rea Acad\u00e9mica T\u00e9cnica se hace realmente necesaria para enfrentar la cuarta revoluci\u00f3n industrial que estamos viviendo, afirm\u00f3 el Coordinador Acad\u00e9mico.<\/p>\n<p>\u201cLa semana pasada una acreditadora del Consejo de Acreditaci\u00f3n de la Ense\u00f1anza de la Ingenier\u00eda, A.C. (<em>Cacei<\/em>), coment\u00f3 en una reuni\u00f3n que un ingeniero no puede considerarse apto si no domina otro idioma y las tecnolog\u00edas, por eso es de suma importancia que se desarrollen en nuestra instituci\u00f3n\u201d, dijo.<\/p>\n<p>El taller fue impartido por Ram\u00edrez Martinell y Miguel \u00c1ngel Casillas Alvarado, tambi\u00e9n del PIIES, cuyos temas de investigaci\u00f3n se articulan en tres \u00e1reas: la tecnolog\u00eda educativa, el dise\u00f1o de estrategias y herramientas digitales y educativas y las TIC para el desarrollo.<\/p>\n<p>Segura Contreras dijo que estos talleres no solamente ayudar\u00e1n a implementar procesos de ense\u00f1anza-aprendizaje acordes con las necesidades personales de cada acad\u00e9mico, sino tambi\u00e9n beneficiar\u00e1n en la docencia.<\/p>\n<p>Por su parte, Alberto Ram\u00edrez explic\u00f3 que el taller incluy\u00f3 lecturas y proyecci\u00f3n de audiovisuales, dos ponencias y posteriormente un taller donde trabajaron en equipos integrados por profesores de distintas licenciaturas, quienes discutieron sobre el uso de cada uno de los saberes digitales dentro de los programas acad\u00e9micos del \u00c1rea Acad\u00e9mica T\u00e9cnica.<\/p>\n<p>Coment\u00f3 que en otros talleres que han realizado la diferencia en los saberes digitales radica principalmente en el <em>software<\/em> especializado y en la literacidad digital, en el resto de los saberes digitales hay un rasgo disciplinario mayor que se debe tratar de forma espec\u00edfica.<\/p>\n<p>En la segunda sesi\u00f3n se aborda el tema del <em>software<\/em> especializado y, con base en las respuestas que han tenido en otras universidades, \u00e9ste depender\u00e1 de las necesidades y decisiones del grupo que obtiene los recursos o del profesor que lo utiliza.<\/p>\n<p>\u201cComo no lo hemos discutido, no lo hemos puesto en blanco y negro, no sabemos c\u00f3mo es el <em>software<\/em> que tenemos que ense\u00f1ar y hemos visto que este taller sirve para sustentar las discusiones y decisiones de la compra de <em>software<\/em> y de bases de datos, cu\u00e1les son importantes para cada una de las disciplinas\u201d, puntualiz\u00f3 Ram\u00edrez Martinell.<\/p>\n<p>Como resultado de las discusiones se generar\u00e1 un documento que se entregar\u00e1 a la Direcci\u00f3n General del \u00c1rea Acad\u00e9mica T\u00e9cnica con el prop\u00f3sito de implementar reformas en los planes y programas.<\/p>\n<p>\u201cEstamos en un momento institucional de superar la visi\u00f3n del <em>Word<\/em>, <em>Excel<\/em>, <em>PowerPoint<\/em> y b\u00fasquedas de Internet como est\u00e1ndares de saberes computacionales; consideramos que las TIC deben ser disciplinarias y depender de cada una de las disciplinas acad\u00e9micas que las est\u00e1n utilizando, \u00e9ste es el prop\u00f3sito de los talleres\u201d, subray\u00f3 el investigador.<\/p>\n<p>&nbsp;<\/p>\n","protected":false},"excerpt":{"rendered":"<p><strong><em>David Sandoval.-<\/em><\/strong>El Taller de Saberes Digitales cont\u00f3 con el apoyo de la Direcci\u00f3n General de Desarrollo Acad\u00e9mico e Innovaci\u00f3n Educativa.<\/p>\n","protected":false},"author":1810,"featured_media":40830,"comment_status":"closed","ping_status":"closed","sticky":false,"template":"","format":"standard","meta":{"footnotes":""},"categories":[1],"tags":[3],"class_list":["post-40829","post","type-post","status-publish","format-standard","has-post-thumbnail","hentry","category-general","tag-secundarias"],"_links":{"self":[{"href":"https:\/\/www.uv.mx\/prensa\/wp-json\/wp\/v2\/posts\/40829","targetHints":{"allow":["GET"]}}],"collection":[{"href":"https:\/\/www.uv.mx\/prensa\/wp-json\/wp\/v2\/posts"}],"about":[{"href":"https:\/\/www.uv.mx\/prensa\/wp-json\/wp\/v2\/types\/post"}],"author":[{"embeddable":true,"href":"https:\/\/www.uv.mx\/prensa\/wp-json\/wp\/v2\/users\/1810"}],"replies":[{"embeddable":true,"href":"https:\/\/www.uv.mx\/prensa\/wp-json\/wp\/v2\/comments?post=40829"}],"version-history":[{"count":0,"href":"https:\/\/www.uv.mx\/prensa\/wp-json\/wp\/v2\/posts\/40829\/revisions"}],"wp:featuredmedia":[{"embeddable":true,"href":"https:\/\/www.uv.mx\/prensa\/wp-json\/wp\/v2\/media\/40830"}],"wp:attachment":[{"href":"https:\/\/www.uv.mx\/prensa\/wp-json\/wp\/v2\/media?parent=40829"}],"wp:term":[{"taxonomy":"category","embeddable":true,"href":"https:\/\/www.uv.mx\/prensa\/wp-json\/wp\/v2\/categories?post=40829"},{"taxonomy":"post_tag","embeddable":true,"href":"https:\/\/www.uv.mx\/prensa\/wp-json\/wp\/v2\/tags?post=40829"}],"curies":[{"name":"wp","href":"https:\/\/api.w.org\/{rel}","templated":true}]}}