{"id":40752,"date":"2018-01-23T11:23:29","date_gmt":"2018-01-23T17:23:29","guid":{"rendered":"https:\/\/www.uv.mx\/prensa\/?p=40752"},"modified":"2018-01-23T11:23:29","modified_gmt":"2018-01-23T17:23:29","slug":"en-la-y-mexico-la-divulgacion-cientifica-no-se-valora","status":"publish","type":"post","link":"https:\/\/www.uv.mx\/prensa\/general\/en-la-y-mexico-la-divulgacion-cientifica-no-se-valora\/","title":{"rendered":"En LA y M\u00e9xico la divulgaci\u00f3n cient\u00edfica no se valora"},"content":{"rendered":"<ul>\n<li><em>Adem\u00e1s, asegur\u00f3 Jos\u00e9 Manuel Posada de la Concha, se requiere profesionalizar a los divulgadores<\/em><\/li>\n<\/ul>\n<p>&nbsp;<\/p>\n<div id=\"attachment_40770\" style=\"width: 732px\" class=\"wp-caption aligncenter\"><a href=\"https:\/\/www.uv.mx\/prensa\/files\/2018\/01\/Amor-al-conocimiento-230118-ok-ok.jpg\"><img aria-describedby=\"caption-attachment-40770\" decoding=\"async\" loading=\"lazy\" class=\"size-full wp-image-40770\" src=\"https:\/\/www.uv.mx\/prensa\/files\/2018\/01\/Amor-al-conocimiento-230118-ok-ok.jpg\" alt=\"\" width=\"722\" height=\"481\" srcset=\"https:\/\/www.uv.mx\/prensa\/files\/2018\/01\/Amor-al-conocimiento-230118-ok-ok.jpg 722w, https:\/\/www.uv.mx\/prensa\/files\/2018\/01\/Amor-al-conocimiento-230118-ok-ok-300x200.jpg 300w\" sizes=\"(max-width: 722px) 100vw, 722px\" \/><\/a><p id=\"caption-attachment-40770\" class=\"wp-caption-text\">Buena parte del conocimiento cient\u00edfico es inesperado, celebr\u00f3 Jos\u00e9 Manuel Posada de la Concha<\/p><\/div>\n<p>&nbsp;<\/p>\n<p><strong><em>Karina de la Paz Reyes D\u00edaz<\/em><\/strong><\/p>\n<p>&nbsp;<\/p>\n<p><strong><em>23\/01\/2018, Xalapa, Ver.-<\/em><\/strong> El profesor de la Universidad Nacional Aut\u00f3noma de M\u00e9xico (UNAM), Jos\u00e9 Manuel Posada de la Concha, sentenci\u00f3 que el gran problema de la divulgaci\u00f3n de la ciencia en el pa\u00eds y en Latinoam\u00e9rica es la profesionalizaci\u00f3n.<\/p>\n<p>\u201cEl gran problema de la divulgaci\u00f3n es que est\u00e1 conformada, por lo menos en M\u00e9xico y Latinoam\u00e9rica, por un conjunto de gente que estamos tratando de darle forma y profesionalizarla, porque no lo est\u00e1\u201d, fueron sus palabras.<\/p>\n<p>Ante los integrantes del curso-taller Introducci\u00f3n a la Comunicaci\u00f3n de la Ciencia, que organiz\u00f3 la Direcci\u00f3n de Comunicaci\u00f3n de la Ciencia de la Universidad Veracruzana (UV) y el Consejo de Ciencia y Tecnolog\u00eda del Estado de Morelos, aclar\u00f3 que si bien desde la d\u00e9cada de 1980 a la fecha se han tenido muchos avances en la materia, actualmente sigue en construcci\u00f3n.<\/p>\n<p>\u201cTodav\u00eda le falta mucho, tanto le falta que la mayor\u00eda de los no especialistas, aunque sea gente preparada, culta y con grados acad\u00e9micos no entiende verdaderamente el valor, la importancia y las reglas de la divulgaci\u00f3n de la ciencia. En eso estamos, tratando de luchar contra corriente.\u201d<\/p>\n<p>Posada de la Concha, quien actualmente publica en diversas revistas como <em>Ciencia y Desarrollo<\/em>, <em>\u00bfC\u00f3mo ves?<\/em> y <em>Correo del Maestro<\/em>, coment\u00f3 que la divulgaci\u00f3n de la ciencia tiene una definici\u00f3n precisa, as\u00ed como reglas y caracter\u00edsticas espec\u00edficas; no obstante, suelen confundirla muy frecuentemente con otro tipo de actividades acad\u00e9micas.<\/p>\n<p>\u201cEso no quiere decir que no se traslapa con otras actividades, como la educaci\u00f3n formal, el periodismo cient\u00edfico o la difusi\u00f3n de la ciencia\u201d, dijo, y de paso remarc\u00f3 que una de las maneras de comunicar la ciencia es la divulgaci\u00f3n.<\/p>\n<p>Pero \u00e9sta, lament\u00f3, \u201cno se valora, no se conoce, no se sabe qu\u00e9 hacemos y no se le da la importancia a este quehacer, que est\u00e1 a la par del de un profesor, arquitecto, m\u00e9dico, astronauta, de todas las labores profesionales\u201d.<\/p>\n<p>Ante la necesidad de profesionalizar la labor, el escritor de divulgaci\u00f3n de la ciencia celebr\u00f3 que instituciones como la UV desarrollen este tipo de ejercicios, en el que particip\u00f3 con la conferencia \u201cLa divulgaci\u00f3n de la ciencia, \u00bfpor amor al conocimiento?\u201d.<\/p>\n<p>Al respecto, enfatiz\u00f3 que m\u00e1s all\u00e1 de divulgar la ciencia por contribuir al pensamiento cr\u00edtico, fomentar la creatividad y curiosidad, est\u00e1 la pasi\u00f3n y el gusto por el conocimiento cient\u00edfico.<\/p>\n<p>\u201cAlgo de lo que se habla poco y que es un excelente gancho es que buena parte del conocimiento cient\u00edfico es inesperado. La naturaleza se comporta de formas en que no es posible predecir y en la mayor\u00eda de los casos es poco intuitiva.\u201d<\/p>\n<p>&nbsp;<\/p>\n","protected":false},"excerpt":{"rendered":"<p><strong><em>Karina de la Paz Reyes.-<\/em><\/strong>El profesor de la UNAM, sentenci\u00f3 que el gran problema de la divulgaci\u00f3n de la ciencia es la profesionalizaci\u00f3n.<\/p>\n","protected":false},"author":1810,"featured_media":40769,"comment_status":"closed","ping_status":"closed","sticky":false,"template":"","format":"standard","meta":[],"categories":[1],"tags":[3],"_links":{"self":[{"href":"https:\/\/www.uv.mx\/prensa\/wp-json\/wp\/v2\/posts\/40752"}],"collection":[{"href":"https:\/\/www.uv.mx\/prensa\/wp-json\/wp\/v2\/posts"}],"about":[{"href":"https:\/\/www.uv.mx\/prensa\/wp-json\/wp\/v2\/types\/post"}],"author":[{"embeddable":true,"href":"https:\/\/www.uv.mx\/prensa\/wp-json\/wp\/v2\/users\/1810"}],"replies":[{"embeddable":true,"href":"https:\/\/www.uv.mx\/prensa\/wp-json\/wp\/v2\/comments?post=40752"}],"version-history":[{"count":0,"href":"https:\/\/www.uv.mx\/prensa\/wp-json\/wp\/v2\/posts\/40752\/revisions"}],"wp:featuredmedia":[{"embeddable":true,"href":"https:\/\/www.uv.mx\/prensa\/wp-json\/wp\/v2\/media\/40769"}],"wp:attachment":[{"href":"https:\/\/www.uv.mx\/prensa\/wp-json\/wp\/v2\/media?parent=40752"}],"wp:term":[{"taxonomy":"category","embeddable":true,"href":"https:\/\/www.uv.mx\/prensa\/wp-json\/wp\/v2\/categories?post=40752"},{"taxonomy":"post_tag","embeddable":true,"href":"https:\/\/www.uv.mx\/prensa\/wp-json\/wp\/v2\/tags?post=40752"}],"curies":[{"name":"wp","href":"https:\/\/api.w.org\/{rel}","templated":true}]}}