{"id":40598,"date":"2018-01-21T07:00:29","date_gmt":"2018-01-21T13:00:29","guid":{"rendered":"https:\/\/www.uv.mx\/prensa\/?p=40598"},"modified":"2018-01-19T16:50:36","modified_gmt":"2018-01-19T22:50:36","slug":"biblioteca-virtual-uv-a-la-vanguardia","status":"publish","type":"post","link":"https:\/\/www.uv.mx\/prensa\/general\/biblioteca-virtual-uv-a-la-vanguardia\/","title":{"rendered":"Biblioteca Virtual UV, a la vanguardia"},"content":{"rendered":"<ul>\n<li><em>Pone a disposici\u00f3n de su comunidad informaci\u00f3n en todas las disciplinas<\/em><\/li>\n<li><em>Libros de la Biblioteca Virtual Pearson, considerada de las m\u00e1s importantes plataformas educativas en l\u00ednea; los e-books de la Editorial de la UV, por citar un par<\/em><\/li>\n<\/ul>\n<p>&nbsp;<\/p>\n<div id='gallery-1' class='gallery galleryid-40598 gallery-columns-2 gallery-size-full'><dl class='gallery-item'>\n\t\t\t<dt class='gallery-icon landscape'>\n\t\t\t\t<a href='https:\/\/www.uv.mx\/prensa\/files\/2018\/01\/210119-Biblioteca-virtual-1-ok.jpg'><img loading=\"lazy\" decoding=\"async\" width=\"722\" height=\"457\" src=\"https:\/\/www.uv.mx\/prensa\/files\/2018\/01\/210119-Biblioteca-virtual-1-ok.jpg\" class=\"attachment-full size-full\" alt=\"\" aria-describedby=\"gallery-1-40602\" srcset=\"https:\/\/www.uv.mx\/prensa\/files\/2018\/01\/210119-Biblioteca-virtual-1-ok.jpg 722w, https:\/\/www.uv.mx\/prensa\/files\/2018\/01\/210119-Biblioteca-virtual-1-ok-300x190.jpg 300w\" sizes=\"auto, (max-width: 722px) 100vw, 722px\" \/><\/a>\n\t\t\t<\/dt>\n\t\t\t\t<dd class='wp-caption-text gallery-caption' id='gallery-1-40602'>\n\t\t\t\tLa Biblioteca Virtual provee, comparte y difunde  recursos informativos de la instituci\u00f3n, as\u00ed como otros contratados por la misma y los disponibles en cat\u00e1logos\n\t\t\t\t<\/dd><\/dl><dl class='gallery-item'>\n\t\t\t<dt class='gallery-icon landscape'>\n\t\t\t\t<a href='https:\/\/www.uv.mx\/prensa\/files\/2018\/01\/Biblioteca-virtual-2.jpg'><img loading=\"lazy\" decoding=\"async\" width=\"722\" height=\"457\" src=\"https:\/\/www.uv.mx\/prensa\/files\/2018\/01\/Biblioteca-virtual-2.jpg\" class=\"attachment-full size-full\" alt=\"\" aria-describedby=\"gallery-1-40616\" srcset=\"https:\/\/www.uv.mx\/prensa\/files\/2018\/01\/Biblioteca-virtual-2.jpg 722w, https:\/\/www.uv.mx\/prensa\/files\/2018\/01\/Biblioteca-virtual-2-300x190.jpg 300w\" sizes=\"auto, (max-width: 722px) 100vw, 722px\" \/><\/a>\n\t\t\t<\/dt>\n\t\t\t\t<dd class='wp-caption-text gallery-caption' id='gallery-1-40616'>\n\t\t\t\tJos\u00e9 Mart\u00ednez Dom\u00ednguez, coordinador de Automatizaci\u00f3n Bibliotecaria de la DGB\n\t\t\t\t<\/dd><\/dl><br style=\"clear: both\" \/>\n\t\t<\/div>\n\n<p>&nbsp;<\/p>\n<p><strong><em>Karina de la Paz Reyes D\u00edaz<\/em><\/strong><\/p>\n<p>&nbsp;<\/p>\n<p><strong><em>21\/01\/2016, Xalapa, Ver.-<\/em><\/strong> La Biblioteca Virtual de la Universidad Veracruzana (BVUV) tiene a disposici\u00f3n de su comunidad informaci\u00f3n de vanguardia en todas las disciplinas del conocimiento, en la modalidad de acceso libre, destac\u00f3 Jos\u00e9 Mart\u00ednez Dom\u00ednguez, coordinador de Automatizaci\u00f3n Bibliotecaria de la Direcci\u00f3n General de Bibliotecas (DGB).<\/p>\n<p>El portal institucional <a href=\"https:\/\/www.uv.mx\/bvirtual\/\">https:\/\/www.uv.mx\/bvirtual\/<\/a> provee, comparte y difunde recursos informativos propios de la UV, as\u00ed como otros contratados por la misma y los disponibles en cat\u00e1logos.<\/p>\n<p>En la Biblioteca Virtual, estudiantes y acad\u00e9micos pueden consultar de manera gratuita las bases de datos del Consorcio Nacional de Recursos de Informaci\u00f3n Cient\u00edfica y Tecnol\u00f3gica (<em>Conricyt<\/em>) del Consejo Nacional de Ciencia y Tecnolog\u00eda (<em>Conacyt<\/em>).<\/p>\n<p>Tan s\u00f3lo ah\u00ed es posible tener acceso libre a trav\u00e9s de la red o cuenta institucional a 17 bases de datos multidisciplinarias; 11 del \u00c1rea T\u00e9cnica; tres de Biol\u00f3gico-Agropecuaria; siete de Ciencias de la Salud; dos de Econ\u00f3mico-Administrativa; seis de Humanidades y dos de Artes.<\/p>\n<p>Por si fuera poco, tambi\u00e9n est\u00e1n disponibles de manera libre libros de la Biblioteca Virtual Pearson, considerada de las m\u00e1s importantes plataformas educativas en l\u00ednea; los <em>e-books<\/em> de la Editorial de la UV; el Repositorio Institucional; revistas electr\u00f3nicas de la UV y del <em>Conricyt<\/em>, as\u00ed como archivos notariales, s\u00f3lo por citar algunas publicaciones.<\/p>\n<p>Recientemente, esta casa de estudios, a trav\u00e9s de la DGB, inform\u00f3 que el <em>Conricyt<\/em>, derivado de la reducci\u00f3n presupuestaria al Fondo Institucional del <em>Conacyt<\/em> para 2018, cancelar\u00e1 a nivel nacional bases de datos, y a la UV le ser\u00e1n canceladas cinco, toda vez que no cumplieron con los usos y descargas requeridos.<\/p>\n<p>En ese sentido, para evitar reducciones posteriores, la DGB invit\u00f3 comedidamente a toda la comunidad universitaria a hacer uso frecuente de las fuentes de informaci\u00f3n que forman parte de la Biblioteca Virtual de la UV.<\/p>\n<p>Jos\u00e9 Mart\u00ednez dej\u00f3 en claro que ante la cancelaci\u00f3n no hay marcha atr\u00e1s, es decir, si en un futuro la instituci\u00f3n requiriera tales bases de datos, tendr\u00eda que pagar por ellas.<\/p>\n<p>\u201cEs como si nos regalaran algo y al no sacarle provecho nos lo retiran, pero si despu\u00e9s decidimos hacer uso de \u00e9l, ser\u00e1 necesario comprarlo.\u201d<\/p>\n<p>Para el funcionario universitario, en muchas ocasiones no se aprovecha la Biblioteca Virtual de la UV porque se desconoce que existe, por ello exhort\u00f3 a acad\u00e9micos y estudiantes ingresar al portal institucional y explorarlo.<\/p>\n<p>\u201cHay un esfuerzo adicional y, d\u00e1ndole valor a la investigaci\u00f3n cient\u00edfica, hemos trabajado en la integraci\u00f3n de un metabuscador, un descubridor de contenidos electr\u00f3nicos. Lo hemos estado alimentando y hasta 2017 llev\u00e1bamos 10 millones de recursos de muchas instituciones, que est\u00e1n de acceso libre.\u201d<\/p>\n<p>Adem\u00e1s, pueden consultar la Biblioteca Virtual desde el soporte tecnol\u00f3gico que gusten: computadoras, tabletas o celulares.<\/p>\n","protected":false},"excerpt":{"rendered":"<p><strong><em> Karina de la Paz Reyes.-<\/em><\/strong> El portal institucional https:\/\/www.uv.mx\/bvirtual\/ provee, comparte y difunde recursos informativos propios y cat\u00e1logos comprados, hay que usarlos para que no sean cancelados.<\/p>\n","protected":false},"author":1809,"featured_media":40614,"comment_status":"closed","ping_status":"closed","sticky":false,"template":"","format":"standard","meta":{"footnotes":""},"categories":[1],"tags":[3],"class_list":["post-40598","post","type-post","status-publish","format-standard","has-post-thumbnail","hentry","category-general","tag-secundarias"],"_links":{"self":[{"href":"https:\/\/www.uv.mx\/prensa\/wp-json\/wp\/v2\/posts\/40598","targetHints":{"allow":["GET"]}}],"collection":[{"href":"https:\/\/www.uv.mx\/prensa\/wp-json\/wp\/v2\/posts"}],"about":[{"href":"https:\/\/www.uv.mx\/prensa\/wp-json\/wp\/v2\/types\/post"}],"author":[{"embeddable":true,"href":"https:\/\/www.uv.mx\/prensa\/wp-json\/wp\/v2\/users\/1809"}],"replies":[{"embeddable":true,"href":"https:\/\/www.uv.mx\/prensa\/wp-json\/wp\/v2\/comments?post=40598"}],"version-history":[{"count":0,"href":"https:\/\/www.uv.mx\/prensa\/wp-json\/wp\/v2\/posts\/40598\/revisions"}],"wp:featuredmedia":[{"embeddable":true,"href":"https:\/\/www.uv.mx\/prensa\/wp-json\/wp\/v2\/media\/40614"}],"wp:attachment":[{"href":"https:\/\/www.uv.mx\/prensa\/wp-json\/wp\/v2\/media?parent=40598"}],"wp:term":[{"taxonomy":"category","embeddable":true,"href":"https:\/\/www.uv.mx\/prensa\/wp-json\/wp\/v2\/categories?post=40598"},{"taxonomy":"post_tag","embeddable":true,"href":"https:\/\/www.uv.mx\/prensa\/wp-json\/wp\/v2\/tags?post=40598"}],"curies":[{"name":"wp","href":"https:\/\/api.w.org\/{rel}","templated":true}]}}