{"id":40515,"date":"2018-01-18T11:58:15","date_gmt":"2018-01-18T17:58:15","guid":{"rendered":"https:\/\/www.uv.mx\/prensa\/?p=40515"},"modified":"2018-01-18T12:00:22","modified_gmt":"2018-01-18T18:00:22","slug":"investigador-documento-vida-del-general-calleja","status":"publish","type":"post","link":"https:\/\/www.uv.mx\/prensa\/general\/investigador-documento-vida-del-general-calleja\/","title":{"rendered":"Investigador document\u00f3 vida del General Calleja"},"content":{"rendered":"<p>&nbsp;<\/p>\n<ul>\n<li><em>A Juan Ortiz Escamilla, autor de la obra, le llev\u00f3 25 a\u00f1os indagar sobre el general F\u00e9lix Mar\u00eda Calleja del Rey<\/em><\/li>\n<li><em>Fue un complejo y controvertido personaje destacado en la historia de M\u00e9xico<\/em><\/li>\n<li><em>La Editorial de la UV y el Colegio de Michoac\u00e1n respaldaron el proyecto<\/em><\/li>\n<\/ul>\n<p>&nbsp;<\/p>\n<div id='gallery-1' class='gallery galleryid-40515 gallery-columns-2 gallery-size-full'><dl class='gallery-item'>\n\t\t\t<dt class='gallery-icon landscape'>\n\t\t\t\t<a href='https:\/\/www.uv.mx\/prensa\/files\/2018\/01\/Libro-Calleja-1-180118-ok.jpg'><img loading=\"lazy\" decoding=\"async\" width=\"722\" height=\"482\" src=\"https:\/\/www.uv.mx\/prensa\/files\/2018\/01\/Libro-Calleja-1-180118-ok.jpg\" class=\"attachment-full size-full\" alt=\"\" aria-describedby=\"gallery-1-40516\" srcset=\"https:\/\/www.uv.mx\/prensa\/files\/2018\/01\/Libro-Calleja-1-180118-ok.jpg 722w, https:\/\/www.uv.mx\/prensa\/files\/2018\/01\/Libro-Calleja-1-180118-ok-300x200.jpg 300w\" sizes=\"auto, (max-width: 722px) 100vw, 722px\" \/><\/a>\n\t\t\t<\/dt>\n\t\t\t\t<dd class='wp-caption-text gallery-caption' id='gallery-1-40516'>\n\t\t\t\tEdgar Garc\u00eda Valencia, Patricia Maldonado Rosales y Juan Ortiz Escamilla\n\t\t\t\t<\/dd><\/dl><dl class='gallery-item'>\n\t\t\t<dt class='gallery-icon landscape'>\n\t\t\t\t<a href='https:\/\/www.uv.mx\/prensa\/files\/2018\/01\/libro-calleja-2-180118-ok.jpg'><img loading=\"lazy\" decoding=\"async\" width=\"722\" height=\"482\" src=\"https:\/\/www.uv.mx\/prensa\/files\/2018\/01\/libro-calleja-2-180118-ok.jpg\" class=\"attachment-full size-full\" alt=\"\" aria-describedby=\"gallery-1-40517\" srcset=\"https:\/\/www.uv.mx\/prensa\/files\/2018\/01\/libro-calleja-2-180118-ok.jpg 722w, https:\/\/www.uv.mx\/prensa\/files\/2018\/01\/libro-calleja-2-180118-ok-300x200.jpg 300w\" sizes=\"auto, (max-width: 722px) 100vw, 722px\" \/><\/a>\n\t\t\t<\/dt>\n\t\t\t\t<dd class='wp-caption-text gallery-caption' id='gallery-1-40517'>\n\t\t\t\tEl libro Calleja. Guerra, bot\u00edn y fortuna, ser\u00e1 presentado el 9 de febrero en el IIHS-UV\n\t\t\t\t<\/dd><\/dl><br style=\"clear: both\" \/>\n\t\t<\/div>\n\n<p>&nbsp;<\/p>\n<p><strong><em>Claudia Peralta V\u00e1zquez<\/em><\/strong><\/p>\n<p>&nbsp;<\/p>\n<p><strong><em>18\/01\/2018, Xalapa, Ver.- <\/em><\/strong>Juan Ortiz Escamilla,\u00a0 investigador del Instituto de Investigaciones Hist\u00f3rico-Sociales (IIH-S) de la Universidad Veracruzana (UV), inici\u00f3 hace 25 a\u00f1os la investigaci\u00f3n de la informaci\u00f3n documentada en el libro <em>Calleja. Guerra, bot\u00edn y fortuna<\/em>, cuya presentaci\u00f3n tendr\u00e1 lugar en diversos escenarios de M\u00e9xico y Espa\u00f1a.<\/p>\n<p>Esta obra representa una gran contribuci\u00f3n para la historiograf\u00eda de ambos pa\u00edses, dijo el Doctor en Historia por El Colegio de M\u00e9xico y revel\u00f3 que el 9 de febrero se exhibir\u00e1 en las instalaciones del IIH-S, en punto de las 18:00 horas, donde habr\u00e1 tambi\u00e9n un programa musical a cargo de Sandra Lohr y Enrique Velazco.<\/p>\n<p>Al agradecer la colaboraci\u00f3n de la Editorial de la UV; de su titular, Edgar Garc\u00eda Valencia, y de Patricia Maldonado Rosales, editora de este libro conformado por 270 p\u00e1ginas e impreso a finales del a\u00f1o pasado, Ortiz Escamilla resalt\u00f3 que se trata de un \u00a0trabajo largo y complejo por los temas y facetas del general F\u00e9lix Mar\u00eda Calleja del Rey, personaje importante para la historia de M\u00e9xico.<\/p>\n<p>Incluso, su estudio de investigaci\u00f3n lo llev\u00f3 a indagar en archivos tanto de M\u00e9xico, Espa\u00f1a, Reino Unido y Estados Unidos.<\/p>\n<p>Tambi\u00e9n, es una extensi\u00f3n de su primer libro titulado <em>Guerra y gobierno, los pueblos y la Independencia de M\u00e9xico<\/em>, donde aparec\u00edan dos personajes centrales: Agust\u00edn de Iturbide y el general Calleja.<\/p>\n<p>\u201cMe inclin\u00e9 por Calleja porque lo considero el m\u00e1s importante ya que dise\u00f1\u00f3 un modelo de gobierno militar para la gobernanza de los pueblos en medio de la guerra de 1810, donde fue destruido el orden colonial y las estructuras de gobierno.\u201d<\/p>\n<p>Narr\u00f3 que en medio del caos hab\u00eda que crear una gobernabilidad, y fue Callejas quien militariz\u00f3 a los pueblos dando origen a las autodefensas para la protecci\u00f3n de cada una de las comunidades de los pueblos.<\/p>\n<p>\u201cCallejas form\u00f3 gobiernos militares donde no hab\u00eda ley, s\u00f3lo imperaba el uso de las armas, por lo tanto es una guerra civil muy violenta, prolongada, porque ninguno de los dos bandos, tanto insurgentes como realistas, ten\u00edan la suficiente capacidad y fuerza militar para someter al otro.\u201d<\/p>\n<p>Por esta raz\u00f3n la guerra se prolong\u00f3 y tuvo que pactarse un acuerdo que se da con el Plan de Iguala.<\/p>\n<p>De ah\u00ed radica la importancia del personaje, originario de Medina del Campo, Espa\u00f1a, situada en la provincia de Valladolid, quien adem\u00e1s particip\u00f3 en las guerras del Mediterr\u00e1neo y por el control de Gibraltar.<\/p>\n<p>Sin embargo, en el libro tambi\u00e9n se subraya que como oficial real Calleja era un noble pobret\u00f3n que arrib\u00f3 a M\u00e9xico con un sueldo de capit\u00e1n, y regres\u00f3 a Espa\u00f1a convertido en uno de los hombres m\u00e1s acaudalados.<\/p>\n<p>\u201cSiempre se le acus\u00f3 de haber robado y haberse beneficiado del bot\u00edn durante la Guerra Insurgente, pero nunca hubo pruebas que lo demostraran.\u201d<\/p>\n<p>Las siguientes presentaciones tendr\u00e1n lugar en: El Colegio de M\u00e9xico, 23 de enero; Casa de la Cultura de Morelia, Michoac\u00e1n, 29 de enero; La Valenciana, en Guanajuato, 28 de febrero.<\/p>\n<p>A\u00fan est\u00e1n por definirse las sedes y fechas de las pr\u00f3ximas presentaciones a realizarse en otras entidades de M\u00e9xico y en Valencia, Espa\u00f1a.<\/p>\n<p>El p\u00fablico interesado en adquirir el libro puede solicitarlo en la Editorial UV, ubicada en la calle de Hidalgo n\u00famero 9, en el centro de Xalapa, as\u00ed como en las Librer\u00edas Gandhi.<\/p>\n<p>El costo es de 210 pesos y durante las presentaciones tendr\u00e1 un 40 por ciento de descuento.<\/p>\n","protected":false},"excerpt":{"rendered":"<p><strong><em>Claudia Peralta.-<\/em><\/strong>Juan Ortiz Escamilla, investigador del IIH-S), presentar\u00e1 en M\u00e9xico y Espa\u00f1a su \u00faltimo texto, el cual aborda la controversial vida del general F\u00e9lix Mar\u00eda Calleja del Rey.<\/p>\n","protected":false},"author":1810,"featured_media":40519,"comment_status":"closed","ping_status":"closed","sticky":false,"template":"","format":"standard","meta":{"footnotes":""},"categories":[1],"tags":[3],"class_list":["post-40515","post","type-post","status-publish","format-standard","has-post-thumbnail","hentry","category-general","tag-secundarias"],"_links":{"self":[{"href":"https:\/\/www.uv.mx\/prensa\/wp-json\/wp\/v2\/posts\/40515","targetHints":{"allow":["GET"]}}],"collection":[{"href":"https:\/\/www.uv.mx\/prensa\/wp-json\/wp\/v2\/posts"}],"about":[{"href":"https:\/\/www.uv.mx\/prensa\/wp-json\/wp\/v2\/types\/post"}],"author":[{"embeddable":true,"href":"https:\/\/www.uv.mx\/prensa\/wp-json\/wp\/v2\/users\/1810"}],"replies":[{"embeddable":true,"href":"https:\/\/www.uv.mx\/prensa\/wp-json\/wp\/v2\/comments?post=40515"}],"version-history":[{"count":0,"href":"https:\/\/www.uv.mx\/prensa\/wp-json\/wp\/v2\/posts\/40515\/revisions"}],"wp:featuredmedia":[{"embeddable":true,"href":"https:\/\/www.uv.mx\/prensa\/wp-json\/wp\/v2\/media\/40519"}],"wp:attachment":[{"href":"https:\/\/www.uv.mx\/prensa\/wp-json\/wp\/v2\/media?parent=40515"}],"wp:term":[{"taxonomy":"category","embeddable":true,"href":"https:\/\/www.uv.mx\/prensa\/wp-json\/wp\/v2\/categories?post=40515"},{"taxonomy":"post_tag","embeddable":true,"href":"https:\/\/www.uv.mx\/prensa\/wp-json\/wp\/v2\/tags?post=40515"}],"curies":[{"name":"wp","href":"https:\/\/api.w.org\/{rel}","templated":true}]}}