{"id":40254,"date":"2018-01-16T00:07:35","date_gmt":"2018-01-16T06:07:35","guid":{"rendered":"https:\/\/www.uv.mx\/prensa\/?p=40254"},"modified":"2018-01-16T11:23:56","modified_gmt":"2018-01-16T17:23:56","slug":"el-artista-debe-abordar-temas-sociales-diana-vasquez","status":"publish","type":"post","link":"https:\/\/www.uv.mx\/prensa\/cultura\/el-artista-debe-abordar-temas-sociales-diana-vasquez\/","title":{"rendered":"El artista debe abordar temas sociales: Diana V\u00e1squez"},"content":{"rendered":"<blockquote><p><span style=\"font-size: 14pt\"><i>Tenemos el compromiso de hacer conciencia soci<\/i><i>al <\/i><i>al eviden<\/i><i>ciar <\/i><i>y denunciar problem\u00e1ticas que aquejan a la sociedad\u201d<\/i>\u00a0<\/span><\/p><\/blockquote>\n<p>&nbsp;<\/p>\n<div id='gallery-1' class='gallery galleryid-40254 gallery-columns-3 gallery-size-full'><dl class='gallery-item'>\n\t\t\t<dt class='gallery-icon landscape'>\n\t\t\t\t<a href='https:\/\/www.uv.mx\/prensa\/files\/2018\/01\/160118-Entrevista-Diana-1.jpg'><img loading=\"lazy\" decoding=\"async\" width=\"722\" height=\"481\" src=\"https:\/\/www.uv.mx\/prensa\/files\/2018\/01\/160118-Entrevista-Diana-1.jpg\" class=\"attachment-full size-full\" alt=\"Es estudiante de la Facultad de Teatro\" aria-describedby=\"gallery-1-40262\" srcset=\"https:\/\/www.uv.mx\/prensa\/files\/2018\/01\/160118-Entrevista-Diana-1.jpg 722w, https:\/\/www.uv.mx\/prensa\/files\/2018\/01\/160118-Entrevista-Diana-1-300x200.jpg 300w\" sizes=\"auto, (max-width: 722px) 100vw, 722px\" \/><\/a>\n\t\t\t<\/dt>\n\t\t\t\t<dd class='wp-caption-text gallery-caption' id='gallery-1-40262'>\n\t\t\t\tEs estudiante de la Facultad de Teatro \n\t\t\t\t<\/dd><\/dl><dl class='gallery-item'>\n\t\t\t<dt class='gallery-icon landscape'>\n\t\t\t\t<a href='https:\/\/www.uv.mx\/prensa\/files\/2018\/01\/160118-Entrevista-Diana-Anaid-3.jpg'><img loading=\"lazy\" decoding=\"async\" width=\"722\" height=\"481\" src=\"https:\/\/www.uv.mx\/prensa\/files\/2018\/01\/160118-Entrevista-Diana-Anaid-3.jpg\" class=\"attachment-full size-full\" alt=\"Aspecto de la obra Granos de arena, de su autor\u00eda\" aria-describedby=\"gallery-1-40258\" srcset=\"https:\/\/www.uv.mx\/prensa\/files\/2018\/01\/160118-Entrevista-Diana-Anaid-3.jpg 722w, https:\/\/www.uv.mx\/prensa\/files\/2018\/01\/160118-Entrevista-Diana-Anaid-3-300x200.jpg 300w\" sizes=\"auto, (max-width: 722px) 100vw, 722px\" \/><\/a>\n\t\t\t<\/dt>\n\t\t\t\t<dd class='wp-caption-text gallery-caption' id='gallery-1-40258'>\n\t\t\t\tAspecto de la obra Granos de arena, de su autor\u00eda\n\t\t\t\t<\/dd><\/dl><dl class='gallery-item'>\n\t\t\t<dt class='gallery-icon landscape'>\n\t\t\t\t<a href='https:\/\/www.uv.mx\/prensa\/files\/2018\/01\/160118-Entrevista-Diana-Anaid-2.jpg'><img loading=\"lazy\" decoding=\"async\" width=\"722\" height=\"481\" src=\"https:\/\/www.uv.mx\/prensa\/files\/2018\/01\/160118-Entrevista-Diana-Anaid-2.jpg\" class=\"attachment-full size-full\" alt=\"Como actriz, particip\u00f3 en Los perros, de Elena Garro\" aria-describedby=\"gallery-1-40257\" srcset=\"https:\/\/www.uv.mx\/prensa\/files\/2018\/01\/160118-Entrevista-Diana-Anaid-2.jpg 722w, https:\/\/www.uv.mx\/prensa\/files\/2018\/01\/160118-Entrevista-Diana-Anaid-2-300x200.jpg 300w\" sizes=\"auto, (max-width: 722px) 100vw, 722px\" \/><\/a>\n\t\t\t<\/dt>\n\t\t\t\t<dd class='wp-caption-text gallery-caption' id='gallery-1-40257'>\n\t\t\t\tComo actriz, particip\u00f3 en  Los perros, de Elena Garro\n\t\t\t\t<\/dd><\/dl><br style=\"clear: both\" \/>\n\t\t<\/div>\n\n<p>&nbsp;<\/p>\n<p><b><i>Paola Cort\u00e9s P\u00e9rez<\/i><\/b><\/p>\n<p>&nbsp;<\/p>\n<p><b><i>16<\/i><\/b><b><i>\/01\/2018, Xalapa, <\/i><\/b><b><i>V<\/i><\/b><b><i>er.-<\/i><\/b> \u00abNinguna ni\u00f1a merece que sus sue\u00f1os se vean truncados\u00bb asever\u00f3 Diana Anaid V\u00e1squez Hern\u00e1ndez, estudiante de la Facultad de Teatro de la Universidad Veracruzana (UV), quien asegur\u00f3 que como artista y mujer est\u00e1 comprometida a hablar de temas que aquejan a la sociedad, aquellos que son necesarios hacer evidentes y denunciar.<\/p>\n<p>En el XXVI Festival de Teatro Universitario 2017, particip\u00f3 como actriz en la obra <i>Los perros<\/i>, de Elena Garro, porque considera que es importante que los artistas hagan conciencia sobre temas relevantes para la sociedad y que en la mayor\u00eda de las ocasiones no se incluyen.<\/p>\n<p>\u201cEl tema que se aborda en la obra es de relevancia en estos momentos por los que atraviesa el pa\u00eds, especialmente por la situaci\u00f3n de violencia de g\u00e9nero y por lo mismo tiene que hablarse. Como mujer me siento comprometida porque es una realidad que vivimos, quisiera que la violencia se alejara de las ni\u00f1as, que tengan derecho a una infancia feliz, a crecer, desarrollarse y tener sue\u00f1os.\u201d<\/p>\n<p>Diana Anaid estudi\u00f3 la Licenciatura en Administraci\u00f3n de Negocios Internacionales en esta casa de estudios; cuando cursaba la mitad del programa educativo tom\u00f3 un taller de teatro en la Escuela Industrial \u201cConcepci\u00f3n Quir\u00f3s P\u00e9rez\u201d, su gusto fue creciendo al grado que decidi\u00f3 ingresar a la Facultad de Teatro.<\/p>\n<p>\u201cEstando dentro de la Facultad, descubr\u00ed que era mi lugar, mi vocaci\u00f3n. El maestro sol\u00eda decirnos que nos sentimos plenos cuando nos hayamos en el lugar donde encontramos personas que tienen ideas en com\u00fan y gustos afines, fue ah\u00ed donde descubr\u00ed que la gente de teatro, la comunidad teatral es mi familia.\u201d<\/p>\n<p>Su pasi\u00f3n por el teatro, dijo, viene al considerarla como un espacio donde se integran seres humanos, existe comuni\u00f3n entre ideales y sentimientos, donde se propicia una conexi\u00f3n entre un grupo de personas y una obra.<\/p>\n<p>\u201cMe conmueve mucho el sentir que las personas podemos tener empat\u00eda por una obra e identificarnos con los personajes, con la historia, as\u00ed como vernos reflejados en lo que sucede arriba del escenario. El teatro es una manera de integrarnos como seres humanos.\u201d<\/p>\n<p>Por ello, participar en el Festival de Teatro Universitario es importante porque es una plataforma para la educaci\u00f3n de los estudiantes, dado que como artista independiente y\/o en formaci\u00f3n es relevante presentarse en la Sala \u201cDagoberto Guillaumin\u201d del Teatro del Estado.<\/p>\n<p>\u201cTodos los grupos que surgen en la Facultad nos preparamos con mucho trabajo de anticipaci\u00f3n para participar en el festival, entre cuatro o cinco meses, porque de nuestra actuaci\u00f3n depender\u00e1 que se nos abran muchos oportunidades.\u201d<\/p>\n<p>Por ejemplo, coment\u00f3 que el grupo La Butaca Roja en 2016 gan\u00f3 la mejor puesta en escena con la obra <i>El oso<\/i>, la cual contin\u00faa present\u00e1ndose y es uno de los resultados de su participaci\u00f3n en el festival.<\/p>\n<p>El a\u00f1o pasado la obra <i>Granos de arena<\/i>, de su autor\u00eda, se present\u00f3 en el festival, la cual habla sobre la trascendencia y la importancia de buscar aquello que nos llevar\u00e1 a tener un legado como seres humanos.<\/p>\n<p>Finalmente, al preguntarle si el futuro para el artista de teatro es complicado, Diana Anaid dijo que en la actualidad cualquier carrera es dif\u00edcil e implica mucho esfuerzo, pero debe seguirse la pasi\u00f3n y la vocaci\u00f3n, buscar oportunidades, adem\u00e1s de ser disciplinado, entregado, no basta con s\u00f3lo quererlo.<\/p>\n<p>\u201cLos deseos pueden ser muy buenos, si uno no pasa del deseo a la acci\u00f3n puedes quedar estancado. La recompensa puede ser muy grande y satisfactoria, el \u00e9xito se encuentra al otro lado del miedo\u201d, finaliz\u00f3.<\/p>\n","protected":false},"excerpt":{"rendered":"<p><strong><em>Paola Cort\u00e9s.-<\/em><\/strong> \u00abQuisiera que la violencia se alejara de las ni\u00f1as, que tengan derecho a una infancia feliz, a crecer, desarrollarse y tener sue\u00f1os\u201d<\/p>\n","protected":false},"author":1508,"featured_media":40256,"comment_status":"closed","ping_status":"closed","sticky":false,"template":"","format":"standard","meta":{"footnotes":""},"categories":[11],"tags":[],"class_list":["post-40254","post","type-post","status-publish","format-standard","has-post-thumbnail","hentry","category-cultura"],"_links":{"self":[{"href":"https:\/\/www.uv.mx\/prensa\/wp-json\/wp\/v2\/posts\/40254","targetHints":{"allow":["GET"]}}],"collection":[{"href":"https:\/\/www.uv.mx\/prensa\/wp-json\/wp\/v2\/posts"}],"about":[{"href":"https:\/\/www.uv.mx\/prensa\/wp-json\/wp\/v2\/types\/post"}],"author":[{"embeddable":true,"href":"https:\/\/www.uv.mx\/prensa\/wp-json\/wp\/v2\/users\/1508"}],"replies":[{"embeddable":true,"href":"https:\/\/www.uv.mx\/prensa\/wp-json\/wp\/v2\/comments?post=40254"}],"version-history":[{"count":0,"href":"https:\/\/www.uv.mx\/prensa\/wp-json\/wp\/v2\/posts\/40254\/revisions"}],"wp:featuredmedia":[{"embeddable":true,"href":"https:\/\/www.uv.mx\/prensa\/wp-json\/wp\/v2\/media\/40256"}],"wp:attachment":[{"href":"https:\/\/www.uv.mx\/prensa\/wp-json\/wp\/v2\/media?parent=40254"}],"wp:term":[{"taxonomy":"category","embeddable":true,"href":"https:\/\/www.uv.mx\/prensa\/wp-json\/wp\/v2\/categories?post=40254"},{"taxonomy":"post_tag","embeddable":true,"href":"https:\/\/www.uv.mx\/prensa\/wp-json\/wp\/v2\/tags?post=40254"}],"curies":[{"name":"wp","href":"https:\/\/api.w.org\/{rel}","templated":true}]}}