{"id":40240,"date":"2018-01-15T16:59:19","date_gmt":"2018-01-15T22:59:19","guid":{"rendered":"https:\/\/www.uv.mx\/prensa\/?p=40240"},"modified":"2018-01-15T17:01:13","modified_gmt":"2018-01-15T23:01:13","slug":"juan-ortiz-titular-de-la-catedra-primo-feliciano-velazquez","status":"publish","type":"post","link":"https:\/\/www.uv.mx\/prensa\/general\/juan-ortiz-titular-de-la-catedra-primo-feliciano-velazquez\/","title":{"rendered":"Juan Ortiz, titular de la C\u00e1tedra \u201cPrimo Feliciano Vel\u00e1zquez\u201d"},"content":{"rendered":"<ul>\n<li><em>Fue designado por el Consejo Acad\u00e9mico de El Colegio de San Luis, A.C<\/em><\/li>\n<li><em>Su labor consistir\u00e1 en la implementaci\u00f3n de proyectos de investigaci\u00f3n de \u00edndole social y cultural<\/em><\/li>\n<\/ul>\n<p>&nbsp;<\/p>\n<p><em>\u00a0<\/em><\/p>\n<div id=\"attachment_40242\" style=\"width: 732px\" class=\"wp-caption aligncenter\"><a href=\"https:\/\/www.uv.mx\/prensa\/files\/2018\/01\/150118-Premio-Catedra-Feliciano.jpg\"><img loading=\"lazy\" decoding=\"async\" aria-describedby=\"caption-attachment-40242\" class=\"size-full wp-image-40242\" src=\"https:\/\/www.uv.mx\/prensa\/files\/2018\/01\/150118-Premio-Catedra-Feliciano.jpg\" alt=\"Juan Ortiz Escamilla, investigador del IIH-S de la UV, recibi\u00f3 la titularidad de la C\u00e1tedra Institucional \u201cPrimo Feliciano Vel\u00e1zquez\u201d\" width=\"722\" height=\"482\" srcset=\"https:\/\/www.uv.mx\/prensa\/files\/2018\/01\/150118-Premio-Catedra-Feliciano.jpg 722w, https:\/\/www.uv.mx\/prensa\/files\/2018\/01\/150118-Premio-Catedra-Feliciano-300x200.jpg 300w\" sizes=\"auto, (max-width: 722px) 100vw, 722px\" \/><\/a><p id=\"caption-attachment-40242\" class=\"wp-caption-text\">Juan Ortiz Escamilla, investigador del IIH-S de la UV, recibi\u00f3 la titularidad de la C\u00e1tedra Institucional \u201cPrimo Feliciano Vel\u00e1zquez\u201d<\/p><\/div>\n<p>&nbsp;<\/p>\n<p><strong><em>Claudia Peralta V\u00e1zquez<\/em><\/strong><\/p>\n<p>&nbsp;<\/p>\n<p><strong><em>15\/01\/2018, Xalapa, Ver.-<\/em> <\/strong>El Consejo Acad\u00e9mico de El Colegio de San Luis, A.C. (<em>Colsan<\/em>), respald\u00f3 la propuesta de designar a Juan Ortiz Escamilla, investigador del Instituto de Investigaciones Hist\u00f3rico-Sociales (IIH-S) de la Universidad Veracruzana (UV), como titular de la C\u00e1tedra Institucional \u201cPrimo Feliciano Vel\u00e1zquez\u201d, adscrita al Programa de Historia, durante 2018.<\/p>\n<p>El prop\u00f3sito de las c\u00e1tedras es fortalecer los programas de\u00a0 investigaci\u00f3n y docencia de la instituci\u00f3n, mediante la invitaci\u00f3n a un acad\u00e9mico distinguido que desarrolle un programa de trabajo a lo largo del a\u00f1o, principalmente con los investigadores y estudiantes de Historia y cuyo resultado final pudiera ser publicable.<\/p>\n<p>Este anuncio fue enviado a Ortiz Escamilla a principios del presente a\u00f1o a trav\u00e9s de un oficio firmado por David Eduardo V\u00e1zquez Salguero, presidente del <em>Colsan<\/em>.<\/p>\n<p>Al respecto, destac\u00f3 que se trata de un reconocimiento importante en lo personal, pero principalmente para la UV, pues son indicadores que elevan su nivel acad\u00e9mico y la calidad de sus programas educativos (PE).<\/p>\n<p>Enfatiz\u00f3 el hecho de que\u00a0 investigadores de esta casa de estudios participen en programas de otras instituciones de excelencia como el <em>Colsan<\/em>, que forma parte del Consejo Nacional de Ciencia y Tecnolog\u00eda (<em>Conacyt<\/em>).<\/p>\n<p>\u201cEs un gran logro para la Universidad Veracruzana y su comunidad, ya que es la primera vez que le otorgan este m\u00e9rito a alguien de la instituci\u00f3n.\u201d<\/p>\n<p>Inform\u00f3 que como responsable de la c\u00e1tedra dedicada a Primo Feliciano Vel\u00e1zquez, considerado el m\u00e1s erudito historiador potosino, ha propuesto implementar dos seminarios, uno de ellos estar\u00e1 relacionado con la historia de la guerra en San Luis Potos\u00ed, donde se estudiar\u00e1 desde la guerra de Conquista hasta la del narcotr\u00e1fico, pasando por la de 1810 y de expansi\u00f3n que dur\u00f3 hasta el siglo XIX.<\/p>\n<p>\u201cVamos a estudiar la Revoluci\u00f3n Mexicana y la Guerra Cristera, as\u00ed como la Segunda Guerra Mundial.\u201d<\/p>\n<p>Adem\u00e1s se har\u00e1 un libro muy completo sobre las l\u00edneas de investigaci\u00f3n que \u00e9l desarrolla y les interesa a los investigadores del <em>Colsan<\/em>.<\/p>\n<p>El siguiente proyecto est\u00e1 relacionado con el rescate de los patrimonios natural, hist\u00f3rico y cultural, que es una l\u00ednea de investigaci\u00f3n que estudia desde 2002.<\/p>\n<p>Al respecto, asever\u00f3 que a partir de ese a\u00f1o y hasta 2006 labor\u00f3 en El Colegio de Michoac\u00e1n, donde se elabor\u00f3 un proyecto para la recuperaci\u00f3n de dichos patrimonios.<\/p>\n<p>Despu\u00e9s, de 2007 a 2012, se hizo en el estado de Veracruz con Enrique Florescano. Ah\u00ed se abordaron los atlas del patrimonio natural, hist\u00f3rico y cultural de la entidad, as\u00ed como estudios de la riqueza patrimonial de \u00e1reas naturales protegidas, etc\u00e9tera.<\/p>\n<p>Por ello, en San Luis Potos\u00ed \u00e9l propone la construcci\u00f3n de una plataforma digital para visibilizar estos saberes tradicionales.<\/p>\n<p>Expuso que de la cultura les interesa recuperar todo lo que tiene que ver con gastronom\u00eda, fiestas y tradiciones, m\u00fasica y danza, arte y artesan\u00edas, as\u00ed como escritores tradicionales en las comunidades.<\/p>\n<p>\u201cCon ello podemos visibilizar el v\u00ednculo con la academia, las instituciones de gobierno y la sociedad.\u201d<\/p>\n<p>Asever\u00f3 que para la construcci\u00f3n de estas plataformas se requiere de la participaci\u00f3n popular directa de las comunidades.<\/p>\n<p>El historiador y autor de varios libros detall\u00f3 que para desarrollar estos proyectos, \u00e9l personalmente orientar\u00e1 y proporcionar\u00e1 los conocimientos a investigadores del <em>Colsan<\/em> y de la Universidad Aut\u00f3noma de San Luis (UASLP)<\/p>\n<p>En otro orden de ideas, anunci\u00f3 la realizaci\u00f3n de un congreso internacional sobre el quinto centenario del inicio de la Conquista espa\u00f1ola, que tendr\u00e1 lugar en la ciudad de Xalapa en septiembre.<\/p>\n","protected":false},"excerpt":{"rendered":"<p><strong><em>Claudia Peralta.-<\/em><\/strong>El Consejo Acad\u00e9mico de El Colegio de San Luis, A.C. (Colsan), respald\u00f3 la propuesta de designar a Juan Ortiz Escamilla, como titular de la C\u00e1tedra Institucional \u201cPrimo Feliciano Vel\u00e1zquez\u201d.<\/p>\n","protected":false},"author":1777,"featured_media":40243,"comment_status":"closed","ping_status":"closed","sticky":false,"template":"","format":"standard","meta":{"footnotes":""},"categories":[1],"tags":[2],"class_list":["post-40240","post","type-post","status-publish","format-standard","has-post-thumbnail","hentry","category-general","tag-principal"],"_links":{"self":[{"href":"https:\/\/www.uv.mx\/prensa\/wp-json\/wp\/v2\/posts\/40240","targetHints":{"allow":["GET"]}}],"collection":[{"href":"https:\/\/www.uv.mx\/prensa\/wp-json\/wp\/v2\/posts"}],"about":[{"href":"https:\/\/www.uv.mx\/prensa\/wp-json\/wp\/v2\/types\/post"}],"author":[{"embeddable":true,"href":"https:\/\/www.uv.mx\/prensa\/wp-json\/wp\/v2\/users\/1777"}],"replies":[{"embeddable":true,"href":"https:\/\/www.uv.mx\/prensa\/wp-json\/wp\/v2\/comments?post=40240"}],"version-history":[{"count":0,"href":"https:\/\/www.uv.mx\/prensa\/wp-json\/wp\/v2\/posts\/40240\/revisions"}],"wp:featuredmedia":[{"embeddable":true,"href":"https:\/\/www.uv.mx\/prensa\/wp-json\/wp\/v2\/media\/40243"}],"wp:attachment":[{"href":"https:\/\/www.uv.mx\/prensa\/wp-json\/wp\/v2\/media?parent=40240"}],"wp:term":[{"taxonomy":"category","embeddable":true,"href":"https:\/\/www.uv.mx\/prensa\/wp-json\/wp\/v2\/categories?post=40240"},{"taxonomy":"post_tag","embeddable":true,"href":"https:\/\/www.uv.mx\/prensa\/wp-json\/wp\/v2\/tags?post=40240"}],"curies":[{"name":"wp","href":"https:\/\/api.w.org\/{rel}","templated":true}]}}