{"id":40228,"date":"2018-01-15T15:58:27","date_gmt":"2018-01-15T21:58:27","guid":{"rendered":"https:\/\/www.uv.mx\/prensa\/?p=40228"},"modified":"2018-01-23T20:08:15","modified_gmt":"2018-01-24T02:08:15","slug":"gimnasio-de-la-unidad-deportiva-esta-en-mantenimiento","status":"publish","type":"post","link":"https:\/\/www.uv.mx\/prensa\/deportes\/gimnasio-de-la-unidad-deportiva-esta-en-mantenimiento\/","title":{"rendered":"Gimnasio de la Unidad Deportiva est\u00e1 en mantenimiento"},"content":{"rendered":"<ul>\n<li><em>Contar\u00e1 con renovada duela y trabajo especial en otras \u00e1reas<\/em><\/li>\n<\/ul>\n<p>&nbsp;<\/p>\n<div id='gallery-1' class='gallery galleryid-40228 gallery-columns-4 gallery-size-full'><dl class='gallery-item'>\n\t\t\t<dt class='gallery-icon landscape'>\n\t\t\t\t<a href='https:\/\/www.uv.mx\/prensa\/files\/2018\/01\/150118-gimnasio-1-ok.jpg'><img loading=\"lazy\" decoding=\"async\" width=\"722\" height=\"483\" src=\"https:\/\/www.uv.mx\/prensa\/files\/2018\/01\/150118-gimnasio-1-ok.jpg\" class=\"attachment-full size-full\" alt=\"\" aria-describedby=\"gallery-1-40229\" srcset=\"https:\/\/www.uv.mx\/prensa\/files\/2018\/01\/150118-gimnasio-1-ok.jpg 722w, https:\/\/www.uv.mx\/prensa\/files\/2018\/01\/150118-gimnasio-1-ok-300x201.jpg 300w\" sizes=\"auto, (max-width: 722px) 100vw, 722px\" \/><\/a>\n\t\t\t<\/dt>\n\t\t\t\t<dd class='wp-caption-text gallery-caption' id='gallery-1-40229'>\n\t\t\t\tCarlos Castillo Salas, gerente de la Unidad Deportiva UV\n\t\t\t\t<\/dd><\/dl><dl class='gallery-item'>\n\t\t\t<dt class='gallery-icon landscape'>\n\t\t\t\t<a href='https:\/\/www.uv.mx\/prensa\/files\/2018\/01\/150118-gimnasio-2-ok.jpg'><img loading=\"lazy\" decoding=\"async\" width=\"722\" height=\"482\" src=\"https:\/\/www.uv.mx\/prensa\/files\/2018\/01\/150118-gimnasio-2-ok.jpg\" class=\"attachment-full size-full\" alt=\"\" aria-describedby=\"gallery-1-40233\" srcset=\"https:\/\/www.uv.mx\/prensa\/files\/2018\/01\/150118-gimnasio-2-ok.jpg 722w, https:\/\/www.uv.mx\/prensa\/files\/2018\/01\/150118-gimnasio-2-ok-300x200.jpg 300w\" sizes=\"auto, (max-width: 722px) 100vw, 722px\" \/><\/a>\n\t\t\t<\/dt>\n\t\t\t\t<dd class='wp-caption-text gallery-caption' id='gallery-1-40233'>\n\t\t\t\tEste espacio forma parte del Campus para la Cultura las Artes y el Deporte\n\t\t\t\t<\/dd><\/dl><dl class='gallery-item'>\n\t\t\t<dt class='gallery-icon landscape'>\n\t\t\t\t<a href='https:\/\/www.uv.mx\/prensa\/files\/2018\/01\/150118-gimnasio-44.jpg'><img loading=\"lazy\" decoding=\"async\" width=\"722\" height=\"481\" src=\"https:\/\/www.uv.mx\/prensa\/files\/2018\/01\/150118-gimnasio-44.jpg\" class=\"attachment-full size-full\" alt=\"\" aria-describedby=\"gallery-1-40827\" srcset=\"https:\/\/www.uv.mx\/prensa\/files\/2018\/01\/150118-gimnasio-44.jpg 722w, https:\/\/www.uv.mx\/prensa\/files\/2018\/01\/150118-gimnasio-44-300x200.jpg 300w\" sizes=\"auto, (max-width: 722px) 100vw, 722px\" \/><\/a>\n\t\t\t<\/dt>\n\t\t\t\t<dd class='wp-caption-text gallery-caption' id='gallery-1-40827'>\n\t\t\t\tLos trabajos iniciaron el 2 de enero y concluir\u00e1n el lunes 22\n\t\t\t\t<\/dd><\/dl><dl class='gallery-item'>\n\t\t\t<dt class='gallery-icon landscape'>\n\t\t\t\t<a href='https:\/\/www.uv.mx\/prensa\/files\/2018\/01\/150118-gimnasio-33.jpg'><img loading=\"lazy\" decoding=\"async\" width=\"722\" height=\"481\" src=\"https:\/\/www.uv.mx\/prensa\/files\/2018\/01\/150118-gimnasio-33.jpg\" class=\"attachment-full size-full\" alt=\"\" aria-describedby=\"gallery-1-40826\" srcset=\"https:\/\/www.uv.mx\/prensa\/files\/2018\/01\/150118-gimnasio-33.jpg 722w, https:\/\/www.uv.mx\/prensa\/files\/2018\/01\/150118-gimnasio-33-300x200.jpg 300w\" sizes=\"auto, (max-width: 722px) 100vw, 722px\" \/><\/a>\n\t\t\t<\/dt>\n\t\t\t\t<dd class='wp-caption-text gallery-caption' id='gallery-1-40826'>\n\t\t\t\tTrabajo especial en la duela del gimnasio\n\t\t\t\t<\/dd><\/dl><br style=\"clear: both\" \/>\n\t\t<\/div>\n\n<p><strong><em>Santiago Morales Ortiz<\/em><\/strong><\/p>\n<p>&nbsp;<\/p>\n<p><strong><em>15\/01\/2018, Xalapa, Ver.-<\/em><\/strong> El gimnasio de la Unidad Deportiva del Campus para la Cultura, las Artes y el Deporte (CCAD) de la Universidad Veracruzana (UV), mejor conocido como el \u201cNido de los <em>Halcones<\/em>\u201d, recibe mantenimiento especial.<\/p>\n<p>Se trata de renovaci\u00f3n de la duela y otra serie de trabajos como pintura, reparaci\u00f3n y limpieza en otras \u00e1reas, inform\u00f3 Carlos Castillo Salas, gerente del CCAD, el cual est\u00e1 a cargo de la Fundaci\u00f3n UV.<\/p>\n<p>Se\u00f1al\u00f3 que los trabajos iniciaron el d\u00eda 2 y concluir\u00e1n el 22 de enero para normalizar, entre otras actividades, entrenamientos y juegos de la Asociaci\u00f3n de Basquetbol Estudiantil, Escuela de Basquetbol de <em>Halcones<\/em> y cursos del \u00c1rea de Formaci\u00f3n de Elecci\u00f3n Libre (AFEL).<\/p>\n<p>Carlos Castillo destac\u00f3 que el mantenimiento era necesario desde hace varios a\u00f1os, sobre todo en la duela que ya estaba deteriorada.<\/p>\n<p>Los trabajos est\u00e1n a cargo de personal especializado proveniente de Monterrey, que repara un \u00e1rea aproximada de 200 metros.<\/p>\n<p>A\u00f1adi\u00f3 que al concluir el trabajo en la duela se har\u00e1n otras adecuaciones, como mantenimiento especial en techo, tribunas y vestidores, incluyendo el desv\u00edo de un cause en el exterior del gimnasio que provocaba humedad durante la temporada de lluvias.<\/p>\n<p>Castillo Salas agreg\u00f3 que en general es bueno el estado de la Unidad Deportiva Universitaria, con el empastado de canchas, pintado y reparaci\u00f3n, trabajos que contin\u00faan en otras \u00e1reas.<\/p>\n<p>Resalt\u00f3 que la prioridad en la atenci\u00f3n a los deportistas es para la comunidad universitaria, as\u00ed como a las escuelas deportivas y personal extra universitario.<\/p>\n","protected":false},"excerpt":{"rendered":"<p><strong><em> Santiago Morales Ortiz.-<\/em><\/strong> El gimnasio de la Unidad Deportiva del Campus para la Cultura, las Artes y el Deporte (CCAD) de la Universidad Veracruzana (UV) est\u00e1 en reparaci\u00f3n.<\/p>\n","protected":false},"author":1809,"featured_media":40236,"comment_status":"closed","ping_status":"closed","sticky":false,"template":"","format":"standard","meta":{"footnotes":""},"categories":[12],"tags":[],"class_list":["post-40228","post","type-post","status-publish","format-standard","has-post-thumbnail","hentry","category-deportes"],"_links":{"self":[{"href":"https:\/\/www.uv.mx\/prensa\/wp-json\/wp\/v2\/posts\/40228","targetHints":{"allow":["GET"]}}],"collection":[{"href":"https:\/\/www.uv.mx\/prensa\/wp-json\/wp\/v2\/posts"}],"about":[{"href":"https:\/\/www.uv.mx\/prensa\/wp-json\/wp\/v2\/types\/post"}],"author":[{"embeddable":true,"href":"https:\/\/www.uv.mx\/prensa\/wp-json\/wp\/v2\/users\/1809"}],"replies":[{"embeddable":true,"href":"https:\/\/www.uv.mx\/prensa\/wp-json\/wp\/v2\/comments?post=40228"}],"version-history":[{"count":0,"href":"https:\/\/www.uv.mx\/prensa\/wp-json\/wp\/v2\/posts\/40228\/revisions"}],"wp:featuredmedia":[{"embeddable":true,"href":"https:\/\/www.uv.mx\/prensa\/wp-json\/wp\/v2\/media\/40236"}],"wp:attachment":[{"href":"https:\/\/www.uv.mx\/prensa\/wp-json\/wp\/v2\/media?parent=40228"}],"wp:term":[{"taxonomy":"category","embeddable":true,"href":"https:\/\/www.uv.mx\/prensa\/wp-json\/wp\/v2\/categories?post=40228"},{"taxonomy":"post_tag","embeddable":true,"href":"https:\/\/www.uv.mx\/prensa\/wp-json\/wp\/v2\/tags?post=40228"}],"curies":[{"name":"wp","href":"https:\/\/api.w.org\/{rel}","templated":true}]}}