{"id":40160,"date":"2018-01-12T21:00:34","date_gmt":"2018-01-13T03:00:34","guid":{"rendered":"https:\/\/www.uv.mx\/prensa\/?p=40160"},"modified":"2018-01-13T13:51:37","modified_gmt":"2018-01-13T19:51:37","slug":"qfb-ha-hecho-quimica-con-casi-mil-ninos","status":"publish","type":"post","link":"https:\/\/www.uv.mx\/prensa\/ciencia\/qfb-ha-hecho-quimica-con-casi-mil-ninos\/","title":{"rendered":"QFB ha hecho qu\u00edmica con casi mil ni\u00f1os"},"content":{"rendered":"<ul>\n<li><i>Profesores y estudiantes<\/i><i> estuvieron presentes en la 4\u00aa Escuela de Invierno de Rob\u00f3tica, realizada en el Casino Xalape\u00f1o<\/i><\/li>\n<\/ul>\n<p>&nbsp;<\/p>\n<div id='gallery-1' class='gallery galleryid-40160 gallery-columns-2 gallery-size-full'><dl class='gallery-item'>\n\t\t\t<dt class='gallery-icon landscape'>\n\t\t\t\t<a href='https:\/\/www.uv.mx\/prensa\/files\/2018\/01\/120118-taller-quimica-1.jpg'><img loading=\"lazy\" decoding=\"async\" width=\"722\" height=\"482\" src=\"https:\/\/www.uv.mx\/prensa\/files\/2018\/01\/120118-taller-quimica-1.jpg\" class=\"attachment-full size-full\" alt=\"Equipo de profesores y estudiantes de QFB\" aria-describedby=\"gallery-1-40151\" srcset=\"https:\/\/www.uv.mx\/prensa\/files\/2018\/01\/120118-taller-quimica-1.jpg 722w, https:\/\/www.uv.mx\/prensa\/files\/2018\/01\/120118-taller-quimica-1-300x200.jpg 300w\" sizes=\"auto, (max-width: 722px) 100vw, 722px\" \/><\/a>\n\t\t\t<\/dt>\n\t\t\t\t<dd class='wp-caption-text gallery-caption' id='gallery-1-40151'>\n\t\t\t\tEquipo de profesores y estudiantes de QFB\n\t\t\t\t<\/dd><\/dl><dl class='gallery-item'>\n\t\t\t<dt class='gallery-icon landscape'>\n\t\t\t\t<a href='https:\/\/www.uv.mx\/prensa\/files\/2018\/01\/120118-taller-quimica-3.jpg'><img loading=\"lazy\" decoding=\"async\" width=\"722\" height=\"482\" src=\"https:\/\/www.uv.mx\/prensa\/files\/2018\/01\/120118-taller-quimica-3.jpg\" class=\"attachment-full size-full\" alt=\"Ni\u00f1os de diferentes edades elaboraron l\u00e1mparas m\u00e1gicas\" aria-describedby=\"gallery-1-40153\" srcset=\"https:\/\/www.uv.mx\/prensa\/files\/2018\/01\/120118-taller-quimica-3.jpg 722w, https:\/\/www.uv.mx\/prensa\/files\/2018\/01\/120118-taller-quimica-3-300x200.jpg 300w\" sizes=\"auto, (max-width: 722px) 100vw, 722px\" \/><\/a>\n\t\t\t<\/dt>\n\t\t\t\t<dd class='wp-caption-text gallery-caption' id='gallery-1-40153'>\n\t\t\t\tNi\u00f1os de diferentes edades elaboraron l\u00e1mparas m\u00e1gicas\n\t\t\t\t<\/dd><\/dl><br style=\"clear: both\" \/>\n\t\t<\/div>\n\n<p>&nbsp;<\/p>\n<p><b><i>Paola Cort\u00e9s P\u00e9rez<\/i><\/b><\/p>\n<p>&nbsp;<\/p>\n<p><b><i>12<\/i><\/b><b><i>\/01\/2018, Xalapa, Ver.-<\/i><\/b> Desde 2016, el taller \u201cEl mundo de la qu\u00edmica\u201d se ha impartido a cerca de mil ni\u00f1os, mostr\u00e1ndoles que la ciencia puede ser divertida, se\u00f1al\u00f3 Gabriel Arturo Soto, profesor de la Facultad de Qu\u00edmica Farmac\u00e9utica Biol\u00f3gica (QFB) de la Universidad Veracruzana (UV).<\/p>\n<p>El acad\u00e9mico record\u00f3 que el taller surgi\u00f3 de la motivaci\u00f3n que tuvieron algunos profesores por difundir la ciencia entre ni\u00f1os y adolescentes. \u201cCuando lo decidimos de inmediato tomamos un curso sobre difusi\u00f3n de la ciencia, porque sab\u00edamos que trabajar con ni\u00f1os es completamente diferente\u201d, explic\u00f3.<\/p>\n<p>A la fecha, dijo, han contabilizado la asistencia de aproximadamente mil ni\u00f1os en diversos espacios a los que han sido invitados, entre ellos: semanas de la ciencia, Los <i>Cuates<\/i> del Museo de Antropolog\u00eda de Xalapa (MAX), en el programa UV-Peraj, en cursos de verano en coordinaci\u00f3n con el Consejo Veracruzano de Investigaci\u00f3n Cient\u00edfica y Desarrollo Tecnol\u00f3gico (<i>Coveicydet<\/i>), adem\u00e1s de jardines de ni\u00f1os y escuelas primarias.<\/p>\n<p>El equipo de trabajo del taller, conformado por profesores y estudiantes de QFB, inici\u00f3 el presente a\u00f1o con su participaci\u00f3n en la 4\u00aa Escuela de Invierno de Rob\u00f3tica, realizada en el Casino Xalape\u00f1o.<\/p>\n<p>Gabriel Soto dijo que mostraron a los asistentes una peque\u00f1a muestra del taller que han acercado a diferentes personas, para que los ni\u00f1os y los j\u00f3venes elaboraran productos como plastilina, l\u00e1mparas de lava, <i>slime<\/i> y otros m\u00e1s.<\/p>\n<p>Estudiantes de licenciatura participaron en cada una de las sesiones que brindaron a lo largo de cinco d\u00edas, una de ellos fue Amanda Garc\u00eda L\u00f3pez, de segundo semestre, quien expres\u00f3 que participar en esta actividad ha sido extraordinario y reconfortante.<\/p>\n<p>&nbsp;<\/p>\n<div id='gallery-2' class='gallery galleryid-40160 gallery-columns-2 gallery-size-full'><dl class='gallery-item'>\n\t\t\t<dt class='gallery-icon landscape'>\n\t\t\t\t<a href='https:\/\/www.uv.mx\/prensa\/files\/2018\/01\/120118-taller-quimica-4.jpg'><img loading=\"lazy\" decoding=\"async\" width=\"722\" height=\"482\" src=\"https:\/\/www.uv.mx\/prensa\/files\/2018\/01\/120118-taller-quimica-4.jpg\" class=\"attachment-full size-full\" alt=\"Estudiantes de licenciatura tambi\u00e9n hicieron plastilina\" aria-describedby=\"gallery-2-40154\" srcset=\"https:\/\/www.uv.mx\/prensa\/files\/2018\/01\/120118-taller-quimica-4.jpg 722w, https:\/\/www.uv.mx\/prensa\/files\/2018\/01\/120118-taller-quimica-4-300x200.jpg 300w\" sizes=\"auto, (max-width: 722px) 100vw, 722px\" \/><\/a>\n\t\t\t<\/dt>\n\t\t\t\t<dd class='wp-caption-text gallery-caption' id='gallery-2-40154'>\n\t\t\t\tEstudiantes de licenciatura tambi\u00e9n hicieron plastilina \n\t\t\t\t<\/dd><\/dl><dl class='gallery-item'>\n\t\t\t<dt class='gallery-icon landscape'>\n\t\t\t\t<a href='https:\/\/www.uv.mx\/prensa\/files\/2018\/01\/120118-taller-quimica-5.jpg'><img loading=\"lazy\" decoding=\"async\" width=\"722\" height=\"482\" src=\"https:\/\/www.uv.mx\/prensa\/files\/2018\/01\/120118-taller-quimica-5.jpg\" class=\"attachment-full size-full\" alt=\"J\u00f3venes se divirtieron mientras hac\u00edan la plastilina tipo slime\" aria-describedby=\"gallery-2-40158\" srcset=\"https:\/\/www.uv.mx\/prensa\/files\/2018\/01\/120118-taller-quimica-5.jpg 722w, https:\/\/www.uv.mx\/prensa\/files\/2018\/01\/120118-taller-quimica-5-300x200.jpg 300w\" sizes=\"auto, (max-width: 722px) 100vw, 722px\" \/><\/a>\n\t\t\t<\/dt>\n\t\t\t\t<dd class='wp-caption-text gallery-caption' id='gallery-2-40158'>\n\t\t\t\tJ\u00f3venes se divirtieron mientras hac\u00edan la plastilina tipo slime \n\t\t\t\t<\/dd><\/dl><br style=\"clear: both\" \/>\n\t\t<\/div>\n\n<p>&nbsp;<\/p>\n<p>\u201cEs asombroso participar en el taller porque llevamos sonrisas, diversi\u00f3n y conocimiento a ni\u00f1os; tambi\u00e9n se han acercado j\u00f3venes y adultos que disfrutaron de cada actividad.<\/p>\n<p>\u201dEs lindo ver como los ni\u00f1os poco a poco se acercan a la qu\u00edmica y se dan cuenta que no es una ciencia aburrida, sino se trata de una disciplina que puede llevarlos a otros mundos donde se divierten y juegan. Les sacamos sonrisas.\u201d<\/p>\n<p>Coment\u00f3 que llevar el taller a comunidades de escasos recursos motiv\u00f3 a los ni\u00f1os a ser menos retra\u00eddos y m\u00e1s participativos. Esta actividad fue satisfactoria a nivel personal; mientras que en el \u00e1mbito acad\u00e9mico aprenden cosas nuevas todos los d\u00edas.<\/p>\n<p>\u201cNos vuelve m\u00e1s humanos y nos ense\u00f1a a tener m\u00e1s tacto con las personas, en especial con los ni\u00f1os quienes tienen una mente impresionante, todo lo que les transmitimos lo aprenden.\u201d<\/p>\n<p>Gabriel Soto dijo que en estos a\u00f1os se han dado cuenta que el taller tiene un impacto social: en la formaci\u00f3n de los ni\u00f1os; en los acad\u00e9micos les permite desarrollarse en un \u00e1mbito diferente, y a los estudiantes de licenciatura les ense\u00f1a a hablar en p\u00fablico y ver que la qu\u00edmica puede difundirse en diferentes niveles.<\/p>\n<p>\u201cCon esto s\u00ed hay un impacto social, una transversalidad del conocimiento, hay una excelente dupla alumno-maestro que da como resultado un verdadero producto social, a nosotros nos ha dejado muchas satisfacciones.\u201d<\/p>\n<p>Cabe destacar que los profesores y estudiantes brindan el taller de acuerdo a la edad de los asistentes; por ejemplo, si son de jard\u00edn de ni\u00f1os y primarias, les ense\u00f1an a elaborar plastilina, l\u00e1mparas m\u00e1gicas, <i>slime<\/i>, l\u00e1mparas de lava y otros experimentos. Si es para nivel de secundaria, entonces les muestran c\u00f3mo se elabora gel antibacterial, jabones y otros productos.<\/p>\n","protected":false},"excerpt":{"rendered":"<p><strong><em>Paola Cort\u00e9s.-<\/em><\/strong> Desde 2016, el taller \u201cEl mundo de la qu\u00edmica\u201d ha mostrado que la ciencia puede ser divertida<\/p>\n","protected":false},"author":1508,"featured_media":40155,"comment_status":"closed","ping_status":"closed","sticky":false,"template":"","format":"standard","meta":{"footnotes":""},"categories":[45],"tags":[],"class_list":["post-40160","post","type-post","status-publish","format-standard","has-post-thumbnail","hentry","category-ciencia"],"_links":{"self":[{"href":"https:\/\/www.uv.mx\/prensa\/wp-json\/wp\/v2\/posts\/40160","targetHints":{"allow":["GET"]}}],"collection":[{"href":"https:\/\/www.uv.mx\/prensa\/wp-json\/wp\/v2\/posts"}],"about":[{"href":"https:\/\/www.uv.mx\/prensa\/wp-json\/wp\/v2\/types\/post"}],"author":[{"embeddable":true,"href":"https:\/\/www.uv.mx\/prensa\/wp-json\/wp\/v2\/users\/1508"}],"replies":[{"embeddable":true,"href":"https:\/\/www.uv.mx\/prensa\/wp-json\/wp\/v2\/comments?post=40160"}],"version-history":[{"count":0,"href":"https:\/\/www.uv.mx\/prensa\/wp-json\/wp\/v2\/posts\/40160\/revisions"}],"wp:featuredmedia":[{"embeddable":true,"href":"https:\/\/www.uv.mx\/prensa\/wp-json\/wp\/v2\/media\/40155"}],"wp:attachment":[{"href":"https:\/\/www.uv.mx\/prensa\/wp-json\/wp\/v2\/media?parent=40160"}],"wp:term":[{"taxonomy":"category","embeddable":true,"href":"https:\/\/www.uv.mx\/prensa\/wp-json\/wp\/v2\/categories?post=40160"},{"taxonomy":"post_tag","embeddable":true,"href":"https:\/\/www.uv.mx\/prensa\/wp-json\/wp\/v2\/tags?post=40160"}],"curies":[{"name":"wp","href":"https:\/\/api.w.org\/{rel}","templated":true}]}}