{"id":39991,"date":"2018-01-11T11:24:35","date_gmt":"2018-01-11T17:24:35","guid":{"rendered":"https:\/\/www.uv.mx\/prensa\/?p=39991"},"modified":"2018-01-16T14:02:40","modified_gmt":"2018-01-16T20:02:40","slug":"posgrados-de-la-fcq-impactan-directamente-en-las-organizaciones","status":"publish","type":"post","link":"https:\/\/www.uv.mx\/prensa\/general\/posgrados-de-la-fcq-impactan-directamente-en-las-organizaciones\/","title":{"rendered":"Posgrados de la FCQ impactan  directamente en las organizaciones"},"content":{"rendered":"<p>&nbsp;<\/p>\n<ul>\n<li><em>Por su calidad y pertinencia social fueron renovadas dentro del Padr\u00f3n del Programa Nacional de Posgrados de Calidad (PNPC)<\/em><\/li>\n<li><em>Es el caso de la Maestr\u00eda en Ingenier\u00eda de la Calidad y la Especializaci\u00f3n en Diagn\u00f3stico y Gesti\u00f3n Ambiental<\/em><\/li>\n<li><em>Dio a conocer Francisco Espinosa Mej\u00eda, coordinador de posgrados de esa entidad acad\u00e9mica<\/em><\/li>\n<\/ul>\n<p>&nbsp;<\/p>\n<div id=\"attachment_39997\" style=\"width: 732px\" class=\"wp-caption aligncenter\"><a href=\"https:\/\/www.uv.mx\/prensa\/files\/2018\/01\/110118-POSGRADOS-FCQ-foto-1-banner-y-destacada-ok-ok.jpg\"><img loading=\"lazy\" decoding=\"async\" aria-describedby=\"caption-attachment-39997\" class=\"size-full wp-image-39997\" src=\"https:\/\/www.uv.mx\/prensa\/files\/2018\/01\/110118-POSGRADOS-FCQ-foto-1-banner-y-destacada-ok-ok.jpg\" alt=\"\" width=\"722\" height=\"418\" \/><\/a><p id=\"caption-attachment-39997\" class=\"wp-caption-text\">Acad\u00e9micos e investigadores de la Facultad de Ciencias Qu\u00edmicas durante un curso sobre calidad<\/p><\/div>\n<p>&nbsp;<\/p>\n<p><strong><em>Claudia Peralta V\u00e1zquez<\/em><\/strong><\/p>\n<p>&nbsp;<\/p>\n<p><strong><em>11\/01\/18, Xalapa, Ver.-<\/em><\/strong>La Maestr\u00eda en Ingenier\u00eda de la Calidad y la Especializaci\u00f3n en Diagn\u00f3stico y Gesti\u00f3n Ambiental,\u00a0 adscritas a la Facultad de Ciencias Qu\u00edmicas (FCQ), regi\u00f3n Xalapa,\u00a0 de la Universidad Veracruzana (UV) logr\u00f3 recientemente su renovaci\u00f3n dentro del padr\u00f3n del Programa Nacional de Posgrados de Calidad (PNPC), del Consejo Nacional de Ciencia y Tecnolog\u00eda (Conacyt).<\/p>\n<p>Este hecho le vali\u00f3 un reconocimiento a ambos programas educativos (PE),\u00a0recibidos por el coordinador Francisco Espinosa Mej\u00eda, mismos que fueron entregados por la rectora de la UV, Sara Ladr\u00f3n de Guevara, a trav\u00e9s de la Secretaria Acad\u00e9mica y la Direcci\u00f3n General de la Unidad de Estudios de Posgrados.<\/p>\n<p>Lo anterior, durante una ceremonia celebrada el pasado mi\u00e9rcoles 13 de diciembre, en la sala de videoconferencia de la Unidad de Servicios Bibliotecarios y de Informaci\u00f3n (USBI) Xalapa.<\/p>\n<p>Al respecto, Espinosa Mej\u00eda mencion\u00f3 que esta distinci\u00f3n representa un premio a la constancia de la calidad que se ofrece a los estudiantes; y anunci\u00f3 que ya se encuentran en proceso de certificaci\u00f3n estos dos posgrados en ISO 9001:2015.<\/p>\n<p>Dio a conocer que ambos programas ingresaron al PNPC, en el 2010 la Especializaci\u00f3n en Diagn\u00f3stico y Gesti\u00f3n Ambiental y en el 2014 la Maestr\u00eda en Ingenier\u00eda de la Calidad, en el presente se logr\u00f3 la renovaci\u00f3n, por lo cual celebr\u00f3 que tanto la maestr\u00eda como la especializaci\u00f3n est\u00e9n avalados por instrumentos muy r\u00edgidos lo que les da un posicionamiento en el mercado y en la industria.<\/p>\n<p>&nbsp;<\/p>\n<div id=\"attachment_39992\" style=\"width: 732px\" class=\"wp-caption aligncenter\"><a href=\"https:\/\/www.uv.mx\/prensa\/files\/2018\/01\/Posgrados-FCQ-110218-ok-ok.jpg\"><img loading=\"lazy\" decoding=\"async\" aria-describedby=\"caption-attachment-39992\" class=\"size-full wp-image-39992\" src=\"https:\/\/www.uv.mx\/prensa\/files\/2018\/01\/Posgrados-FCQ-110218-ok-ok.jpg\" alt=\"\" width=\"722\" height=\"502\" srcset=\"https:\/\/www.uv.mx\/prensa\/files\/2018\/01\/Posgrados-FCQ-110218-ok-ok.jpg 722w, https:\/\/www.uv.mx\/prensa\/files\/2018\/01\/Posgrados-FCQ-110218-ok-ok-300x209.jpg 300w\" sizes=\"auto, (max-width: 722px) 100vw, 722px\" \/><\/a><p id=\"caption-attachment-39992\" class=\"wp-caption-text\">Francisco Espinosa Mej\u00eda, coordinador de posgrados de la FCQ<\/p><\/div>\n<p>&nbsp;<\/p>\n<p>\u201cAmbos \u00a0posgrados son un \u00edcono que impactan directamente en las organizaciones\u201d, resalt\u00f3 el acad\u00e9mico de la FCQ.<\/p>\n<p>Subray\u00f3 que de 1994 al 2000, la UV se \u00a0logr\u00f3 reivindicar con estos dos\u00a0 posgrados ante la iniciativa privada y con dependencias de gobierno.<\/p>\n<p>Al respecto la Maestr\u00eda en Ingenier\u00eda de la Calidad inici\u00f3 en 1994 como Especializaci\u00f3n en Control de la Calidad, destac\u00f3 que fue el primer posgrado en calidad que hubo en M\u00e9xico, pues s\u00f3lo hab\u00eda dos diplomados \u00a0que ofertaban la Universidad\u00a0 Aut\u00f3noma del Estado de Hidalgo (UAEH) y el Instituto Polit\u00e9cnico Nacional (IPN).<\/p>\n<p>A la fecha, han egresado alrededor de 23 generaciones de alumnos. Entre\u00a0\u00a0 1996 y 1998, la Especializaci\u00f3n en Diagn\u00f3stico y Gesti\u00f3n Ambiental se traslad\u00f3 a la Universidad Ju\u00e1rez Aut\u00f3noma de Tabasco (UJAT), de donde salieron dos generaciones de especialistas, tambi\u00e9n fue ofertada en el campus de Poza Rica.<\/p>\n<p>Respecto a la Maestr\u00eda en Ingenier\u00eda de la Calidad esta inicia en el 2014 de la cual han egresado dos generaciones. De la primera generaci\u00f3n se han titulado \u00a0nueve alumnos de un total de 14; mientras que de la segunda \u00a0el cien por ciento (12), actualmente se encuentra en gesti\u00f3n para impartirla en Instituto Tecnol\u00f3gico Superior de Tuxtla Guti\u00e9rrez, Chiapas.<\/p>\n<p>\u201cLo m\u00e1s dif\u00edcil de mantener a ambos posgrados dentro del PNPC ha sido a trav\u00e9s de la gesti\u00f3n universitaria y del trabajo colaborativo constante entre alumnos, acad\u00e9micos e iniciativa privada, donde en esta \u00faltima se genera la vinculaci\u00f3n la cual es importante ya que \u00a0conjuga conocimiento y experiencia\u201d.<\/p>\n<p>&nbsp;<\/p>\n<p>&nbsp;<\/p>\n","protected":false},"excerpt":{"rendered":"<p><strong><em>Claudia Peralta.-<\/em><\/strong>La Maestr\u00eda en Ingenier\u00eda de la Calidad y la Especializaci\u00f3n en Diagn\u00f3stico y Gesti\u00f3n Ambiental fueron renovadas dentro del PNPC del Conacyt.<\/p>\n","protected":false},"author":1810,"featured_media":39993,"comment_status":"closed","ping_status":"closed","sticky":false,"template":"","format":"standard","meta":{"footnotes":""},"categories":[1],"tags":[3],"class_list":["post-39991","post","type-post","status-publish","format-standard","has-post-thumbnail","hentry","category-general","tag-secundarias"],"_links":{"self":[{"href":"https:\/\/www.uv.mx\/prensa\/wp-json\/wp\/v2\/posts\/39991","targetHints":{"allow":["GET"]}}],"collection":[{"href":"https:\/\/www.uv.mx\/prensa\/wp-json\/wp\/v2\/posts"}],"about":[{"href":"https:\/\/www.uv.mx\/prensa\/wp-json\/wp\/v2\/types\/post"}],"author":[{"embeddable":true,"href":"https:\/\/www.uv.mx\/prensa\/wp-json\/wp\/v2\/users\/1810"}],"replies":[{"embeddable":true,"href":"https:\/\/www.uv.mx\/prensa\/wp-json\/wp\/v2\/comments?post=39991"}],"version-history":[{"count":0,"href":"https:\/\/www.uv.mx\/prensa\/wp-json\/wp\/v2\/posts\/39991\/revisions"}],"wp:featuredmedia":[{"embeddable":true,"href":"https:\/\/www.uv.mx\/prensa\/wp-json\/wp\/v2\/media\/39993"}],"wp:attachment":[{"href":"https:\/\/www.uv.mx\/prensa\/wp-json\/wp\/v2\/media?parent=39991"}],"wp:term":[{"taxonomy":"category","embeddable":true,"href":"https:\/\/www.uv.mx\/prensa\/wp-json\/wp\/v2\/categories?post=39991"},{"taxonomy":"post_tag","embeddable":true,"href":"https:\/\/www.uv.mx\/prensa\/wp-json\/wp\/v2\/tags?post=39991"}],"curies":[{"name":"wp","href":"https:\/\/api.w.org\/{rel}","templated":true}]}}