{"id":39793,"date":"2018-01-09T12:33:05","date_gmt":"2018-01-09T18:33:05","guid":{"rendered":"https:\/\/www.uv.mx\/prensa\/?p=39793"},"modified":"2018-01-09T15:03:55","modified_gmt":"2018-01-09T21:03:55","slug":"alumna-uv-impartira-taller-sobre-neonatos","status":"publish","type":"post","link":"https:\/\/www.uv.mx\/prensa\/general\/alumna-uv-impartira-taller-sobre-neonatos\/","title":{"rendered":"Alumna UV ofrecer\u00e1 taller sobre neonatos"},"content":{"rendered":"<ul>\n<li><em>Su objetivo es disminuir el estr\u00e9s, angustia e incertidumbre que enfrentan los padres y familiares <\/em><\/li>\n<li><em>\u201cEsos beb\u00e9s son las criaturas m\u00e1s fuertes que conozco, son unos guerreros\u201d, expres\u00f3<\/em><\/li>\n<\/ul>\n<p><strong><em>\u00a0<\/em><\/strong><\/p>\n<p>&nbsp;<\/p>\n<div id=\"attachment_39817\" style=\"width: 732px\" class=\"wp-caption aligncenter\"><a href=\"https:\/\/www.uv.mx\/prensa\/files\/2018\/01\/Neonatos-090118-ok-ok.jpg\"><img loading=\"lazy\" decoding=\"async\" aria-describedby=\"caption-attachment-39817\" class=\"size-full wp-image-39817\" src=\"https:\/\/www.uv.mx\/prensa\/files\/2018\/01\/Neonatos-090118-ok-ok.jpg\" alt=\"\" width=\"722\" height=\"483\" srcset=\"https:\/\/www.uv.mx\/prensa\/files\/2018\/01\/Neonatos-090118-ok-ok.jpg 722w, https:\/\/www.uv.mx\/prensa\/files\/2018\/01\/Neonatos-090118-ok-ok-300x201.jpg 300w\" sizes=\"auto, (max-width: 722px) 100vw, 722px\" \/><\/a><p id=\"caption-attachment-39817\" class=\"wp-caption-text\">Remedios Landa Cruz, alumna de la Maestr\u00eda en Enfermer\u00eda de la UV, busca reducir nivel de estr\u00e9s en familiares de pacientes neonatos<\/p><\/div>\n<p>&nbsp;<\/p>\n<p><strong><em>Claudia Peralta V\u00e1zquez<\/em><\/strong><\/p>\n<p>&nbsp;<\/p>\n<p><strong><em>09\/01\/2018, Xalapa, Ver.- <\/em><\/strong>Remedios Landa Cruz, alumna de la Maestr\u00eda en Enfermer\u00eda que ofrece la Universidad Veracruzana (UV), ofrecer\u00e1 un taller para padres y familiares que tienen ni\u00f1os neonatos, cuyo objetivo principal es disminuir el estr\u00e9s, angustia e incertidumbre que enfrentan. La sede ser\u00e1 el Centro de Alta Especialidad (CAE), adscrito a los Servicios de Salud del Estado de Veracruz (<em>Sesver<\/em>).<\/p>\n<p>Iniciar\u00e1 en febrero pr\u00f3ximo y constar\u00e1 de cuatro sesiones de dos horas cada una, abordar\u00e1 temas como: qu\u00e9 es el \u00e1rea de neonatos; por qu\u00e9 los ni\u00f1os permanecen ah\u00ed; qu\u00e9 es un ni\u00f1o neonato; cu\u00e1l es el equipo y mobiliario con el que cuentan; tipos de ox\u00edgeno que reciben, ya que no siempre los beb\u00e9s estar\u00e1n entubados o con ventilador mec\u00e1nico.<\/p>\n<p>Tambi\u00e9n se les explicar\u00e1 por qu\u00e9 cada ni\u00f1o tiene diferentes tipos de oxigenoterapia y de nutrici\u00f3n, el rol del personal de enfermer\u00eda, as\u00ed como de m\u00e9dicos y qu\u00edmicos.<\/p>\n<p>&nbsp;<\/p>\n<p><strong>Antecedentes<\/strong><\/p>\n<p>El trabajo que Remedios desarrolla desde hace siete a\u00f1os como enfermera en el \u00e1rea de Neonatos 1 del CAE), la llev\u00f3 a dise\u00f1ar un taller que busca reducir el nivel de estr\u00e9s recurrente en los padres y madres de familia de los beb\u00e9s que han nacido de forma prematura.<\/p>\n<p>Esta acci\u00f3n forma parte de su tesis de la Maestr\u00eda en Enfermer\u00eda que cursa en la Universidad Veracruzana (UV), titulado \u201cIntervenci\u00f3n educativa para disminuir el nivel de estr\u00e9s en padres de los reci\u00e9n nacidos hospitalizados en neonatolog\u00eda\u201d, el cual expuso el viernes 5 de enero dentro del 5\u00b0 Foro de Estudiantes de dicho posgrado, efectuado en la sala de videoconferencias de la Unidad de Servicios Bibliotecarios y de Informaci\u00f3n (USBI).<\/p>\n<p>Sin embargo, la intenci\u00f3n de Landa Cruz es que en un futuro el taller se ofrezca de forma permanente en el nosocomio y sea retomado por otras instituciones de salud que albergan tambi\u00e9n un \u00e1rea de neonatolog\u00eda.<\/p>\n<p>Coment\u00f3 que en el quehacer diario ha presenciado los niveles de angustia, estr\u00e9s e incertidumbre de los familiares, quienes muchas veces por cuestiones de trabajo o cuidado de los dem\u00e1s hijos no pueden estar al pendiente del estado de salud del reci\u00e9n nacido.<\/p>\n<p>\u201cLos pap\u00e1s no tienen mucho contacto con los peque\u00f1os y la sobrecarga de trabajo tampoco les permite permanecer con ellos como quisieran.\u201d<\/p>\n<p>Esta situaci\u00f3n tambi\u00e9n sobrepasa el hecho de haber deseado y esperado que su hijo naciera en otras condiciones y que fuera un momento de completa alegr\u00eda como ya lo ten\u00edan planeado.<\/p>\n<p>Es por ello que Remedios Landa se ha enfocado en dialogar con ellos, saber su nombre y el n\u00famero de hijos que tienen; en respuesta, los familiares cuestionan cu\u00e1nto tiempo permanecer\u00e1n sus hijos hospitalizados, pues esos datos no se aclaran en el momento que el beb\u00e9 fue ingresado.<\/p>\n<p>Dijo que aunque en el CAE existe el Departamento de Psicolog\u00eda, muchas veces no se despejan todas esas dudas y es por eso que suelen mostrarse inconformes con el mismo personal.<\/p>\n<p>\u201cEsta situaci\u00f3n es muy normal y a veces el personal de salud no logra entender el trasfondo del problema.\u201d<\/p>\n<p>Precis\u00f3 que el nacimiento prematuro se asocia con el tabaquismo, enfermedades infecciosas presentes en la madre, as\u00ed como con la relaci\u00f3n cultural, de pareja o violencia intrafamiliar.<\/p>\n<p>Las complicaciones presentes en los beb\u00e9s que nacen antes de t\u00e9rmino, entre las semanas 28 y 37, son: inmadurez de los pulmones, dificultad para regular la temperatura corporal, alimentaci\u00f3n deficiente y la lentitud en el aumento de peso.<\/p>\n<p>Adem\u00e1s, los beb\u00e9s prematuros requieren de cuidados neonatales m\u00e1s prolongados o intensivos, medicamentos y, en ciertas ocasiones, hasta cirug\u00eda.<\/p>\n<p>La futura especialista, originaria del municipio de Tlacolulan, se\u00f1al\u00f3 que \u00faltimamente hay un alto \u00edndice de casos de prematurez al interior del CAE, pues aunque existen 10 camas censables a veces se atienden entre 15 y 16 beb\u00e9s.<\/p>\n<p>Por el contrario, en el \u00e1rea de Neonatos 2 los infantes suelen presentar deficiencias respiratorias leves, tienen bajo peso pero su edad gestacional es mayor a las 37 semanas.<\/p>\n<p>No obstante, por situaciones indefinidas, las ni\u00f1as logran salir adelante y recuperarse m\u00e1s que los varones, dijo.<\/p>\n<p>Landa Cruz expres\u00f3 la satisfacci\u00f3n de brindar atenci\u00f3n en ese espacio: \u201cMe encanta estar ah\u00ed, los beb\u00e9s son las criaturas m\u00e1s fuertes que conozco. Ha habido muchos retos, he tenido ni\u00f1os de 800 gramos y han sido dados de alta sin ox\u00edgeno, eso me ha llenado de mucha alegr\u00eda, ese tipo de pacientes son muy fuertes, unos guerreros\u201d.<\/p>\n<p>&nbsp;<\/p>\n","protected":false},"excerpt":{"rendered":"<p><strong><em>Claudia Peralta .-<\/em><\/strong>Remedios Landa Cruz implementar\u00e1 dicha estrategia como parte de su tesis de la Maestr\u00eda en Enfermer\u00eda en el Centro de Alta Especialidad.<\/p>\n","protected":false},"author":1810,"featured_media":39816,"comment_status":"closed","ping_status":"closed","sticky":false,"template":"","format":"standard","meta":{"footnotes":""},"categories":[1],"tags":[3],"class_list":["post-39793","post","type-post","status-publish","format-standard","has-post-thumbnail","hentry","category-general","tag-secundarias"],"_links":{"self":[{"href":"https:\/\/www.uv.mx\/prensa\/wp-json\/wp\/v2\/posts\/39793","targetHints":{"allow":["GET"]}}],"collection":[{"href":"https:\/\/www.uv.mx\/prensa\/wp-json\/wp\/v2\/posts"}],"about":[{"href":"https:\/\/www.uv.mx\/prensa\/wp-json\/wp\/v2\/types\/post"}],"author":[{"embeddable":true,"href":"https:\/\/www.uv.mx\/prensa\/wp-json\/wp\/v2\/users\/1810"}],"replies":[{"embeddable":true,"href":"https:\/\/www.uv.mx\/prensa\/wp-json\/wp\/v2\/comments?post=39793"}],"version-history":[{"count":0,"href":"https:\/\/www.uv.mx\/prensa\/wp-json\/wp\/v2\/posts\/39793\/revisions"}],"wp:featuredmedia":[{"embeddable":true,"href":"https:\/\/www.uv.mx\/prensa\/wp-json\/wp\/v2\/media\/39816"}],"wp:attachment":[{"href":"https:\/\/www.uv.mx\/prensa\/wp-json\/wp\/v2\/media?parent=39793"}],"wp:term":[{"taxonomy":"category","embeddable":true,"href":"https:\/\/www.uv.mx\/prensa\/wp-json\/wp\/v2\/categories?post=39793"},{"taxonomy":"post_tag","embeddable":true,"href":"https:\/\/www.uv.mx\/prensa\/wp-json\/wp\/v2\/tags?post=39793"}],"curies":[{"name":"wp","href":"https:\/\/api.w.org\/{rel}","templated":true}]}}