{"id":39750,"date":"2018-01-09T12:12:25","date_gmt":"2018-01-09T18:12:25","guid":{"rendered":"https:\/\/www.uv.mx\/prensa\/?p=39750"},"modified":"2018-01-09T12:19:36","modified_gmt":"2018-01-09T18:19:36","slug":"uv-impartira-maestria-en-historia-contemporanea","status":"publish","type":"post","link":"https:\/\/www.uv.mx\/prensa\/general\/uv-impartira-maestria-en-historia-contemporanea\/","title":{"rendered":"UV impartir\u00e1 Maestr\u00eda en Historia Contempor\u00e1nea"},"content":{"rendered":"<ul>\n<li><em>El posgrado est\u00e1 adscrito a la Facultad de Historia y la convocatoria se publicar\u00e1 en febrero<\/em><\/li>\n<\/ul>\n<p>&nbsp;<\/p>\n<div id=\"attachment_39754\" style=\"width: 732px\" class=\"wp-caption aligncenter\"><a href=\"https:\/\/www.uv.mx\/prensa\/files\/2018\/01\/Historia-contemporanea-1-091018-ok.jpg\"><img loading=\"lazy\" decoding=\"async\" aria-describedby=\"caption-attachment-39754\" class=\"size-full wp-image-39754\" src=\"https:\/\/www.uv.mx\/prensa\/files\/2018\/01\/Historia-contemporanea-1-091018-ok.jpg\" alt=\"\" width=\"722\" height=\"481\" srcset=\"https:\/\/www.uv.mx\/prensa\/files\/2018\/01\/Historia-contemporanea-1-091018-ok.jpg 722w, https:\/\/www.uv.mx\/prensa\/files\/2018\/01\/Historia-contemporanea-1-091018-ok-300x200.jpg 300w\" sizes=\"auto, (max-width: 722px) 100vw, 722px\" \/><\/a><p id=\"caption-attachment-39754\" class=\"wp-caption-text\">Gerardo Antonio Galindo Pel\u00e1ez<\/p><\/div>\n<p>&nbsp;<\/p>\n<p><strong><em>09\/01\/2018, Xalapa, Ver.-<\/em><\/strong> La Facultad de Historia de la Universidad Veracruzana (UV) impartir\u00e1 por primera ocasi\u00f3n la Maestr\u00eda en Historia Contempor\u00e1nea, cuya convocatoria de ingreso ser\u00e1 publicada por la Direcci\u00f3n General de la Unidad de Estudios de Posgrado en febrero, para iniciar cursos en agosto de este a\u00f1o.<\/p>\n<p>Los acad\u00e9micos Gerardo Antonio Galindo Pel\u00e1ez y Hubonor Ayala Flores, con el apoyo incondicional del director de la entidad, Ra\u00fal Romero Ram\u00edrez, desarrollaron tal proyecto cuya aprobaci\u00f3n se logr\u00f3 en la \u00faltima Sesi\u00f3n Ordinaria del Consejo Universitario General, en diciembre del a\u00f1o pasado.<\/p>\n<p>El objetivo es formar investigadores con s\u00f3lidos conocimientos en el campo historiogr\u00e1fico y metodol\u00f3gico, que sean capaces de desarrollar proyectos de investigaci\u00f3n y de incidir en la sociedad de una manera positiva. El perfil que se requiere es de egresados de la Licenciatura en Historia o de otras disciplinas afines.<\/p>\n<p>Se trata del primer posgrado que ofrece la Facultad de Historia en sus casi 61 a\u00f1os de haber sido fundada, precis\u00f3 Galindo Pel\u00e1ez; adem\u00e1s, ser\u00e1 pionera no s\u00f3lo en entidad sino en la regi\u00f3n sur-sureste del pa\u00eds, a\u00f1adi\u00f3 Ayala Flores.<\/p>\n<p>El n\u00facleo acad\u00e9mico estar\u00e1 conformado por docentes de la Facultad y del Instituto de Investigaciones Hist\u00f3rico-Sociales, dadas la vinculaci\u00f3n y sinergia entre ambas entidades universitarias.<\/p>\n<p>&nbsp;<\/p>\n<div id=\"attachment_39757\" style=\"width: 732px\" class=\"wp-caption aligncenter\"><a href=\"https:\/\/www.uv.mx\/prensa\/files\/2018\/01\/Historia-Contemporanea-3-090118-ok.jpg\"><img loading=\"lazy\" decoding=\"async\" aria-describedby=\"caption-attachment-39757\" class=\"size-full wp-image-39757\" src=\"https:\/\/www.uv.mx\/prensa\/files\/2018\/01\/Historia-Contemporanea-3-090118-ok.jpg\" alt=\"\" width=\"722\" height=\"542\" srcset=\"https:\/\/www.uv.mx\/prensa\/files\/2018\/01\/Historia-Contemporanea-3-090118-ok.jpg 722w, https:\/\/www.uv.mx\/prensa\/files\/2018\/01\/Historia-Contemporanea-3-090118-ok-300x225.jpg 300w\" sizes=\"auto, (max-width: 722px) 100vw, 722px\" \/><\/a><p id=\"caption-attachment-39757\" class=\"wp-caption-text\">El proyecto de la maestr\u00eda se inici\u00f3 a partir de un an\u00e1lisis de necesidades en la Facultad\u201d, explic\u00f3 Galindo Pel\u00e1ez<\/p><\/div>\n<p>&nbsp;<\/p>\n<p>\u201cTenemos trayectorias dentro de esa planta docente que son id\u00f3neas para un posgrado de calidad\u201d, dijo Gerardo Antonio Galindo en referencia a que m\u00e1s adelante la maestr\u00eda sea parte del Programa Nacional de Posgrados de Calidad del Consejo Nacional de Ciencia y Tecnolog\u00eda, lo cual facilita becas a los estudiantes.<\/p>\n<p>Detall\u00f3 que el proyecto de la maestr\u00eda se inici\u00f3 a partir de un an\u00e1lisis de necesidades en la Facultad de Historia para dotar a sus alumnos de mejores herramientas para insertarse en el mundo laboral.<\/p>\n<p>Adem\u00e1s, record\u00f3 que en 2013 la Facultad se someti\u00f3 a un proceso de acreditaci\u00f3n y los visitadores se\u00f1alaron la ausencia de un posgrado; en ese sentido, explic\u00f3 que para los est\u00e1ndares actuales es importante que se imparta un programa de este tipo para otorgarle a la Facultad el derecho de llamarle plenamente as\u00ed, de lo contrario se considera como una escuela.<\/p>\n<p>\u201cDesde hace a\u00f1os muchos alumnos de la Facultad de Historia salimos a estudiar posgrados fuera de la instituci\u00f3n e incluso fuera del pa\u00eds, porque no hab\u00eda la oferta suficiente; lo hicimos con muy buenos resultados. Eso nos dio una alerta de que hab\u00eda un campo que no est\u00e1bamos cubriendo\u201d, relat\u00f3 Ayala Flores.<\/p>\n<p>&nbsp;<\/p>\n<div id=\"attachment_39766\" style=\"width: 732px\" class=\"wp-caption aligncenter\"><a href=\"https:\/\/www.uv.mx\/prensa\/files\/2018\/01\/Historia-Contemporanea-2-090118-ok.jpg\"><img loading=\"lazy\" decoding=\"async\" aria-describedby=\"caption-attachment-39766\" class=\"size-full wp-image-39766\" src=\"https:\/\/www.uv.mx\/prensa\/files\/2018\/01\/Historia-Contemporanea-2-090118-ok.jpg\" alt=\"\" width=\"722\" height=\"542\" srcset=\"https:\/\/www.uv.mx\/prensa\/files\/2018\/01\/Historia-Contemporanea-2-090118-ok.jpg 722w, https:\/\/www.uv.mx\/prensa\/files\/2018\/01\/Historia-Contemporanea-2-090118-ok-300x225.jpg 300w\" sizes=\"auto, (max-width: 722px) 100vw, 722px\" \/><\/a><p id=\"caption-attachment-39766\" class=\"wp-caption-text\">\u201cLa historia contempor\u00e1nea ofrece muchas preguntas que todav\u00eda no han tenido una respuesta\u201d, dijo Hubonor Ayala Flores<\/p><\/div>\n<p>&nbsp;<\/p>\n<p>Asimismo, destac\u00f3 que en la regi\u00f3n sur-sureste no hay oferta de posgrado en esta disciplina, por lo cual \u201ctambi\u00e9n aspiramos a cubrir no s\u00f3lo una demanda institucional y estatal, sino tambi\u00e9n ofrecer a estudiantes de otros estados la posibilidad de cursar un posgrado en historia\u201d.<\/p>\n<p>La maestr\u00eda est\u00e1 enfocada al \u00e1rea de investigaci\u00f3n. \u201cLo pensamos as\u00ed porque nos dimos cuenta que la historia contempor\u00e1nea ofrece muchas preguntas que todav\u00eda no han tenido una respuesta; tambi\u00e9n porque en la parte temporal caben todos los campos de la historia: econ\u00f3mica, social, pol\u00edtica, cultural\u201d, dijo Ayala Flores.<\/p>\n<p>Es m\u00e1s, \u201cse llama contempor\u00e1nea, pero que no se piense que solamente es de la segunda mitad del siglo XX a la actualidad, sino que le damos un sentido m\u00e1s profundo a procesos que tienen que ver con sucesos de finales del siglo XVIII hacia el siglo XXI\u201d, remarc\u00f3 Ayala Flores.<\/p>\n<p>La p\u00e1gina oficial del posgrado est\u00e1 en proceso, y por el momento quien desee m\u00e1s informaci\u00f3n debe dirigirse a la Facultad de Historia.<\/p>\n<p>&nbsp;<\/p>\n","protected":false},"excerpt":{"rendered":"<p>El objetivo de este posgrado es formar investigadores con s\u00f3lidos conocimientos en el campo historiogr\u00e1fico y metodol\u00f3gico.<\/p>\n","protected":false},"author":1810,"featured_media":39760,"comment_status":"closed","ping_status":"closed","sticky":false,"template":"","format":"standard","meta":{"footnotes":""},"categories":[1],"tags":[2],"class_list":["post-39750","post","type-post","status-publish","format-standard","has-post-thumbnail","hentry","category-general","tag-principal"],"_links":{"self":[{"href":"https:\/\/www.uv.mx\/prensa\/wp-json\/wp\/v2\/posts\/39750","targetHints":{"allow":["GET"]}}],"collection":[{"href":"https:\/\/www.uv.mx\/prensa\/wp-json\/wp\/v2\/posts"}],"about":[{"href":"https:\/\/www.uv.mx\/prensa\/wp-json\/wp\/v2\/types\/post"}],"author":[{"embeddable":true,"href":"https:\/\/www.uv.mx\/prensa\/wp-json\/wp\/v2\/users\/1810"}],"replies":[{"embeddable":true,"href":"https:\/\/www.uv.mx\/prensa\/wp-json\/wp\/v2\/comments?post=39750"}],"version-history":[{"count":0,"href":"https:\/\/www.uv.mx\/prensa\/wp-json\/wp\/v2\/posts\/39750\/revisions"}],"wp:featuredmedia":[{"embeddable":true,"href":"https:\/\/www.uv.mx\/prensa\/wp-json\/wp\/v2\/media\/39760"}],"wp:attachment":[{"href":"https:\/\/www.uv.mx\/prensa\/wp-json\/wp\/v2\/media?parent=39750"}],"wp:term":[{"taxonomy":"category","embeddable":true,"href":"https:\/\/www.uv.mx\/prensa\/wp-json\/wp\/v2\/categories?post=39750"},{"taxonomy":"post_tag","embeddable":true,"href":"https:\/\/www.uv.mx\/prensa\/wp-json\/wp\/v2\/tags?post=39750"}],"curies":[{"name":"wp","href":"https:\/\/api.w.org\/{rel}","templated":true}]}}