{"id":39479,"date":"2017-12-15T17:03:07","date_gmt":"2017-12-15T23:03:07","guid":{"rendered":"https:\/\/www.uv.mx\/prensa\/?p=39479"},"modified":"2017-12-15T17:26:44","modified_gmt":"2017-12-15T23:26:44","slug":"autoridades-universitarias-ofrecieron-festejo-navideno","status":"publish","type":"post","link":"https:\/\/www.uv.mx\/prensa\/general\/autoridades-universitarias-ofrecieron-festejo-navideno\/","title":{"rendered":"Autoridades universitarias ofrecieron festejo navide\u00f1o"},"content":{"rendered":"<div id=\"attachment_39480\" style=\"width: 1034px\" class=\"wp-caption aligncenter\"><a href=\"https:\/\/www.uv.mx\/prensa\/files\/2017\/12\/Festejo-navideno-1.jpg\"><img loading=\"lazy\" decoding=\"async\" aria-describedby=\"caption-attachment-39480\" class=\"size-full wp-image-39480\" src=\"https:\/\/www.uv.mx\/prensa\/files\/2017\/12\/Festejo-navideno-1.jpg\" alt=\"OSX ofreci\u00f3 concierto navide\u00f1o a trabajadores de la Unidad Central de esta casa de estudio\" width=\"1024\" height=\"683\" srcset=\"https:\/\/www.uv.mx\/prensa\/files\/2017\/12\/Festejo-navideno-1.jpg 1024w, https:\/\/www.uv.mx\/prensa\/files\/2017\/12\/Festejo-navideno-1-300x200.jpg 300w, https:\/\/www.uv.mx\/prensa\/files\/2017\/12\/Festejo-navideno-1-768x512.jpg 768w\" sizes=\"auto, (max-width: 1024px) 100vw, 1024px\" \/><\/a><p id=\"caption-attachment-39480\" class=\"wp-caption-text\">OSX ofreci\u00f3 concierto navide\u00f1o a trabajadores de la Unidad Central de esta casa de estudio<\/p><\/div>\n<p>&nbsp;<\/p>\n<ul>\n<li><em> La OSX interpret\u00f3<\/em> <em>villancicos tradicionales<\/em> <em>en Tlaqn\u00e1, Centro Cultural<\/em><\/li>\n<li><em>Ante trabajadores, la Rectora celebr\u00f3 que la instituci\u00f3n cierre 2017 con finanzas sanas<\/em><\/li>\n<\/ul>\n<p><strong><em>\u00a0<\/em><\/strong><\/p>\n<p><strong><em>Karina de la Paz Reyes D\u00edaz<\/em><\/strong><\/p>\n<p><strong><em>\u00a0<\/em><\/strong><\/p>\n<p><strong><em>15\/12\/2017, Xalapa, Ver.-<\/em><\/strong> La rectora Sara Ladr\u00f3n de Guevara, autoridades universitarias y la Orquesta Sinf\u00f3nica de Xalapa (OSX) ofrecieron un festejo navide\u00f1o a los trabajadores de la Unidad Central de Rector\u00eda, en Tlaqn\u00e1, Centro Cultural, con lo cual despidieron el a\u00f1o y desearon la consumaci\u00f3n de los proyectos institucionales e individuales.<\/p>\n<p>En el concierto-ensayo navide\u00f1o de la OSX, bajo la direcci\u00f3n de su titular Lanfranco Marcelletti, tambi\u00e9n participaron el Coro de la UV y la Camerata Coral de la Facultad de M\u00fasica, cuyos directores son Carmen Betania L\u00f3pez y Josafat Garc\u00eda Melo, respectivamente.<\/p>\n<p>Previo al inicio del programa, la Rectora expres\u00f3 un breve mensaje al personal de la instituci\u00f3n, acompa\u00f1ada de Magdalena Hern\u00e1ndez Alarc\u00f3n, Salvador Tapia Spinoso, Octavio Ochoa Contreras y Facundo Pacheco Rojas, secretarios Acad\u00e9mico, de Administraci\u00f3n y Finanzas, de Desarrollo Institucional y director general de la Fundaci\u00f3n UV, respectivamente.<\/p>\n<p>\u201c\u00a1Qu\u00e9 mejor manera de celebrar que somos una comunidad, que venir a disfrutar de m\u00fasica! Las tradiciones navide\u00f1as est\u00e1n vinculadas a escuchar y disfrutar de la m\u00fasica\u201d, dijo.<\/p>\n<p>Asimismo, agradeci\u00f3 el esfuerzo cotidiano de cada uno de los trabajadores, el cual abona a desarrollar de manera adecuada las funciones sustantivas de la instituci\u00f3n: docencia, investigaci\u00f3n, difusi\u00f3n y extensi\u00f3n.<\/p>\n<p>Sara Ladr\u00f3n de Guevara dese\u00f3 a los universitarios felices fiestas decembrinas y que en 2018 se incorporen a sus labores con los \u00e1nimos renovados.<\/p>\n<p>&nbsp;<\/p>\n<div id=\"attachment_39481\" style=\"width: 1034px\" class=\"wp-caption aligncenter\"><a href=\"https:\/\/www.uv.mx\/prensa\/files\/2017\/12\/Festejo-navideno-2.jpg\"><img loading=\"lazy\" decoding=\"async\" aria-describedby=\"caption-attachment-39481\" class=\"size-full wp-image-39481\" src=\"https:\/\/www.uv.mx\/prensa\/files\/2017\/12\/Festejo-navideno-2.jpg\" alt=\"Autoridades universitarias agradecieron la labor cotidiana del personal UV\" width=\"1024\" height=\"683\" srcset=\"https:\/\/www.uv.mx\/prensa\/files\/2017\/12\/Festejo-navideno-2.jpg 1024w, https:\/\/www.uv.mx\/prensa\/files\/2017\/12\/Festejo-navideno-2-300x200.jpg 300w, https:\/\/www.uv.mx\/prensa\/files\/2017\/12\/Festejo-navideno-2-768x512.jpg 768w\" sizes=\"auto, (max-width: 1024px) 100vw, 1024px\" \/><\/a><p id=\"caption-attachment-39481\" class=\"wp-caption-text\">Autoridades universitarias agradecieron la labor cotidiana del personal UV<\/p><\/div>\n<p>&nbsp;<\/p>\n<p>\u201cEste 2017 cierra muy bien. Estamos en condiciones financieramente sanas, que nos permiten venir a disfrutar de este concierto sin mayores preocupaciones,\u00a0deseamos que 2018 sea a\u00fan mejor y se consoliden muchos de los proyectos que estamos encabezando.\u201d<\/p>\n<p>El concierto contempl\u00f3 piezas navide\u00f1as como <em>Alegres Pastorcillos<\/em>, <em>Noche de Paz <\/em>y<em> El Mes\u00edas<\/em>, as\u00ed como un popurr\u00ed de villancicos tradicionales. Lanfranco Marcelletti aprovech\u00f3 para invitar a la comunidad universitaria a disfrutar de los conciertos que cada viernes ofrece la OSX, \u201cla mejor orquesta del pa\u00eds\u201d, y tambi\u00e9n a reflexionar en la responsabilidad que cada persona tiene de ser feliz.<\/p>\n<p>Una vez concluido el programa, el p\u00fablico ovacion\u00f3 de pie a la OSX y \u00e9sta se despidi\u00f3 con\u00a0<em>Halleluja<\/em>. Como parte del festejo, los asistentes degustaron un banquete con platillos t\u00edpicos de estas fechas.<\/p>\n","protected":false},"excerpt":{"rendered":"<p><strong><em>Karina de la Paz Reyes D\u00edaz.-<\/em><\/strong> La rectora Sara Ladr\u00f3n de Guevara, autoridades universitarias y la Orquesta Sinf\u00f3nica de Xalapa (OSX) ofrecieron un festejo navide\u00f1o a los trabajadores de la Unidad Central de Rector\u00eda, con lo cual despidieron el a\u00f1o y desearon la consumaci\u00f3n de los proyectos de la instituci\u00f3n e individuales<\/p>\n","protected":false},"author":1508,"featured_media":39482,"comment_status":"closed","ping_status":"closed","sticky":false,"template":"","format":"standard","meta":{"footnotes":""},"categories":[1],"tags":[2],"class_list":["post-39479","post","type-post","status-publish","format-standard","has-post-thumbnail","hentry","category-general","tag-principal"],"_links":{"self":[{"href":"https:\/\/www.uv.mx\/prensa\/wp-json\/wp\/v2\/posts\/39479","targetHints":{"allow":["GET"]}}],"collection":[{"href":"https:\/\/www.uv.mx\/prensa\/wp-json\/wp\/v2\/posts"}],"about":[{"href":"https:\/\/www.uv.mx\/prensa\/wp-json\/wp\/v2\/types\/post"}],"author":[{"embeddable":true,"href":"https:\/\/www.uv.mx\/prensa\/wp-json\/wp\/v2\/users\/1508"}],"replies":[{"embeddable":true,"href":"https:\/\/www.uv.mx\/prensa\/wp-json\/wp\/v2\/comments?post=39479"}],"version-history":[{"count":0,"href":"https:\/\/www.uv.mx\/prensa\/wp-json\/wp\/v2\/posts\/39479\/revisions"}],"wp:featuredmedia":[{"embeddable":true,"href":"https:\/\/www.uv.mx\/prensa\/wp-json\/wp\/v2\/media\/39482"}],"wp:attachment":[{"href":"https:\/\/www.uv.mx\/prensa\/wp-json\/wp\/v2\/media?parent=39479"}],"wp:term":[{"taxonomy":"category","embeddable":true,"href":"https:\/\/www.uv.mx\/prensa\/wp-json\/wp\/v2\/categories?post=39479"},{"taxonomy":"post_tag","embeddable":true,"href":"https:\/\/www.uv.mx\/prensa\/wp-json\/wp\/v2\/tags?post=39479"}],"curies":[{"name":"wp","href":"https:\/\/api.w.org\/{rel}","templated":true}]}}