{"id":39422,"date":"2017-12-15T10:35:17","date_gmt":"2017-12-15T16:35:17","guid":{"rendered":"https:\/\/www.uv.mx\/prensa\/?p=39422"},"modified":"2017-12-15T10:35:17","modified_gmt":"2017-12-15T16:35:17","slug":"investigador-del-iih-s-recibio-mencion-honorifica-del-cmch-2","status":"publish","type":"post","link":"https:\/\/www.uv.mx\/prensa\/general\/investigador-del-iih-s-recibio-mencion-honorifica-del-cmch-2\/","title":{"rendered":"Investigador del IIH-S recibi\u00f3 menci\u00f3n honor\u00edfica del CMCH"},"content":{"rendered":"<ul>\n<li><em>Por su art\u00edculo \u201cLa territorialidad de la Rep\u00fablica de Indios de Orizaba\u201d, publicado en la revista <\/em>Historia Mexicana<em> en 2015<\/em><\/li>\n<\/ul>\n<p>&nbsp;<\/p>\n<div id=\"attachment_39351\" style=\"width: 1034px\" class=\"wp-caption aligncenter\"><a href=\"https:\/\/www.uv.mx\/prensa\/files\/2017\/12\/Premian-investigador-IIH-S.jpg\"><img loading=\"lazy\" decoding=\"async\" aria-describedby=\"caption-attachment-39351\" class=\"size-large wp-image-39351\" src=\"https:\/\/www.uv.mx\/prensa\/files\/2017\/12\/Premian-investigador-IIH-S-1024x682.jpg\" alt=\"\" width=\"1024\" height=\"682\" srcset=\"https:\/\/www.uv.mx\/prensa\/files\/2017\/12\/Premian-investigador-IIH-S.jpg 1024w, https:\/\/www.uv.mx\/prensa\/files\/2017\/12\/Premian-investigador-IIH-S-300x200.jpg 300w, https:\/\/www.uv.mx\/prensa\/files\/2017\/12\/Premian-investigador-IIH-S-768x512.jpg 768w\" sizes=\"auto, (max-width: 1024px) 100vw, 1024px\" \/><\/a><p id=\"caption-attachment-39351\" class=\"wp-caption-text\">Luis Garc\u00eda recibi\u00f3 menci\u00f3n honor\u00edfica del CMCH, por su art\u00edculo publicado en 2015 en la revista Historia Mexicana<\/p><\/div>\n<p>&nbsp;<\/p>\n<p><strong><em>Paola Cort\u00e9s P\u00e9rez<\/em><\/strong><\/p>\n<p>&nbsp;<\/p>\n<p><strong><em>15\/12\/2017, Xalapa, Ver.-<\/em><\/strong> Luis J. Garc\u00eda Ruiz, investigador del Instituto de Investigaciones Hist\u00f3rico-Sociales (IIH-S) de la Universidad Veracruzana (UV) recibi\u00f3 menci\u00f3n honor\u00edfica por el Comit\u00e9 Mexicano de Ciencias Hist\u00f3ricas (CMCH), por su art\u00edculo \u201cLa territorialidad de la Rep\u00fablica de Indios de Orizaba. Entre la separaci\u00f3n de los sujetos y la preponderancia espa\u00f1ola: 1740-1828\u201d, publicado en la revista <em>Historia Mexicana<\/em>, del periodo Abril-Junio de 2015.<\/p>\n<p>El investigador detall\u00f3 que se trata de un certamen anual convocado por el CMCH para premiar los art\u00edculos y ensayos publicados cada a\u00f1o en revistas mexicanas.<\/p>\n<p>Las categor\u00edas consideradas son: Historia del arte y del patrimonio, Historia cultural, Historia social, Historia econ\u00f3mica, Historia pol\u00edtica y Teor\u00eda de la historia.<\/p>\n<p>\u201cEl comit\u00e9 invita a todos los autores a inscribir sus art\u00edculos. En mi caso, escrib\u00ed para registrar un art\u00edculo que publiqu\u00e9 en 2015, en la categor\u00eda de \u2018Historia pol\u00edtica\u2019 y el jurado decidi\u00f3 otorgarme menci\u00f3n honor\u00edfica.\u201d<\/p>\n<p>Para que los art\u00edculos sean premiados se deben cumplir las siguientes caracter\u00edsticas: formulaci\u00f3n del planteamiento, originalidad del tema, fuentes consultadas, hip\u00f3tesis central, aportes que hace al debate historiogr\u00e1fico y al conocimiento hist\u00f3rico, si se demuestra la aplicaci\u00f3n de un modelo de an\u00e1lisis, entre otros elementos.<\/p>\n<p>Como investigadores de las ciencias sociales, expres\u00f3 que este reconocimiento es un aliciente para continuar la investigaci\u00f3n, que en su caso es sobre la cultura pol\u00edtica del antiguo r\u00e9gimen en las sociedades ind\u00edgenas del periodo colonial y del siglo XIX, \u201cme interesa analizar las transiciones pol\u00edticas en estas sociedades tradicionales.<\/p>\n<p>\u201dEs un reconocimiento valioso a nuestro trabajo y a las aportaciones que hacemos desde esta l\u00ednea de investigaci\u00f3n, de manera individual y colectiva.\u201d<\/p>\n<p>&nbsp;<\/p>\n<p><strong>La territorialidad de la Rep\u00fablica de Indios de Orizaba<\/strong><\/p>\n<p>Luis J. Garc\u00eda explic\u00f3 que en el art\u00edculo \u201cLa territorialidad de la Rep\u00fablica de Indios de Orizaba. Entre la separaci\u00f3n de los sujetos y la preponderancia espa\u00f1ola: 1740-1828\u201d, trata de explicar c\u00f3mo los pueblos ind\u00edgenas defienden su territorio a lo largo del territorio colonial, al establecer derechos que consideran tienen de manera ancestral.<\/p>\n<p>\u201cLos or\u00edgenes de esos derechos se pueden rastrear hasta la \u00e9poca prehisp\u00e1nica, pero a la luz de transformaciones, conflictos pol\u00edticos y la llegada de nuevos habitantes, esta territorialidad se va contrayendo y entonces las sociedades ind\u00edgenas tienen que desplegar distintas estrategias para mantener el control sobre el territorio.\u201d<\/p>\n<p>A lo largo del periodo colonial, los ind\u00edgenas conformaron sus barrios y propias municipalidades. Tambi\u00e9n lo hicieron los espa\u00f1oles, sobre todo los dedicados al comercio y la ganader\u00eda, al apropiarse del centro de la poblaci\u00f3n reivindicaron el control y poder con la formaci\u00f3n del Ayuntamiento de Orizaba.<\/p>\n<p>\u00bfC\u00f3mo conviven estos poderes? Coment\u00f3 que esta convivencia se resuelve y\/o dirime en distintos foros de justicia para reivindicar qui\u00e9n tiene m\u00e1s derechos y privilegios, as\u00ed como para averiguar qui\u00e9n es m\u00e1s importante ante la Corona Espa\u00f1ola.<\/p>\n<p>Estos conflictos continuar\u00e1n hasta el final del periodo colonial, con la llegada del liberalismo y la Constituci\u00f3n Espa\u00f1ola de 1812, en esta \u00faltima se ordena que s\u00f3lo debe prevalecer un ayuntamiento, lo que conlleva a distintos arreglos.<\/p>\n<p>\u201cLa Rep\u00fablica de Indios de Orizaba buscar\u00e1 preservar su control sobre el territorio, a pesar de que su rep\u00fablica y cabildos tradicionales hayan sido abolidos por efectos de la constituci\u00f3n liberal.<\/p>\n<p>\u201dEsto significa que viene un nuevo periodo de hacer pol\u00edtica donde tienen que defender el control de las tierras; a falta de gobiernos aut\u00f3nomos tratar\u00e1n de mantener presencia en el ayuntamiento que sobrevive, al que acceder\u00e1n los espa\u00f1oles que tambi\u00e9n buscan conservar la propiedad de la tierra.\u201d<\/p>\n<p>Con este art\u00edculo busc\u00f3 demostrar que estas sociedades ind\u00edgenas de Orizaba tuvieron una gran capacidad de maniobra pol\u00edtica que le permiti\u00f3 obtener importantes logros a nivel pol\u00edtico, corporativo y econ\u00f3mico.<\/p>\n<p>\u201cPersonajes claves, como los antiguos gobernadores de las rep\u00fablicas naturales, maniobraron pol\u00edticamente para preservar los intereses de sus rep\u00fablicas\u201d, finaliz\u00f3.<\/p>\n<p>&nbsp;<\/p>\n","protected":false},"excerpt":{"rendered":"<p><strong><em>Paola Cort\u00e9s.-<\/em><\/strong>Luis J. Garc\u00eda Ruiz, investigador del Instituto de Investigaciones Hist\u00f3rico-Sociales (IIH-S) de la Universidad Veracruzana (UV) recibi\u00f3 menci\u00f3n honor\u00edfica por el Comit\u00e9 Mexicano de Ciencias Hist\u00f3ricas (CMCH), por su art\u00edculo \u201cLa territorialidad de la Rep\u00fablica de Indios de Orizaba. Entre la separaci\u00f3n de los sujetos y la preponderancia espa\u00f1ola: 1740-1828\u201d, publicado en la revista Historia Mexicana, del periodo Abril-Junio de 2015.<\/p>\n","protected":false},"author":1810,"featured_media":39346,"comment_status":"closed","ping_status":"closed","sticky":false,"template":"","format":"standard","meta":{"footnotes":""},"categories":[1],"tags":[3],"class_list":["post-39422","post","type-post","status-publish","format-standard","has-post-thumbnail","hentry","category-general","tag-secundarias"],"_links":{"self":[{"href":"https:\/\/www.uv.mx\/prensa\/wp-json\/wp\/v2\/posts\/39422","targetHints":{"allow":["GET"]}}],"collection":[{"href":"https:\/\/www.uv.mx\/prensa\/wp-json\/wp\/v2\/posts"}],"about":[{"href":"https:\/\/www.uv.mx\/prensa\/wp-json\/wp\/v2\/types\/post"}],"author":[{"embeddable":true,"href":"https:\/\/www.uv.mx\/prensa\/wp-json\/wp\/v2\/users\/1810"}],"replies":[{"embeddable":true,"href":"https:\/\/www.uv.mx\/prensa\/wp-json\/wp\/v2\/comments?post=39422"}],"version-history":[{"count":0,"href":"https:\/\/www.uv.mx\/prensa\/wp-json\/wp\/v2\/posts\/39422\/revisions"}],"wp:featuredmedia":[{"embeddable":true,"href":"https:\/\/www.uv.mx\/prensa\/wp-json\/wp\/v2\/media\/39346"}],"wp:attachment":[{"href":"https:\/\/www.uv.mx\/prensa\/wp-json\/wp\/v2\/media?parent=39422"}],"wp:term":[{"taxonomy":"category","embeddable":true,"href":"https:\/\/www.uv.mx\/prensa\/wp-json\/wp\/v2\/categories?post=39422"},{"taxonomy":"post_tag","embeddable":true,"href":"https:\/\/www.uv.mx\/prensa\/wp-json\/wp\/v2\/tags?post=39422"}],"curies":[{"name":"wp","href":"https:\/\/api.w.org\/{rel}","templated":true}]}}