{"id":39367,"date":"2017-12-15T09:09:52","date_gmt":"2017-12-15T15:09:52","guid":{"rendered":"https:\/\/www.uv.mx\/prensa\/?p=39367"},"modified":"2017-12-15T09:09:52","modified_gmt":"2017-12-15T15:09:52","slug":"uv-convoca-a-enriquecer-programa-de-trabajo-estrategico-2017-2021","status":"publish","type":"post","link":"https:\/\/www.uv.mx\/prensa\/general\/uv-convoca-a-enriquecer-programa-de-trabajo-estrategico-2017-2021\/","title":{"rendered":"UV convoca a enriquecer Programa de Trabajo Estrat\u00e9gico 2017-2021"},"content":{"rendered":"<ul>\n<li><em>Durante diciembre y enero se puede consultar en l\u00ednea a trav\u00e9s de <\/em><a href=\"https:\/\/www.uv.mx\/pte2017-2021\/\"><em>https:\/\/www.uv.mx\/pte2017-2021\/<\/em><\/a><\/li>\n<\/ul>\n<p>&nbsp;<\/p>\n<div id=\"attachment_39372\" style=\"width: 732px\" class=\"wp-caption aligncenter\"><a href=\"https:\/\/www.uv.mx\/prensa\/files\/2017\/12\/Trabajo-Estrategico-2017-1512217-ok-ok.jpg\"><img aria-describedby=\"caption-attachment-39372\" decoding=\"async\" loading=\"lazy\" class=\"size-full wp-image-39372\" src=\"https:\/\/www.uv.mx\/prensa\/files\/2017\/12\/Trabajo-Estrategico-2017-1512217-ok-ok.jpg\" alt=\"\" width=\"722\" height=\"483\" srcset=\"https:\/\/www.uv.mx\/prensa\/files\/2017\/12\/Trabajo-Estrategico-2017-1512217-ok-ok.jpg 722w, https:\/\/www.uv.mx\/prensa\/files\/2017\/12\/Trabajo-Estrategico-2017-1512217-ok-ok-300x201.jpg 300w\" sizes=\"(max-width: 722px) 100vw, 722px\" \/><\/a><p id=\"caption-attachment-39372\" class=\"wp-caption-text\">La Directora de Planeaci\u00f3n Institucional de la UV invit\u00f3 a la comunidad a enriquecer el Plan de Trabajo 2017-2021<\/p><\/div>\n<p>&nbsp;<\/p>\n<p><strong><em>Karina de la Paz Reyes D\u00edaz<\/em><\/strong><\/p>\n<p>&nbsp;<\/p>\n<p><strong><em>15\/12\/2017, Xalapa, Ver.- <\/em><\/strong>Laura Elena Mart\u00ednez M\u00e1rquez, directora de Planeaci\u00f3n Institucional de la Universidad Veracruzana (UV), present\u00f3 la estrategia para la elaboraci\u00f3n del Programa de Trabajo 2017-2021 ante el Consejo Universitario General (CUG) y destac\u00f3 que durante diciembre y enero se podr\u00e1 consultar en l\u00ednea a trav\u00e9s de la plataforma <a href=\"https:\/\/www.uv.mx\/pte2017-2021\/\">https:\/\/www.uv.mx\/pte2017-2021\/<\/a> para que la comunidad universitaria y la sociedad en general la revise y enriquezca.<\/p>\n<p>En la sesi\u00f3n ordinaria del 11 de diciembre, la funcionaria universitaria detall\u00f3 ante los integrantes del CUG el fundamento legal, los antecedentes, la Propuesta del Programa de Trabajo Estrat\u00e9gico 2017-2021, la plataforma de consulta y el cronograma.<\/p>\n<p>La propuesta de Plan de Trabajo 2017-2021 \u201cPertenencia y pertinencia\u201d \u2500alineada con el Plan General de Desarrollo 2030\u2500 tiene como ejes generales: Liderazgo acad\u00e9mico; Innovaci\u00f3n para la generaci\u00f3n del conocimiento y sus aplicaciones tecnol\u00f3gicas; Visibilidad e impacto social, y Gobierno y gesti\u00f3n.<\/p>\n<p>\u201cCon el Programa de Trabajo 2017-2021 se debe seguir con el proceso de transformaci\u00f3n iniciado hace m\u00e1s de dos d\u00e9cadas, con la obtenci\u00f3n de la autonom\u00eda universitaria, y garantizar que las administraciones venideras cuenten con un referente institucional en la construcci\u00f3n de un proyecto socialmente responsable, digno de la entidad veracruzana y del pa\u00eds\u201d, se lee en la plataforma citada.<\/p>\n<p>En \u00e9sta, est\u00e1 a consideraci\u00f3n la revisi\u00f3n de toda la informaci\u00f3n sobre la Propuesta del Programa de Trabajo Estrat\u00e9gico 2017-2021 y sus cuatro ejes.<\/p>\n<p>Como parte del cronograma, en febrero se analizar\u00e1n y sistematizar\u00e1n las propuestas recibidas a trav\u00e9s de la consulta en l\u00ednea y se elaborar\u00e1 el Programa de Trabajo Estrat\u00e9gico; en marzo se dise\u00f1ar\u00e1 y editar\u00e1 el documento para presentarlo ante el CUG.<\/p>\n","protected":false},"excerpt":{"rendered":"<p><strong><em>Karina de la Paz Reyes.-<\/em><\/strong>Laura Elena Mart\u00ednez M\u00e1rquez, directora de Planeaci\u00f3n Institucional de la Universidad Veracruzana (UV), present\u00f3 la estrategia para la elaboraci\u00f3n del Programa de Trabajo 2017-2021 ante el Consejo Universitario General (CUG) y destac\u00f3 que durante diciembre y enero se podr\u00e1 consultar en l\u00ednea a trav\u00e9s de la plataforma https:\/\/www.uv.mx\/pte2017-2021\/ para que la comunidad universitaria y la sociedad en general la revise y enriquezca.<\/p>\n","protected":false},"author":1810,"featured_media":39374,"comment_status":"closed","ping_status":"closed","sticky":false,"template":"","format":"standard","meta":[],"categories":[1],"tags":[2],"_links":{"self":[{"href":"https:\/\/www.uv.mx\/prensa\/wp-json\/wp\/v2\/posts\/39367"}],"collection":[{"href":"https:\/\/www.uv.mx\/prensa\/wp-json\/wp\/v2\/posts"}],"about":[{"href":"https:\/\/www.uv.mx\/prensa\/wp-json\/wp\/v2\/types\/post"}],"author":[{"embeddable":true,"href":"https:\/\/www.uv.mx\/prensa\/wp-json\/wp\/v2\/users\/1810"}],"replies":[{"embeddable":true,"href":"https:\/\/www.uv.mx\/prensa\/wp-json\/wp\/v2\/comments?post=39367"}],"version-history":[{"count":0,"href":"https:\/\/www.uv.mx\/prensa\/wp-json\/wp\/v2\/posts\/39367\/revisions"}],"wp:featuredmedia":[{"embeddable":true,"href":"https:\/\/www.uv.mx\/prensa\/wp-json\/wp\/v2\/media\/39374"}],"wp:attachment":[{"href":"https:\/\/www.uv.mx\/prensa\/wp-json\/wp\/v2\/media?parent=39367"}],"wp:term":[{"taxonomy":"category","embeddable":true,"href":"https:\/\/www.uv.mx\/prensa\/wp-json\/wp\/v2\/categories?post=39367"},{"taxonomy":"post_tag","embeddable":true,"href":"https:\/\/www.uv.mx\/prensa\/wp-json\/wp\/v2\/tags?post=39367"}],"curies":[{"name":"wp","href":"https:\/\/api.w.org\/{rel}","templated":true}]}}