{"id":39000,"date":"2017-12-13T13:44:17","date_gmt":"2017-12-13T19:44:17","guid":{"rendered":"https:\/\/www.uv.mx\/prensa\/?p=39000"},"modified":"2017-12-13T13:44:17","modified_gmt":"2017-12-13T19:44:17","slug":"uv-alojo-segunda-sesion-del-comite-de-informacion-estadistica-y-geografica","status":"publish","type":"post","link":"https:\/\/www.uv.mx\/prensa\/general\/uv-alojo-segunda-sesion-del-comite-de-informacion-estadistica-y-geografica\/","title":{"rendered":"UV aloj\u00f3 segunda sesi\u00f3n del Comit\u00e9 de Informaci\u00f3n Estad\u00edstica y Geogr\u00e1fica"},"content":{"rendered":"<ul>\n<li><em>Dentro del plan anual de trabajo del 2017 de esta instancia colegiada, se cumplieron 25 de 26 actividades asignadas para este periodo de tiempo<\/em><\/li>\n<\/ul>\n<p>&nbsp;<\/p>\n<div id=\"attachment_39007\" style=\"width: 732px\" class=\"wp-caption aligncenter\"><a href=\"https:\/\/www.uv.mx\/prensa\/files\/2017\/12\/Comite-estatal-estadistica-1-131217-ok-ok.jpg\"><img loading=\"lazy\" decoding=\"async\" aria-describedby=\"caption-attachment-39007\" class=\"size-full wp-image-39007\" src=\"https:\/\/www.uv.mx\/prensa\/files\/2017\/12\/Comite-estatal-estadistica-1-131217-ok-ok.jpg\" alt=\"\" width=\"722\" height=\"481\" srcset=\"https:\/\/www.uv.mx\/prensa\/files\/2017\/12\/Comite-estatal-estadistica-1-131217-ok-ok.jpg 722w, https:\/\/www.uv.mx\/prensa\/files\/2017\/12\/Comite-estatal-estadistica-1-131217-ok-ok-300x200.jpg 300w\" sizes=\"auto, (max-width: 722px) 100vw, 722px\" \/><\/a><p id=\"caption-attachment-39007\" class=\"wp-caption-text\">La segunda sesi\u00f3n ordinaria del CEIEG inici\u00f3 con la presencia de 31 de 50 vocales de este comit\u00e9<\/p><\/div>\n<p>&nbsp;<\/p>\n<p><strong><em>Carlos Hugo Hermida Rosales<\/em><\/strong><\/p>\n<p>&nbsp;<\/p>\n<p><strong><em>13\/12\/2017, Xalapa, Ver.-<\/em><\/strong> La Universidad Veracruzana (UV) fue anfitriona de la segunda sesi\u00f3n ordinaria del Comit\u00e9 Estatal de Informaci\u00f3n Estad\u00edstica y Geogr\u00e1fica (CEIEG), que se realiz\u00f3 el 11 de diciembre en la Unidad de Servicios Bibliotecarios y de Informaci\u00f3n (USBI).<\/p>\n<p>El CEIEG es una instancia colegiada de participaci\u00f3n y consulta donde confluyen representantes de las unidades administrativas con funciones estad\u00edsticas y geogr\u00e1ficas del estado de Veracruz, sus municipios y el Instituto Nacional de Estad\u00edstica y Geograf\u00eda (<em>Inegi<\/em>).<\/p>\n<p>El objetivo de la reuni\u00f3n fue impulsar la consolidaci\u00f3n del Sistema Nacional de Informaci\u00f3n Estad\u00edstica y Geogr\u00e1fica (SNIEG) en el \u00e1mbito estatal a trav\u00e9s del CEIEG de Veracruz, y continuar con la operaci\u00f3n de \u00e9ste como una instancia colegiada de participaci\u00f3n y consulta en la que confluyen los representantes de las unidades del estado de esta organizaci\u00f3n federativa, sus municipios y el <em>Inegi<\/em>, para la ejecuci\u00f3n y cumplimiento de los principios, bases y normas establecidas en el desarrollo del sistema.<\/p>\n<p>&nbsp;<\/p>\n<div id=\"attachment_39009\" style=\"width: 732px\" class=\"wp-caption aligncenter\"><a href=\"https:\/\/www.uv.mx\/prensa\/files\/2017\/12\/Comite-estatal-estadistica-2-131217-ok-ok.jpg\"><img loading=\"lazy\" decoding=\"async\" aria-describedby=\"caption-attachment-39009\" class=\"size-full wp-image-39009\" src=\"https:\/\/www.uv.mx\/prensa\/files\/2017\/12\/Comite-estatal-estadistica-2-131217-ok-ok.jpg\" alt=\"\" width=\"722\" height=\"481\" srcset=\"https:\/\/www.uv.mx\/prensa\/files\/2017\/12\/Comite-estatal-estadistica-2-131217-ok-ok.jpg 722w, https:\/\/www.uv.mx\/prensa\/files\/2017\/12\/Comite-estatal-estadistica-2-131217-ok-ok-300x200.jpg 300w\" sizes=\"auto, (max-width: 722px) 100vw, 722px\" \/><\/a><p id=\"caption-attachment-39009\" class=\"wp-caption-text\">La reuni\u00f3n cerr\u00f3 con dos acuerdos que se cumplir\u00e1n en el programa anual de trabajo de 2018<\/p><\/div>\n<p>&nbsp;<\/p>\n<p>La sesi\u00f3n de este comit\u00e9 que est\u00e1 integrado por 50 vocales de los poderes Legislativo, Judicial y Ejecutivo, as\u00ed como de las dependencias federales, DIF Estatal, UV y del \u00d3rgano de Fiscalizaci\u00f3n Superior del Estado de Veracruz (<em>Orfis<\/em>), fue conducida por H\u00e9ctor Vargas Rub\u00edn, subsecretario de Planeaci\u00f3n de la Secretar\u00eda de Finanzas y Planeaci\u00f3n (<em>Sefiplan<\/em>) del estado de Veracruz y presidente suplente del CEIEG, quien estuvo acompa\u00f1ado por Jos\u00e9 Oth\u00f3n Flores Consejo, coordinador universitario de Observatorios de la UV.<\/p>\n<p>En la reuni\u00f3n se expuso que dentro del plan anual de trabajo de 2017 de esta instancia colegiada, se cumplieron 25 de 26 actividades propuestas, entre las que destac\u00f3 la programaci\u00f3n del proyecto \u201cIntegraci\u00f3n de infraestructura e informaci\u00f3n al sistema nacional\u201d.<\/p>\n<p>Adem\u00e1s se lleg\u00f3 a un par de acuerdos, los cuales fueron aprobados por unanimidad. El primero fue la actualizaci\u00f3n del Registro Estad\u00edstico Nacional y del Registro Nacional de Informaci\u00f3n Geogr\u00e1fica, del 15 al 31 de enero de 2018, en el que se eliminar\u00e1 de la base de datos del <em>Inegi<\/em> aquellos proyectos que ya no est\u00e9n incluidos entre las unidades con funciones estad\u00edsticas de la administraci\u00f3n p\u00fablica estatal.<\/p>\n<p>El segundo acuerdo fue que la primera sesi\u00f3n ordinaria de 2018 del CEIEG se celebre en febrero, con el compromiso de que la Subsecretar\u00eda de Planeaci\u00f3n y la <em>Sefiplan<\/em>, como presidentes de este comit\u00e9, hagan circular de manera previa el programa anual de trabajo 2018, que ser\u00e1 el primer punto a tratar durante esa reuni\u00f3n.<\/p>\n<p>En el evento tambi\u00e9n estuvieron presentes Miguel Alberto Gonz\u00e1lez P\u00e9rez, director general de Planeaci\u00f3n y Evaluaci\u00f3n de la <em>Sefiplan<\/em> y secretario de Actas del CEIEG; Luis Manuel Iglesias L\u00f3pez, coordinador estatal del <em>Inegi<\/em>, y Griselda Sosa Andrade, subdirectora estatal de Estad\u00edstica del <em>Inegi<\/em>, adem\u00e1s de vocales del comit\u00e9.<\/p>\n<p>&nbsp;<\/p>\n","protected":false},"excerpt":{"rendered":"<p><strong><em>Carlos Hugo Hermida.-<\/em><\/strong>La Universidad Veracruzana (UV) fue anfitriona de la segunda sesi\u00f3n ordinaria del Comit\u00e9 Estatal de Informaci\u00f3n Estad\u00edstica y Geogr\u00e1fica (CEIEG), que se realiz\u00f3 el 11 de diciembre en la Unidad de Servicios Bibliotecarios y de Informaci\u00f3n (USBI).<\/p>\n","protected":false},"author":1810,"featured_media":39006,"comment_status":"closed","ping_status":"closed","sticky":false,"template":"","format":"standard","meta":{"footnotes":""},"categories":[1],"tags":[3],"class_list":["post-39000","post","type-post","status-publish","format-standard","has-post-thumbnail","hentry","category-general","tag-secundarias"],"_links":{"self":[{"href":"https:\/\/www.uv.mx\/prensa\/wp-json\/wp\/v2\/posts\/39000","targetHints":{"allow":["GET"]}}],"collection":[{"href":"https:\/\/www.uv.mx\/prensa\/wp-json\/wp\/v2\/posts"}],"about":[{"href":"https:\/\/www.uv.mx\/prensa\/wp-json\/wp\/v2\/types\/post"}],"author":[{"embeddable":true,"href":"https:\/\/www.uv.mx\/prensa\/wp-json\/wp\/v2\/users\/1810"}],"replies":[{"embeddable":true,"href":"https:\/\/www.uv.mx\/prensa\/wp-json\/wp\/v2\/comments?post=39000"}],"version-history":[{"count":0,"href":"https:\/\/www.uv.mx\/prensa\/wp-json\/wp\/v2\/posts\/39000\/revisions"}],"wp:featuredmedia":[{"embeddable":true,"href":"https:\/\/www.uv.mx\/prensa\/wp-json\/wp\/v2\/media\/39006"}],"wp:attachment":[{"href":"https:\/\/www.uv.mx\/prensa\/wp-json\/wp\/v2\/media?parent=39000"}],"wp:term":[{"taxonomy":"category","embeddable":true,"href":"https:\/\/www.uv.mx\/prensa\/wp-json\/wp\/v2\/categories?post=39000"},{"taxonomy":"post_tag","embeddable":true,"href":"https:\/\/www.uv.mx\/prensa\/wp-json\/wp\/v2\/tags?post=39000"}],"curies":[{"name":"wp","href":"https:\/\/api.w.org\/{rel}","templated":true}]}}