{"id":38875,"date":"2017-12-11T16:27:05","date_gmt":"2017-12-11T22:27:05","guid":{"rendered":"https:\/\/www.uv.mx\/prensa\/?p=38875"},"modified":"2017-12-11T16:49:20","modified_gmt":"2017-12-11T22:49:20","slug":"con-voto-del-cug-uv-lleva-a-consulta-programa-estrategico-y-renueva-miembros-de-junta-de-gobierno","status":"publish","type":"post","link":"https:\/\/www.uv.mx\/prensa\/general\/con-voto-del-cug-uv-lleva-a-consulta-programa-estrategico-y-renueva-miembros-de-junta-de-gobierno\/","title":{"rendered":"Con voto del CUG, UV lleva a consulta Programa Estrat\u00e9gico y renueva miembros de Junta de Gobierno"},"content":{"rendered":"<ul>\n<li><i><em>Laura Ver\u00f3nica Herrera Franco y Enrique Ram\u00edrez Nazariega, nuevos miembros de la Junta de Gobierno<\/em><\/i><\/li>\n<li><em><em>El pleno reconoci\u00f3 a la Comis\u00f3n de Di\u00e1logo que gestion\u00f3 con dos legislaturas la situaci\u00f3n financi<\/em><\/em><em>era de la instituci\u00f3n<\/em><\/li>\n<li><em>La Comisi\u00f3n de Reglamentos modific\u00f3 el nombre de Secretar\u00eda de la Rector\u00eda por Secretar\u00eda de Desarrollo Institucional, al subrayar el car\u00e1cter transversal de la entidad<\/em><\/li>\n<\/ul>\n<p>&nbsp;<\/p>\n<div id=\"attachment_38877\" style=\"width: 634px\" class=\"wp-caption aligncenter\"><a href=\"https:\/\/www.uv.mx\/prensa\/files\/2017\/12\/111217-FOTOS-CUG-1-100K.jpg\"><img loading=\"lazy\" decoding=\"async\" aria-describedby=\"caption-attachment-38877\" class=\"size-full wp-image-38877\" src=\"https:\/\/www.uv.mx\/prensa\/files\/2017\/12\/111217-FOTOS-CUG-1-100K.jpg\" alt=\"Las autoridades universitarias agradecieron el apoyo de los miembros del CUG\" width=\"624\" height=\"355\" srcset=\"https:\/\/www.uv.mx\/prensa\/files\/2017\/12\/111217-FOTOS-CUG-1-100K.jpg 624w, https:\/\/www.uv.mx\/prensa\/files\/2017\/12\/111217-FOTOS-CUG-1-100K-300x171.jpg 300w\" sizes=\"auto, (max-width: 624px) 100vw, 624px\" \/><\/a><p id=\"caption-attachment-38877\" class=\"wp-caption-text\">Las autoridades universitarias agradecieron el apoyo de los miembros del CUG<\/p><\/div>\n<p>&nbsp;<\/p>\n<p><strong><em>Claudia Peralta V\u00e1zquez, Karina de la Paz, David Sandoval<\/em><\/strong><\/p>\n<p>&nbsp;<\/p>\n<p><strong><em>11\/12\/2017\/ Xalapa, Ver.-<\/em><\/strong> El Consejo Universitario General (CUG) de la Universidad Veracruzana (UV) llev\u00f3 a efecto este lunes su \u00faltima sesi\u00f3n ordinaria del a\u00f1o y en \u00e9sta aprob\u00f3 la estrategia para la elaboraci\u00f3n del Programa de Trabajo Estrat\u00e9gico 2017-2021 y design\u00f3 a Laura Ver\u00f3nica Herrera Franco y Enrique Ram\u00edrez Nazariega como nuevos miembros de la Junta de Gobierno, en sustituci\u00f3n de Elena Rustri\u00e1n Portilla y de Ricardo Corzo Ram\u00edrez.<\/p>\n<p>En lo que fue la primera sesi\u00f3n ordinaria del periodo 2013 \u2013 2017, Laura Elena Mart\u00ednez M\u00e1rquez, directora de Planeaci\u00f3n Institucional de la UV, present\u00f3 la estrategia para la elaboraci\u00f3n del Programa de Trabajo 2017-2021, quien destac\u00f3 que durante diciembre y enero se podr\u00e1 consultar en l\u00ednea a trav\u00e9s de la plataforma https:\/\/www.uv.mx\/pte2017-2021\/, para que la comunidad universitaria y la sociedad en general la revisen y la enriquezcan.<\/p>\n<p>Detall\u00f3 que la propuesta de Plan de Trabajo 2017-2021 \u2500alineada con el Plan General de Desarrollo 2030\u2500, tiene como ejes generales: Liderazgo acad\u00e9mico, Innovaci\u00f3n para la generaci\u00f3n del conocimiento y sus aplicaciones tecnol\u00f3gicas, Visibilidad e impacto social, y Gobierno y gesti\u00f3n.<\/p>\n<p>Por su parte la Rectora, Sara Ladr\u00f3n de Guevara, destac\u00f3 el trabajo realizado ante dos legislaturas sucesivas por la Comisi\u00f3n de Di\u00e1logo integrada por Jos\u00e9 Luis Cuevas Gayosso, director de la Facultad de Derecho; el abogado general Alberto Islas Reyes y Gerardo Garc\u00eda Ricardo, ex titular de la Secretar\u00eda de Administraci\u00f3n y Finanzas, lo que el Consejo salud\u00f3 con un aplauso del pleno para la comisi\u00f3n.<\/p>\n<p>El \u00e9xito de esta comisi\u00f3n radic\u00f3 en el impulso de toda la comunidad, recalc\u00f3, \u201ctoda la comunidad y la ciudadan\u00eda nos manifestamos ante el embate que est\u00e1bamos sufriendo sin cesar actividades\u201d.<\/p>\n<p>Record\u00f3 que, en un hecho hist\u00f3rico, se promulg\u00f3 en la Rector\u00eda Universitaria el 13 de noviembre la autonom\u00eda presupuestaria que comprende la reforma del Art\u00edculo 10 de la Constituci\u00f3n Pol\u00edtica del Estado de Veracruz y fue ratificada por los integrantes de la LXIV Legislatura.<\/p>\n<p>\u201cLogramos aumento presupuestal de 236 millones, llegamos a diciembre sin problemas para enfrentar las responsabilidades con todos los trabajadores\u201d, precis\u00f3.<\/p>\n<p>&nbsp;<\/p>\n<div id=\"attachment_38879\" style=\"width: 896px\" class=\"wp-caption aligncenter\"><a href=\"https:\/\/www.uv.mx\/prensa\/files\/2017\/12\/111217-FOTOS-CUG-2-100k.jpg\"><img loading=\"lazy\" decoding=\"async\" aria-describedby=\"caption-attachment-38879\" class=\"size-full wp-image-38879\" src=\"https:\/\/www.uv.mx\/prensa\/files\/2017\/12\/111217-FOTOS-CUG-2-100k.jpg\" alt=\"Laura Elena Mart\u00ednez M\u00e1rquez present\u00f3 la plataforma de consulta para el Plan de Trabajo 2017-2021\" width=\"886\" height=\"592\" srcset=\"https:\/\/www.uv.mx\/prensa\/files\/2017\/12\/111217-FOTOS-CUG-2-100k.jpg 886w, https:\/\/www.uv.mx\/prensa\/files\/2017\/12\/111217-FOTOS-CUG-2-100k-300x200.jpg 300w, https:\/\/www.uv.mx\/prensa\/files\/2017\/12\/111217-FOTOS-CUG-2-100k-768x513.jpg 768w\" sizes=\"auto, (max-width: 886px) 100vw, 886px\" \/><\/a><p id=\"caption-attachment-38879\" class=\"wp-caption-text\">Laura Elena Mart\u00ednez M\u00e1rquez present\u00f3 la plataforma de consulta para el Plan de Trabajo 2017-2021<\/p><\/div>\n<p>&nbsp;<\/p>\n<p>\u201cNos hemos abocado a buscar las ampliaciones presupuestales para 2017 y 2018\u201d, asever\u00f3 al insistir en la resoluci\u00f3n al adeudo al Sistema de Administraci\u00f3n Tributaria (SAT) como un pasivo que corresponde a la Secretar\u00eda de Finanzas y Planeaci\u00f3n (<em>Sefiplan<\/em>) \u201cque va por un buen cauce\u201d.<\/p>\n<p>Se logr\u00f3 un incremento que resulta en la solvencia y suficiencia presupuestaria a final del a\u00f1o y augur\u00f3 un 2018 con las mismas condiciones, puntualiz\u00f3 la Rectora al agradecer el esfuerzo a toda la comunidad universitaria su esfuerzo de uni\u00f3n, \u201cmuchas gracias a todas y a todos\u201d.<\/p>\n<p>Por su parte, el Abogado General record\u00f3 que el 16 de noviembre el Congreso del Estado aprob\u00f3 por unanimidad la modificaci\u00f3n al Art\u00edculo 34 de la Constituci\u00f3n estatal que permitir\u00e1 a la Universidad presentar iniciativas relativas a sus propias leyes, como la Ley Org\u00e1nica y la Ley de Autonom\u00eda, reforma constitucional que deber\u00e1 discutirse en un segundo periodo de sesiones.<\/p>\n<p><strong>Presupuesto universitario para 2018<\/strong><\/p>\n<p>El CUG aprob\u00f3 por mayor\u00eda el presupuesto inicial de Ingresos y Egresos del ejercicio 2018, propuesta presentada por el acad\u00e9mico Jos\u00e9 Luis S\u00e1nchez Leyva, director de la Facultad de Contadur\u00eda y Administraci\u00f3n, regi\u00f3n Coatzacoalcos, a nombre de la Comisi\u00f3n de Presupuestos.<\/p>\n<p>El monto ascendi\u00f3 a seis mil 529 millones 421 mil pesos y en ese sentido, el funcionario acad\u00e9mico destac\u00f3 la recuperaci\u00f3n del presupuesto estatal, dadas las gestiones realizadas desde la administraci\u00f3n universitaria.<\/p>\n<p><strong>Informes de la CUTAI, Unidad de G\u00e9nero, y Defensor\u00eda<\/strong><\/p>\n<p>Los titulares de la Coordinaci\u00f3n Universitaria de Transparencia y Acceso a la Informaci\u00f3n y Protecci\u00f3n de datos personales (CUTAI); de la Coordinaci\u00f3n de la Unidad de G\u00e9nero y de la Defensor\u00eda de los Derechos Universitarios presentaron al pleno sus respectivos informes.<\/p>\n<p>Alejandro de la Fuente Alonso, coordinador de la CUTAI expres\u00f3 que se recibieron 943 solicitudes de informaci\u00f3n con un incremento en su profundidad y complejidad.<\/p>\n<p>Alto porcentaje de los solicitantes son menores a los 35 a\u00f1os, 559 solicitudes obtuvieron respuesta en el plazo obligatorio y destac\u00f3 la capacidad de respuesta de las facultades como Derecho y se cumpli\u00f3 en tiempo y forma con la nueva Ley de Datos Personales.<\/p>\n<p>Respecto de la capacitaci\u00f3n y difusi\u00f3n, detall\u00f3 que se acudi\u00f3 a todas las regiones universitarias para informar a todos los funcionarios y trabajadores administrativos.<\/p>\n<p>&nbsp;<\/p>\n<div id=\"attachment_38880\" style=\"width: 896px\" class=\"wp-caption aligncenter\"><a href=\"https:\/\/www.uv.mx\/prensa\/files\/2017\/12\/111217-FOTOS-CUG-3-100K.jpg\"><img loading=\"lazy\" decoding=\"async\" aria-describedby=\"caption-attachment-38880\" class=\"size-full wp-image-38880\" src=\"https:\/\/www.uv.mx\/prensa\/files\/2017\/12\/111217-FOTOS-CUG-3-100K.jpg\" alt=\"Sara Ladr\u00f3n de Guevara destac\u00f3 el trabajo realizado por la comisi\u00f3n que lider\u00f3 las gestiones ante el congreso local para lograr la autonom\u00eda presupuestaria\" width=\"886\" height=\"591\" srcset=\"https:\/\/www.uv.mx\/prensa\/files\/2017\/12\/111217-FOTOS-CUG-3-100K.jpg 886w, https:\/\/www.uv.mx\/prensa\/files\/2017\/12\/111217-FOTOS-CUG-3-100K-300x200.jpg 300w, https:\/\/www.uv.mx\/prensa\/files\/2017\/12\/111217-FOTOS-CUG-3-100K-768x512.jpg 768w\" sizes=\"auto, (max-width: 886px) 100vw, 886px\" \/><\/a><p id=\"caption-attachment-38880\" class=\"wp-caption-text\">Sara Ladr\u00f3n de Guevara destac\u00f3 el trabajo realizado por la comisi\u00f3n que lider\u00f3 las gestiones ante el congreso local para lograr la autonom\u00eda presupuestaria<\/p><\/div>\n<p>&nbsp;<\/p>\n<p>En cuanto a la Coordinaci\u00f3n de la Unidad de G\u00e9nero, su titular Esther Hern\u00e1ndez Palacios, refiri\u00f3 que existen 92 representantes de la coordinaci\u00f3n y que se han efectuado distintas campa\u00f1as de sensiblizaci\u00f3n e informaci\u00f3n, as\u00ed como 21 asesor\u00edas jur\u00eddicas, otorgando acompa\u00f1amiento por la Defensor\u00eda de los Derechos Universitarios. Se incorpor\u00f3 de manera transversal el enfoque de g\u00e9nero e intercultural en todos los programas educativos.<\/p>\n<p>A continuaci\u00f3n, Jorge Luis Rivera Huesca, titular de la Defensor\u00eda de los Derechos Universitarios, rindi\u00f3 el informe correspondiente y destac\u00f3 el cumplimiento de 375 solicitudes de intervenci\u00f3n. En conciliaciones, recomendaciones y observaciones, se registraron 69 peticiones en forma de queja y se plantearon 3 conciliaciones, agreg\u00f3.<\/p>\n<p>Inform\u00f3 que la UV ser\u00e1 sede del Congreso Internacional y la sesi\u00f3n anual de la Red de Defensor\u00edas Universitarias en octubre de 2018.<\/p>\n<p>Rivera Huesca recalc\u00f3 que el presupuesto asignado a la Defensor\u00eda ha sido ejercido \u201cde manera escrupulosa y aplicado en las actividades realizadas a lo largo del a\u00f1o; toda la informaci\u00f3n se encuentra disponible en su totalidad en el portal de la Defensor\u00eda\u201d.<\/p>\n<p><strong>Ratificaci\u00f3n de acuerdos <\/strong><\/p>\n<p>Los consejeros ratificaron los acuerdos de la sesi\u00f3n ordinaria del CUG celebrada el pasado 9 de junio, entre los que destacan: las reformas al Estatuto General, del Personal Acad\u00e9mico, Reglamento para el Control de Bienes, Muebles e Inmuebles.<\/p>\n<p>De igual forma, el reglamento general del Centro de Idiomas, reglamento interno de las facultades de Pedagog\u00eda, regi\u00f3n Veracruz; Contadur\u00eda y Administraci\u00f3n, del campus, Coatzacoalcos-Minatitl\u00e1n; y de la Cl\u00ednica Universitaria de Salud Reproductiva y Sexual.<\/p>\n<p>&nbsp;<\/p>\n<div id=\"attachment_38878\" style=\"width: 896px\" class=\"wp-caption aligncenter\"><a href=\"https:\/\/www.uv.mx\/prensa\/files\/2017\/12\/111217-FOTOS-CUG-4-100k.jpg\"><img loading=\"lazy\" decoding=\"async\" aria-describedby=\"caption-attachment-38878\" class=\"size-full wp-image-38878\" src=\"https:\/\/www.uv.mx\/prensa\/files\/2017\/12\/111217-FOTOS-CUG-4-100k.jpg\" alt=\"Jos\u00e9 Luis S\u00e1nchez Leyva, present\u00f3 el presupuesto inicial de Ingresos y Egresos del ejercicio 2018\" width=\"886\" height=\"592\" srcset=\"https:\/\/www.uv.mx\/prensa\/files\/2017\/12\/111217-FOTOS-CUG-4-100k.jpg 886w, https:\/\/www.uv.mx\/prensa\/files\/2017\/12\/111217-FOTOS-CUG-4-100k-300x200.jpg 300w, https:\/\/www.uv.mx\/prensa\/files\/2017\/12\/111217-FOTOS-CUG-4-100k-768x513.jpg 768w\" sizes=\"auto, (max-width: 886px) 100vw, 886px\" \/><\/a><p id=\"caption-attachment-38878\" class=\"wp-caption-text\">Jos\u00e9 Luis S\u00e1nchez Leyva, present\u00f3 el presupuesto inicial de Ingresos y Egresos del ejercicio 2018<\/p><\/div>\n<p>&nbsp;<\/p>\n<p>Como parte de los Acuerdos de la Rectora, se aprob\u00f3 por mayor\u00eda la creaci\u00f3n del Consejo Consultivo de Vinculaci\u00f3n como un \u00f3rgano de asesor\u00eda que tiene como objetivo el an\u00e1lisis y la generaci\u00f3n de propuestas para la adecuada toma de decisiones, de acuerdo a las l\u00edneas prioritarias de la vinculaci\u00f3n universitaria con los diversos sectores de la sociedad contribuyendo al desarrollo sustentable del estado y del quehacer universitario.<\/p>\n<p>Se aval\u00f3 por mayor\u00eda la restructuraci\u00f3n de la Facultad de Ingenier\u00eda de la regi\u00f3n Veracruz, con el establecimiento de los siguientes programas educativos: (PE): Ingenier\u00eda de la Construcci\u00f3n y el H\u00e1bitat; Ingenier\u00eda El\u00e9ctrica y Electr\u00f3nica, Facultad de Ciencias Qu\u00edmicas e Ingenier\u00eda Mec\u00e1nica y Ciencias Navales.<\/p>\n<p>Esta propuesta fue presentada por Enrique Morales Gonz\u00e1lez, director de la Facultad de Ingenier\u00eda, quien describi\u00f3 que en la actualidad en \u00e9sta se ofertan 12 programas educativos con una matr\u00edcula de 3 mil 46 alumnos; 250 acad\u00e9micos y 69 integrantes entre personal administrativo, t\u00e9cnico y manual.<\/p>\n<p>&nbsp;<\/p>\n<div id=\"attachment_38881\" style=\"width: 896px\" class=\"wp-caption aligncenter\"><a href=\"https:\/\/www.uv.mx\/prensa\/files\/2017\/12\/111217-FOTOS-CUG-5100K.jpg\"><img loading=\"lazy\" decoding=\"async\" aria-describedby=\"caption-attachment-38881\" class=\"size-full wp-image-38881\" src=\"https:\/\/www.uv.mx\/prensa\/files\/2017\/12\/111217-FOTOS-CUG-5100K.jpg\" alt=\"Jorge Luis Rivera Huesca, titular de la Defensor\u00eda de los Derechos Universitarios\" width=\"886\" height=\"592\" srcset=\"https:\/\/www.uv.mx\/prensa\/files\/2017\/12\/111217-FOTOS-CUG-5100K.jpg 886w, https:\/\/www.uv.mx\/prensa\/files\/2017\/12\/111217-FOTOS-CUG-5100K-300x200.jpg 300w, https:\/\/www.uv.mx\/prensa\/files\/2017\/12\/111217-FOTOS-CUG-5100K-768x513.jpg 768w\" sizes=\"auto, (max-width: 886px) 100vw, 886px\" \/><\/a><p id=\"caption-attachment-38881\" class=\"wp-caption-text\">Jorge Luis Rivera Huesca, titular de la Defensor\u00eda de los Derechos Universitarios<\/p><\/div>\n<p>&nbsp;<\/p>\n<p><strong>\u00a0<\/strong><strong>Acuerdos de las comisiones permanentes<\/strong><\/p>\n<p>En esta jornada se aprobaron los acuerdos de las Comisiones Permanentes del CUG, por cada \u00e1rea de conocimiento, particularmente de las de Artes, Ciencias Biol\u00f3gicas y Agropecuarias, Ciencias de la Salud y Humanidades.<\/p>\n<p>En la primera, se dio la modificaci\u00f3n de la Maestr\u00eda en M\u00fasica, su plan y programa de estudio; en la segunda, de la Maestr\u00eda en Manejo y Explotaci\u00f3n de los Ecosistemas de la Ca\u00f1a de Az\u00facar; en la tercera, la creaci\u00f3n de la Especialidad M\u00e9dica en Psiquiatr\u00eda, modificaci\u00f3n de la Nomenclatura de T\u00e9cnico Radi\u00f3logo; y la Nomenclatura de T\u00e9cnico Protesista Dental por la de T\u00e9cnico Superior Universitario Protesista Dental.<\/p>\n<p>Como parte de la Comisi\u00f3n de Humanidades se aprob\u00f3 por unanimidad la creaci\u00f3n de la Maestr\u00eda en Historia Contempor\u00e1nea, su plan y programa de estudio.<\/p>\n<p>&nbsp;<\/p>\n<div id=\"attachment_38882\" style=\"width: 896px\" class=\"wp-caption aligncenter\"><a href=\"https:\/\/www.uv.mx\/prensa\/files\/2017\/12\/111217-FOTOS-CUG-6100k.jpg\"><img loading=\"lazy\" decoding=\"async\" aria-describedby=\"caption-attachment-38882\" class=\"size-full wp-image-38882\" src=\"https:\/\/www.uv.mx\/prensa\/files\/2017\/12\/111217-FOTOS-CUG-6100k.jpg\" alt=\"Esther Hern\u00e1ndez Palacios, coordinadora de la Unidad de G\u00e9nero, hizo un recuento de las actividades realizadas\" width=\"886\" height=\"591\" srcset=\"https:\/\/www.uv.mx\/prensa\/files\/2017\/12\/111217-FOTOS-CUG-6100k.jpg 886w, https:\/\/www.uv.mx\/prensa\/files\/2017\/12\/111217-FOTOS-CUG-6100k-300x200.jpg 300w, https:\/\/www.uv.mx\/prensa\/files\/2017\/12\/111217-FOTOS-CUG-6100k-768x512.jpg 768w\" sizes=\"auto, (max-width: 886px) 100vw, 886px\" \/><\/a><p id=\"caption-attachment-38882\" class=\"wp-caption-text\">Esther Hern\u00e1ndez Palacios, coordinadora de la Unidad de G\u00e9nero, hizo un recuento de las actividades realizadas<\/p><\/div>\n<p>&nbsp;<\/p>\n<p>Posteriormente, Alberto Islas Reyes, ley\u00f3 el informe de la Comisi\u00f3n de Honor y Justicia, relacionada con la atenci\u00f3n que se dio a los recursos de inconformidad promovidos por los integrantes del personal acad\u00e9mico de la UV.<\/p>\n<p>Como parte de la Comisi\u00f3n de Reglamentos se modific\u00f3 el nombre de Secretar\u00eda de la Rector\u00eda por Secretar\u00eda de Desarrollo Institucional, al subrayar el car\u00e1cter transversal de la entidad; se reform\u00f3 el Reglamento para el Control de Bienes Muebles e Inmuebles; el de Planes y Programas de Estudio, toda vez que el Instituto de Psicolog\u00eda y Educaci\u00f3n opera desde el \u00c1rea Acad\u00e9mica de Ciencias de la Salud \u2500pero sus planes y programas estaban incluidos en la de Humanidades\u2500, y al reglamento de los Elementos de Identidad Institucional, concerniente a la protecci\u00f3n y uso del logos\u00edmbolo de la UV en publicaciones.<\/p>\n<p>Adem\u00e1s, se aprob\u00f3 el Reglamento Interno del Sistema de Ense\u00f1anza Abierta; del Instituto de Medicina Forense y del Centro de Investigaciones en Micro y Nanotecnolog\u00eda (Microna), ambas entidades de la regi\u00f3n Veracruz. Tambi\u00e9n, los de las facultades de Arquitectura, Enfermer\u00eda, Odontolog\u00eda, Medicina y Ciencias Biol\u00f3gicas y Agropecuarias de la regi\u00f3n Orizaba-C\u00f3rdoba; al igual que el de la de Ciencias Qu\u00edmicas, regi\u00f3n Coatzacoalcos- Minatitl\u00e1n.<\/p>\n<p>&nbsp;<\/p>\n<div id=\"attachment_38883\" style=\"width: 896px\" class=\"wp-caption aligncenter\"><a href=\"https:\/\/www.uv.mx\/prensa\/files\/2017\/12\/111217-FOTOS-CUG-7-100k.jpg\"><img loading=\"lazy\" decoding=\"async\" aria-describedby=\"caption-attachment-38883\" class=\"size-full wp-image-38883\" src=\"https:\/\/www.uv.mx\/prensa\/files\/2017\/12\/111217-FOTOS-CUG-7-100k.jpg\" alt=\"Alejandro de la Fuente Alonso, titular de la CUTAI, durante la presentaci\u00f3n de su informe\" width=\"886\" height=\"591\" srcset=\"https:\/\/www.uv.mx\/prensa\/files\/2017\/12\/111217-FOTOS-CUG-7-100k.jpg 886w, https:\/\/www.uv.mx\/prensa\/files\/2017\/12\/111217-FOTOS-CUG-7-100k-300x200.jpg 300w, https:\/\/www.uv.mx\/prensa\/files\/2017\/12\/111217-FOTOS-CUG-7-100k-768x512.jpg 768w\" sizes=\"auto, (max-width: 886px) 100vw, 886px\" \/><\/a><p id=\"caption-attachment-38883\" class=\"wp-caption-text\">Alejandro de la Fuente Alonso, titular de la CUTAI, durante la presentaci\u00f3n de su informe<\/p><\/div>\n<p>&nbsp;<\/p>\n<p>Presidieron la sesi\u00f3n del CUG: Magdalena Hern\u00e1ndez Alarc\u00f3n, secretaria Acad\u00e9mica; Salvador Tapia Spinoso, secretario de Administraci\u00f3n y Finanzas; Octavio Ochoa Contreras, secretario de la Rector\u00eda; as\u00ed como los vicerrectores Alfonso P\u00e9rez Morales, de la regi\u00f3n Veracruz; Carlos Lamothe Zavaleta, de Coatzacoalcos-Minatitl\u00e1n; Jos\u00e9 Eduardo Mart\u00ednez Canales, de Orizaba-C\u00f3rdoba, y Jos\u00e9 Luis Alan\u00eds M\u00e9ndez, de Poza Rica-Tuxpan.<\/p>\n","protected":false},"excerpt":{"rendered":"<p><strong><em> Claudia Peralta V\u00e1zquez, Karina de la Paz, David Sandoval.-<\/em><\/strong> El Consejo Universitario General (CUG) de la Universidad Veracruzana (UV) llev\u00f3 a efecto este lunes su \u00faltima sesi\u00f3n ordinaria del a\u00f1o y en \u00e9sta aprob\u00f3 la estrategia para la elaboraci\u00f3n del Programa de Trabajo Estrat\u00e9gico 2017-2021 y design\u00f3 a Laura Ver\u00f3nica Herrera Franco y Enrique Ram\u00edrez Nazariega como nuevos miembros de la Junta de Gobierno, en sustituci\u00f3n de Elena Rustri\u00e1n Portilla y de Ricardo Corzo Ram\u00edrez.<\/p>\n","protected":false},"author":1809,"featured_media":38885,"comment_status":"closed","ping_status":"closed","sticky":false,"template":"","format":"standard","meta":{"footnotes":""},"categories":[1],"tags":[2],"class_list":["post-38875","post","type-post","status-publish","format-standard","has-post-thumbnail","hentry","category-general","tag-principal"],"_links":{"self":[{"href":"https:\/\/www.uv.mx\/prensa\/wp-json\/wp\/v2\/posts\/38875","targetHints":{"allow":["GET"]}}],"collection":[{"href":"https:\/\/www.uv.mx\/prensa\/wp-json\/wp\/v2\/posts"}],"about":[{"href":"https:\/\/www.uv.mx\/prensa\/wp-json\/wp\/v2\/types\/post"}],"author":[{"embeddable":true,"href":"https:\/\/www.uv.mx\/prensa\/wp-json\/wp\/v2\/users\/1809"}],"replies":[{"embeddable":true,"href":"https:\/\/www.uv.mx\/prensa\/wp-json\/wp\/v2\/comments?post=38875"}],"version-history":[{"count":0,"href":"https:\/\/www.uv.mx\/prensa\/wp-json\/wp\/v2\/posts\/38875\/revisions"}],"wp:featuredmedia":[{"embeddable":true,"href":"https:\/\/www.uv.mx\/prensa\/wp-json\/wp\/v2\/media\/38885"}],"wp:attachment":[{"href":"https:\/\/www.uv.mx\/prensa\/wp-json\/wp\/v2\/media?parent=38875"}],"wp:term":[{"taxonomy":"category","embeddable":true,"href":"https:\/\/www.uv.mx\/prensa\/wp-json\/wp\/v2\/categories?post=38875"},{"taxonomy":"post_tag","embeddable":true,"href":"https:\/\/www.uv.mx\/prensa\/wp-json\/wp\/v2\/tags?post=38875"}],"curies":[{"name":"wp","href":"https:\/\/api.w.org\/{rel}","templated":true}]}}