{"id":38829,"date":"2017-12-11T13:53:12","date_gmt":"2017-12-11T19:53:12","guid":{"rendered":"https:\/\/www.uv.mx\/prensa\/?p=38829"},"modified":"2017-12-11T13:53:12","modified_gmt":"2017-12-11T19:53:12","slug":"investigador-colombiano-visito-el-cires","status":"publish","type":"post","link":"https:\/\/www.uv.mx\/prensa\/regiones\/investigador-colombiano-visito-el-cires\/","title":{"rendered":"Investigador colombiano visit\u00f3 el CIRES"},"content":{"rendered":"<p>&nbsp;<\/p>\n<div id=\"attachment_38848\" style=\"width: 732px\" class=\"wp-caption aligncenter\"><a href=\"https:\/\/www.uv.mx\/prensa\/files\/2017\/12\/CIRES-111217-ok.jpg\"><img loading=\"lazy\" decoding=\"async\" aria-describedby=\"caption-attachment-38848\" class=\"size-full wp-image-38848\" src=\"https:\/\/www.uv.mx\/prensa\/files\/2017\/12\/CIRES-111217-ok.jpg\" alt=\"\" width=\"722\" height=\"481\" srcset=\"https:\/\/www.uv.mx\/prensa\/files\/2017\/12\/CIRES-111217-ok.jpg 722w, https:\/\/www.uv.mx\/prensa\/files\/2017\/12\/CIRES-111217-ok-300x200.jpg 300w\" sizes=\"auto, (max-width: 722px) 100vw, 722px\" \/><\/a><p id=\"caption-attachment-38848\" class=\"wp-caption-text\">Juan Gonzalo Ardila Mar\u00edn<\/p><\/div>\n<p>&nbsp;<\/p>\n<p><strong><em>Cecilia Escribano<\/em><\/strong><\/p>\n<p>&nbsp;<\/p>\n<p><strong><em>11\/12\/2017, Coatzacoalcos, Ver.-<\/em><\/strong> El Centro de Investigaci\u00f3n en Recursos Energ\u00e9ticos y Sustentables (CIRES) de la Universidad Veracruzana (UV) recibi\u00f3 la visita del especialista colombiano Juan Gonzalo Ardila Mar\u00edn, del Instituto Tecnol\u00f3gico Metropolitano (ITM) Medell\u00edn-Colombia.<\/p>\n<p>Su estancia se desarroll\u00f3 en el marco del convenio espec\u00edfico que el CIRES-UV tiene con el grupo de investigaci\u00f3n \u201cMateriales avanzados y energ\u00eda\u201d del ITM.<\/p>\n<p>Durante dos d\u00edas, 7 y 8 de diciembre, el investigador conoci\u00f3 el <em>campus<\/em> Coatzacoalcos de esta regi\u00f3n universitaria, el plan de estudios, el modelo educativo y el CIRES, donde se reuni\u00f3 con investigadores para acordar trabajos acad\u00e9micos entre los estudiantes de maestr\u00eda que co-dirigen Dar\u00edo Colorado Garrido, coordinador del CIRES, y \u00e9l.<\/p>\n<p>Adem\u00e1s se reuni\u00f3 con cuerpos acad\u00e9micos del \u00c1rea Acad\u00e9mica T\u00e9cnica \u2013de las facultades de Ingenier\u00eda y Ciencias Qu\u00edmicas\u2013 con la intenci\u00f3n de identificar posibles \u00e1reas de colaboraci\u00f3n; asimismo, se entrevist\u00f3 con Benoit Auguste Roger Fouconnier, coordinador del Doctorado en Ingenier\u00eda Qu\u00edmica, con la finalidad de promocionar el programa de estudio con los estudiantes del programa de maestr\u00eda del ITM.<\/p>\n<p>Ardila Mar\u00edn present\u00f3 el grupo \u201cMateriales avanzados y energ\u00eda\u201d, que tiene cuatro l\u00edneas de investigaci\u00f3n: Eficacia energ\u00e9tica, Biomateriales y electromedicina, Computaci\u00f3n avanzada y dise\u00f1o digital, y Nuevos materiales. Tambi\u00e9n invit\u00f3 a los presentes a sumarse a colaborar con los semilleros de investigaci\u00f3n.<\/p>\n<p>Se\u00f1al\u00f3 que es importante mantener los contactos entre la UV y el ITM, \u201cadem\u00e1s de hacer la verificaci\u00f3n <em>in situ<\/em> de las capacidades, las ventajas y \u00e1reas de oportunidad, necesitamos sumar esfuerzos y conocimientos en materia de investigaci\u00f3n y generar planes de trabajos de investigaci\u00f3n y docencia en conjunto\u201d.<\/p>\n","protected":false},"excerpt":{"rendered":"<p><strong><em>Cecilia Escribano.-<\/em><\/strong>El Centro de Investigaci\u00f3n en Recursos Energ\u00e9ticos y Sustentables (CIRES) de la Universidad Veracruzana (UV) recibi\u00f3 la visita del especialista colombiano Juan Gonzalo Ardila Mar\u00edn, del Instituto Tecnol\u00f3gico Metropolitano (ITM) Medell\u00edn-Colombia.<\/p>\n","protected":false},"author":1810,"featured_media":38849,"comment_status":"closed","ping_status":"closed","sticky":false,"template":"","format":"standard","meta":{"footnotes":""},"categories":[32],"tags":[33],"class_list":["post-38829","post","type-post","status-publish","format-standard","has-post-thumbnail","hentry","category-regiones","tag-regiones"],"_links":{"self":[{"href":"https:\/\/www.uv.mx\/prensa\/wp-json\/wp\/v2\/posts\/38829","targetHints":{"allow":["GET"]}}],"collection":[{"href":"https:\/\/www.uv.mx\/prensa\/wp-json\/wp\/v2\/posts"}],"about":[{"href":"https:\/\/www.uv.mx\/prensa\/wp-json\/wp\/v2\/types\/post"}],"author":[{"embeddable":true,"href":"https:\/\/www.uv.mx\/prensa\/wp-json\/wp\/v2\/users\/1810"}],"replies":[{"embeddable":true,"href":"https:\/\/www.uv.mx\/prensa\/wp-json\/wp\/v2\/comments?post=38829"}],"version-history":[{"count":0,"href":"https:\/\/www.uv.mx\/prensa\/wp-json\/wp\/v2\/posts\/38829\/revisions"}],"wp:featuredmedia":[{"embeddable":true,"href":"https:\/\/www.uv.mx\/prensa\/wp-json\/wp\/v2\/media\/38849"}],"wp:attachment":[{"href":"https:\/\/www.uv.mx\/prensa\/wp-json\/wp\/v2\/media?parent=38829"}],"wp:term":[{"taxonomy":"category","embeddable":true,"href":"https:\/\/www.uv.mx\/prensa\/wp-json\/wp\/v2\/categories?post=38829"},{"taxonomy":"post_tag","embeddable":true,"href":"https:\/\/www.uv.mx\/prensa\/wp-json\/wp\/v2\/tags?post=38829"}],"curies":[{"name":"wp","href":"https:\/\/api.w.org\/{rel}","templated":true}]}}