{"id":38787,"date":"2017-12-09T07:00:42","date_gmt":"2017-12-09T13:00:42","guid":{"rendered":"https:\/\/www.uv.mx\/prensa\/?p=38787"},"modified":"2017-12-11T08:46:39","modified_gmt":"2017-12-11T14:46:39","slug":"alumno-de-derecho-uv-obtuvo-premio-estatal-de-la-juventud-2017","status":"publish","type":"post","link":"https:\/\/www.uv.mx\/prensa\/general\/alumno-de-derecho-uv-obtuvo-premio-estatal-de-la-juventud-2017\/","title":{"rendered":"Alumno de Derecho UV obtuvo Premio Estatal de la Juventud 2017"},"content":{"rendered":"<ul>\n<li><em>Daniel Enrique Azuara Carrillo gan\u00f3 en la categor\u00eda Poder Judicial<\/em><\/li>\n<\/ul>\n<p>&nbsp;<\/p>\n<div id=\"attachment_38795\" style=\"width: 732px\" class=\"wp-caption aligncenter\"><a href=\"https:\/\/www.uv.mx\/prensa\/files\/2017\/12\/091217-Alumno-de-Derecho-Premio-Estatal-Juventud-ok.jpg\"><img loading=\"lazy\" decoding=\"async\" aria-describedby=\"caption-attachment-38795\" class=\"size-full wp-image-38795\" src=\"https:\/\/www.uv.mx\/prensa\/files\/2017\/12\/091217-Alumno-de-Derecho-Premio-Estatal-Juventud-ok.jpg\" alt=\"\" width=\"722\" height=\"482\" srcset=\"https:\/\/www.uv.mx\/prensa\/files\/2017\/12\/091217-Alumno-de-Derecho-Premio-Estatal-Juventud-ok.jpg 722w, https:\/\/www.uv.mx\/prensa\/files\/2017\/12\/091217-Alumno-de-Derecho-Premio-Estatal-Juventud-ok-300x200.jpg 300w\" sizes=\"auto, (max-width: 722px) 100vw, 722px\" \/><\/a><p id=\"caption-attachment-38795\" class=\"wp-caption-text\">Daniel Enrique Azuara Carrillo recibi\u00f3 el Premio Estatal de la Juventud 2017, en la categor\u00eda Poder Judicial<\/p><\/div>\n<p>&nbsp;<\/p>\n<p><strong><em>Jos\u00e9 Luis <\/em><\/strong><strong><em>Couttolenc<\/em><\/strong><strong><em> Soto<\/em><\/strong><\/p>\n<p>&nbsp;<\/p>\n<p><strong><em>09\/12\/2017, Xalapa, Ver.- <\/em><\/strong>Como est\u00edmulo a la labor social y expansi\u00f3n del conocimiento que ha desarrollado desde hace varios a\u00f1os, Daniel Enrique Azuara Carrillo, alumno del s\u00e9ptimo semestre de la Facultad de Derecho de la Universidad Veracruzana (UV), fue reconocido por el Gobierno del Estado con el Premio Estatal de la Juventud 2017, categor\u00eda Poder Judicial, el cual le fue entregado a trav\u00e9s del Instituto Veracruzano de la Juventud.<\/p>\n<p>Con una actitud que demuestra su dinamismo, el joven universitario cuenta que en los cerca de tres a\u00f1os que tiene como alumno de Derecho, ha participado en m\u00e1s de 85 conferencias, cursos y talleres de capacitaci\u00f3n, as\u00ed como en otras actividades relacionadas con el derecho internacional humanitario, penal acusatorio, electoral y derechos humanos, entre otros.<\/p>\n<p>Se congratula por haber sido el primer alumno que sin contar con alguna licenciatura, maestr\u00eda o doctorado, fue invitado por la Suprema Corte de Justicia de la Naci\u00f3n (SCJN) para brindar conferencias en cuatro ocasiones, y ante la C\u00e1mara de Diputados present\u00f3 diversas iniciativas de ley, de las cuales cuatro fueron votadas recientemente.<\/p>\n<p>Azuara Carrillo explic\u00f3 que sin tener ning\u00fan lazo familiar con alguien que se desempe\u00f1e dentro de la milicia, le atrae la idea de\u00a0 fusionar los alcances del derecho con el \u00e1rea militar, \u201cporque el derecho es una carrera que tiene muchas ramas en las que se puede explorar y llega el momento en que se pueden fusionar disciplinas, esa posibilidad fue la que me llev\u00f3 a estudiar Derecho\u201d.<\/p>\n<p>Dijo que ha tenido la oportunidad de conocer a generales de divisi\u00f3n, lo que le permite desarrollarse en la c\u00fapula militar, y a nivel legislativo en la Comisi\u00f3n de Seguridad Nacional que preside el diputado por Nuevo Le\u00f3n, Waldo Fern\u00e1ndez Gonz\u00e1lez.<\/p>\n<p>A este representante popular fue a quien entreg\u00f3 diversas propuestas de iniciativa de ley, quien las incorpor\u00f3 a la agenda legislativa y apenas el jueves 23 de noviembre fueron aprobadas una reforma al C\u00f3digo de Justicia Militar, una reforma al C\u00f3digo Militar de Procedimientos Penales, una reforma al C\u00f3digo Penal Federal y una reforma a la Ley Federal para la Conservaci\u00f3n de la Neutralidad. En la presentaci\u00f3n de estas iniciativas el cr\u00e9dito le fue otorgado a Daniel Enrique Azuara, quien en fecha pasada present\u00f3 otra iniciativa que adecua el reglamento de uniformes y divisas del Ej\u00e9rcito y Fuerza A\u00e9rea Mexicana ya que se encontraba desfasado.<\/p>\n<p>Todo este trabajo realizado le vali\u00f3 al estudiante universitario ser reconocido por el Gobierno del Estado, quien al momento de recibir el documento hizo un compromiso con el gobernador Miguel \u00c1ngel Yunes Linares y la rectora Sara Ladr\u00f3n de Guevara, \u201cde que el premio no se va a quedar s\u00f3lo como un reconocimiento, sino que se va a materializar en cursos, m\u00e1s pl\u00e1ticas y ponencias en beneficio de otros j\u00f3venes estudiantes y profesionales del Derecho\u201d.<\/p>\n<p>&nbsp;<\/p>\n","protected":false},"excerpt":{"rendered":"<p><strong><em> Jos\u00e9 Luis Couttolenc Soto.-<\/em><\/strong> Como est\u00edmulo a la labor social y expansi\u00f3n del conocimiento que ha desarrollado desde hace varios a\u00f1os, Daniel Enrique Azuara Carrillo, alumno del s\u00e9ptimo semestre de la Facultad de Derecho de la Universidad Veracruzana (UV), fue reconocido por el Gobierno del Estado con el Premio Estatal de la Juventud 2017, categor\u00eda Poder Judicial, el cual le fue entregado a trav\u00e9s del Instituto Veracruzano de la Juventud.<\/p>\n","protected":false},"author":1810,"featured_media":38799,"comment_status":"closed","ping_status":"closed","sticky":false,"template":"","format":"standard","meta":{"footnotes":""},"categories":[1],"tags":[3],"class_list":["post-38787","post","type-post","status-publish","format-standard","has-post-thumbnail","hentry","category-general","tag-secundarias"],"_links":{"self":[{"href":"https:\/\/www.uv.mx\/prensa\/wp-json\/wp\/v2\/posts\/38787","targetHints":{"allow":["GET"]}}],"collection":[{"href":"https:\/\/www.uv.mx\/prensa\/wp-json\/wp\/v2\/posts"}],"about":[{"href":"https:\/\/www.uv.mx\/prensa\/wp-json\/wp\/v2\/types\/post"}],"author":[{"embeddable":true,"href":"https:\/\/www.uv.mx\/prensa\/wp-json\/wp\/v2\/users\/1810"}],"replies":[{"embeddable":true,"href":"https:\/\/www.uv.mx\/prensa\/wp-json\/wp\/v2\/comments?post=38787"}],"version-history":[{"count":0,"href":"https:\/\/www.uv.mx\/prensa\/wp-json\/wp\/v2\/posts\/38787\/revisions"}],"wp:featuredmedia":[{"embeddable":true,"href":"https:\/\/www.uv.mx\/prensa\/wp-json\/wp\/v2\/media\/38799"}],"wp:attachment":[{"href":"https:\/\/www.uv.mx\/prensa\/wp-json\/wp\/v2\/media?parent=38787"}],"wp:term":[{"taxonomy":"category","embeddable":true,"href":"https:\/\/www.uv.mx\/prensa\/wp-json\/wp\/v2\/categories?post=38787"},{"taxonomy":"post_tag","embeddable":true,"href":"https:\/\/www.uv.mx\/prensa\/wp-json\/wp\/v2\/tags?post=38787"}],"curies":[{"name":"wp","href":"https:\/\/api.w.org\/{rel}","templated":true}]}}