{"id":38700,"date":"2017-12-08T10:51:02","date_gmt":"2017-12-08T16:51:02","guid":{"rendered":"https:\/\/www.uv.mx\/prensa\/?p=38700"},"modified":"2017-12-08T10:51:02","modified_gmt":"2017-12-08T16:51:02","slug":"secretaria-academica-visito-la-region-coatza-mina-para-atender-necesidades","status":"publish","type":"post","link":"https:\/\/www.uv.mx\/prensa\/regiones\/secretaria-academica-visito-la-region-coatza-mina-para-atender-necesidades\/","title":{"rendered":"Secretaria Acad\u00e9mica visit\u00f3 la regi\u00f3n Coatza-Mina para atender necesidades"},"content":{"rendered":"<p>&nbsp;<\/p>\n<div id=\"attachment_38715\" style=\"width: 732px\" class=\"wp-caption aligncenter\"><a href=\"https:\/\/www.uv.mx\/prensa\/files\/2017\/12\/SA-1-081217-ok-ok.jpg\"><img loading=\"lazy\" decoding=\"async\" aria-describedby=\"caption-attachment-38715\" class=\"size-full wp-image-38715\" src=\"https:\/\/www.uv.mx\/prensa\/files\/2017\/12\/SA-1-081217-ok-ok.jpg\" alt=\"\" width=\"722\" height=\"481\" srcset=\"https:\/\/www.uv.mx\/prensa\/files\/2017\/12\/SA-1-081217-ok-ok.jpg 722w, https:\/\/www.uv.mx\/prensa\/files\/2017\/12\/SA-1-081217-ok-ok-300x200.jpg 300w\" sizes=\"auto, (max-width: 722px) 100vw, 722px\" \/><\/a><p id=\"caption-attachment-38715\" class=\"wp-caption-text\">Estudiantes de Medicina en la Atenci\u00f3n Prehospitalaria<\/p><\/div>\n<p>&nbsp;<\/p>\n<p><strong><em>Cecilia Escribano<\/em><\/strong><\/p>\n<p>&nbsp;<\/p>\n<p><strong><em>08\/12\/2017, Coatzacoalcos, Ver.- <\/em><\/strong>Mar\u00eda Magdalena Hern\u00e1ndez Alarc\u00f3n, secretaria Acad\u00e9mica de la Universidad Veracruzana (UV), visit\u00f3 la regi\u00f3n Coatzacoalcos-Minatitl\u00e1n, con el fin de conocer las necesidades en materia de docencia, investigaci\u00f3n, asuntos administrativos e infraestructura.<\/p>\n<p>La funcionaria visit\u00f3 los <em>campus<\/em> Acayucan, Minatitl\u00e1n y Coatzacoalcos, en compa\u00f1\u00eda del vicerrector Carlos Lamothe Zavaleta; el secretario Acad\u00e9mico regional, Florentino Cruz Mart\u00ednez; el coordinador regional de Vinculaci\u00f3n, Jos\u00e9 Antonio Fern\u00e1ndez Figueroa, y directivos.<\/p>\n<p>En Acayucan se reuni\u00f3 con Nayib Bechara Acar Mart\u00ednez, director de la Facultad de Ingenier\u00eda en Sistemas de Producci\u00f3n Agropecuaria (FISPA), con quien dialog\u00f3 sobre la necesidad de vincular a la UV con la Asociaci\u00f3n Ganadera de Sayula, adem\u00e1s de fortalecer el sistema de ense\u00f1anza a distancia que caracteriza a la Facultad.<\/p>\n<p>Posteriormente realiz\u00f3 un recorrido por las \u00e1reas del invernadero, el pr\u00f3ximo pozo artesano, la lombricomposta, el laboratorio de producci\u00f3n animal y vegetal, el laboratorio de an\u00e1lisis de suelo, bromatolog\u00eda y agua, el m\u00f3dulo de hongos comestibles y la biblioteca.<\/p>\n<p>&nbsp;<\/p>\n<div id=\"attachment_38722\" style=\"width: 732px\" class=\"wp-caption aligncenter\"><a href=\"https:\/\/www.uv.mx\/prensa\/files\/2017\/12\/SA-2-081217-ok-ok.jpg\"><img loading=\"lazy\" decoding=\"async\" aria-describedby=\"caption-attachment-38722\" class=\"size-full wp-image-38722\" src=\"https:\/\/www.uv.mx\/prensa\/files\/2017\/12\/SA-2-081217-ok-ok.jpg\" alt=\"\" width=\"722\" height=\"481\" srcset=\"https:\/\/www.uv.mx\/prensa\/files\/2017\/12\/SA-2-081217-ok-ok.jpg 722w, https:\/\/www.uv.mx\/prensa\/files\/2017\/12\/SA-2-081217-ok-ok-300x200.jpg 300w\" sizes=\"auto, (max-width: 722px) 100vw, 722px\" \/><\/a><p id=\"caption-attachment-38722\" class=\"wp-caption-text\">Magdalena Hern\u00e1ndez Alarc\u00f3n escuch\u00f3 las necesidades de los directivos<\/p><\/div>\n<p>&nbsp;<\/p>\n<p>En el campus Minatitl\u00e1n visit\u00f3 la Unidad de Servicios Bibliotecarios y de Informaci\u00f3n (USBI), donde se analiz\u00f3 el posible crecimiento de la misma, adem\u00e1s de los estragos ocurridos por los sismos de septiembre y se acord\u00f3 realizar el diagn\u00f3stico estructural de las instalaciones.<\/p>\n<p>Por su parte, la Facultad de Trabajo Social recibi\u00f3 a Hern\u00e1ndez Alarc\u00f3n con hospitalidad y solicit\u00f3 la creaci\u00f3n de espacios deportivos, adem\u00e1s de apoyo en las estrategias de seguridad del <em>campus<\/em> y la necesidad de docentes de tiempo completo.<\/p>\n<p>La Facultad de Enfermer\u00eda solicit\u00f3 a la Secretaria Acad\u00e9mica el apoyo para cumplir con las recomendaciones de los organismos acreditadores, entre las cuales se considera la necesidad de t\u00e9cnicos acad\u00e9micos; asimismo, se pidi\u00f3 el respaldo para la Maestr\u00eda en Enfermer\u00eda.<\/p>\n<p>En la Facultad de Medicina, la funcionaria conoci\u00f3 a j\u00f3venes que integran el \u00e1rea Estudiantes de Medicina en la Atenci\u00f3n Prehospitalaria (EMAP) y se\u00f1al\u00f3: \u201cEsta Facultad es punto de referencia, se caracteriza por la calidad de su quehacer y el compromiso de sus acad\u00e9micos\u201d.<\/p>\n<p>En el <em>campus<\/em> Coatzacoalcos se reuni\u00f3 con los directores de Ingenier\u00eda, Ciencias Qu\u00edmicas, Escuela de Enfermer\u00eda, Contadur\u00eda y Administraci\u00f3n, Centro de Idiomas, Centro de Investigaci\u00f3n en Recursos Energ\u00e9ticos y Sustentables (CIRES) y el Sistema de Ense\u00f1anza Abierta (SEA).<\/p>\n<p>Cada director manifest\u00f3 sus necesidades; por ejemplo, la Facultad de Ingenier\u00eda solicit\u00f3 apoyo en el proyecto de laboratorio de sanitaria y mantenimiento, adem\u00e1s de la creaci\u00f3n del jefe de carrera; la Facultad de Ciencias Qu\u00edmicas solicit\u00f3 consolidar los convenios con la industria.<\/p>\n<p>Tambi\u00e9n se realiz\u00f3 la visita a la USBI-Coatzacoalcos, donde el Director y Administrador manifestaron los problemas y las necesidades de reparaci\u00f3n; adem\u00e1s, recorri\u00f3 el m\u00f3dulo de salud para analizar el avance de la construcci\u00f3n.<\/p>\n<p>Hern\u00e1ndez Alarc\u00f3n se comprometi\u00f3 a realizar otra visita para dar certeza y respuesta a las necesidades manifestadas por las entidades acad\u00e9micas, adem\u00e1s de visitar a la Universidad Veracruzana Intercultural (UVI), sede Las Selvas.<\/p>\n<p>&nbsp;<\/p>\n","protected":false},"excerpt":{"rendered":"<p><strong><em>Cecilia Escribano.-<\/em><\/strong>Mar\u00eda Magdalena Hern\u00e1ndez Alarc\u00f3n, secretaria Acad\u00e9mica de la Universidad Veracruzana (UV), visit\u00f3 la regi\u00f3n Coatzacoalcos-Minatitl\u00e1n, con el fin de conocer las necesidades en materia de docencia, investigaci\u00f3n, asuntos administrativos e infraestructura.<\/p>\n","protected":false},"author":1810,"featured_media":38724,"comment_status":"closed","ping_status":"closed","sticky":false,"template":"","format":"standard","meta":{"footnotes":""},"categories":[32],"tags":[],"class_list":["post-38700","post","type-post","status-publish","format-standard","has-post-thumbnail","hentry","category-regiones"],"_links":{"self":[{"href":"https:\/\/www.uv.mx\/prensa\/wp-json\/wp\/v2\/posts\/38700","targetHints":{"allow":["GET"]}}],"collection":[{"href":"https:\/\/www.uv.mx\/prensa\/wp-json\/wp\/v2\/posts"}],"about":[{"href":"https:\/\/www.uv.mx\/prensa\/wp-json\/wp\/v2\/types\/post"}],"author":[{"embeddable":true,"href":"https:\/\/www.uv.mx\/prensa\/wp-json\/wp\/v2\/users\/1810"}],"replies":[{"embeddable":true,"href":"https:\/\/www.uv.mx\/prensa\/wp-json\/wp\/v2\/comments?post=38700"}],"version-history":[{"count":0,"href":"https:\/\/www.uv.mx\/prensa\/wp-json\/wp\/v2\/posts\/38700\/revisions"}],"wp:featuredmedia":[{"embeddable":true,"href":"https:\/\/www.uv.mx\/prensa\/wp-json\/wp\/v2\/media\/38724"}],"wp:attachment":[{"href":"https:\/\/www.uv.mx\/prensa\/wp-json\/wp\/v2\/media?parent=38700"}],"wp:term":[{"taxonomy":"category","embeddable":true,"href":"https:\/\/www.uv.mx\/prensa\/wp-json\/wp\/v2\/categories?post=38700"},{"taxonomy":"post_tag","embeddable":true,"href":"https:\/\/www.uv.mx\/prensa\/wp-json\/wp\/v2\/tags?post=38700"}],"curies":[{"name":"wp","href":"https:\/\/api.w.org\/{rel}","templated":true}]}}