{"id":38658,"date":"2017-12-08T09:10:58","date_gmt":"2017-12-08T15:10:58","guid":{"rendered":"https:\/\/www.uv.mx\/prensa\/?p=38658"},"modified":"2017-12-08T09:10:58","modified_gmt":"2017-12-08T15:10:58","slug":"la-cotidianidad-actual-provoca-estres-permanente-en-las-personas","status":"publish","type":"post","link":"https:\/\/www.uv.mx\/prensa\/general\/la-cotidianidad-actual-provoca-estres-permanente-en-las-personas\/","title":{"rendered":"La cotidianidad actual provoca estr\u00e9s permanente en las personas"},"content":{"rendered":"<ul>\n<li><em>Lenin Pav\u00f3n, del Instituto Nacional de Psiquiatr\u00eda, advirti\u00f3 que esta situaci\u00f3n puede provocar problemas de capacidad laboral, de concentraci\u00f3n y devenir en depresi\u00f3n<\/em><\/li>\n<\/ul>\n<p>&nbsp;<\/p>\n<div id=\"attachment_38666\" style=\"width: 693px\" class=\"wp-caption aligncenter\"><a href=\"https:\/\/www.uv.mx\/prensa\/files\/2017\/12\/Conferencia-Efecto-del-estres-ok-081217-ok.jpg\"><img loading=\"lazy\" decoding=\"async\" aria-describedby=\"caption-attachment-38666\" class=\"size-large wp-image-38666\" src=\"https:\/\/www.uv.mx\/prensa\/files\/2017\/12\/Conferencia-Efecto-del-estres-ok-081217-ok-683x1024.jpg\" alt=\"\" width=\"683\" height=\"1024\" srcset=\"https:\/\/www.uv.mx\/prensa\/files\/2017\/12\/Conferencia-Efecto-del-estres-ok-081217-ok-683x1024.jpg 683w, https:\/\/www.uv.mx\/prensa\/files\/2017\/12\/Conferencia-Efecto-del-estres-ok-081217-ok-200x300.jpg 200w, https:\/\/www.uv.mx\/prensa\/files\/2017\/12\/Conferencia-Efecto-del-estres-ok-081217-ok.jpg 722w\" sizes=\"auto, (max-width: 683px) 100vw, 683px\" \/><\/a><p id=\"caption-attachment-38666\" class=\"wp-caption-text\">Lenin Pav\u00f3n dict\u00f3 conferencia sobre el estr\u00e9s y las afecciones en el organismo<\/p><\/div>\n<p>&nbsp;<\/p>\n<p><strong><em>Paola Cort\u00e9s P\u00e9rez<\/em><\/strong><\/p>\n<p>&nbsp;<\/p>\n<p><strong><em>08\/12\/2017, Xalapa, Ver.-<\/em><\/strong> Lenin Pav\u00f3n Romero, jefe del Laboratorio de Psicoinmunolog\u00eda del Instituto Nacional de Psiquiatr\u00eda \u201cRam\u00f3n de la Fuente Mu\u00f1iz\u201d, advirti\u00f3 que la actual cotidianidad provoca que todos los individuos vivan en estr\u00e9s permanente, lo que genera afecciones en los sistemas nervioso, endocrinol\u00f3gico e inmunol\u00f3gico.<\/p>\n<p>El inmun\u00f3logo imparti\u00f3 la conferencia magistral \u201cEfecto del estr\u00e9s en la respuesta inmunol\u00f3gica\u201d, el jueves 30 de noviembre, en el 1er Coloquio en Ciencias de la Salud \u201cDe la c\u00e9lula a la comunidad\u201d, organizado por el Instituto de Ciencias de la Salud de la Universidad Veracruzana (UV).<\/p>\n<p>Lenin Pav\u00f3n coment\u00f3 que debido a que los sistemas nervioso, endocrinol\u00f3gico e inmunol\u00f3gico comparten c\u00e9lulas, lo que sucede en uno repercute en el funcionamiento de los otros, de manera fisiol\u00f3gica, normal y evolutiva, lo cual nos sirve para enfrentar adecuadamente est\u00edmulos tensores de nuestro entorno.<\/p>\n<p>Dentro de la medicina, explic\u00f3 que el estr\u00e9s es un proceso fisicoqu\u00edmico o emocional capaz de inducir una tensi\u00f3n de nuestro organismo, que se identifica con un incremento o modificaci\u00f3n de los niveles circulatorios y de liberaci\u00f3n de los neurotransmisores y citosinas.<\/p>\n<p>\u201cEl estr\u00e9s es una tensi\u00f3n que modifica los par\u00e1metros fisiol\u00f3gicos de los sistemas, es decir, los niveles hormonales, endocrino y neurol\u00f3gicos.\u201d<\/p>\n<p>Esta tensi\u00f3n del organismo puede ser causada por elementos infecciosos, de lesi\u00f3n y\/o de percepci\u00f3n, porque cada persona ve el mundo desde diferentes filtros, por lo que el resultado ante un est\u00edmulo puede ser diferente, por ello es dif\u00edcil entender un estr\u00e9s de percepci\u00f3n o psicol\u00f3gico, de infecci\u00f3n o por lesi\u00f3n.<\/p>\n<p>Ante esta situaci\u00f3n, el organismo s\u00f3lo puede responder de una sola forma: establece una comunicaci\u00f3n o respuesta entre los tres sistemas (conocido como el s\u00faper sistema neuroendocrinoinmunol\u00f3gico), que es la adaptaci\u00f3n al ambiente.<\/p>\n<p>\u201cCuando aparece un est\u00edmulo estresante, la respuesta del organismo, sin importar cu\u00e1l es el agente que lo ocasion\u00f3, es elevar las citosinas antiinflamatorias, activar el sistema nervioso y, finalmente, habr\u00e1 una respuesta endocrinol\u00f3gica.\u201d<\/p>\n<p>Se\u00f1al\u00f3 que el organismo puede reaccionar de dos maneras ante el estr\u00e9s: la primera, soluciona adecuadamente y en consecuencia se adapta, siendo capaz de controlar el entorno; la segunda, es que no puede contender favorablemente con el entorno, por lo tanto entra en una fase de resistencia donde aparentemente es capaz y funcional.<\/p>\n<p>\u201cEn esta opci\u00f3n suele presentarse el mito que reza: \u2018yo trabajo muy bien bajo estr\u00e9s\u2019; es la tonter\u00eda m\u00e1s grande que uno puede hacer, lo que pasa es que va minando la capacidad de resistencia del organismo y ocasiona que nos enfermemos de aquello a lo que estamos susceptibles y que est\u00e1 presente en el entorno, si no se controla puede causar la muerte.\u201d<\/p>\n<p>Esta reacci\u00f3n genera en la actividad cotidiana afecciones en la capacidad laboral, de concentraci\u00f3n y de manera reciente depresi\u00f3n, particularmente en adolescentes porque tienen una dif\u00edcil situaci\u00f3n desde el punto de vista acad\u00e9mico.<\/p>\n<p>Resalt\u00f3 que todos nos estresamos, pero algunas personas son m\u00e1s susceptibles, lo que derivar\u00eda en el desarrollo de un cuadro tan importante como el de la depresi\u00f3n mayor, ya sea por un componente gen\u00e9tico y\/o factores ambientales vinculantes.<\/p>\n<p>Se piensa err\u00f3neamente que la depresi\u00f3n tiene relaci\u00f3n con un trastorno del tipo neurol\u00f3gico o psiqui\u00e1trico, pero la realidad es que los pacientes con trastornos psiqui\u00e1tricos \u2013como la depresi\u00f3n\u2013 presentan alteraciones nerviosas, endocrinas e inmunol\u00f3gicas.<\/p>\n<p>\u201cLa depresi\u00f3n es un problema significativo, ya que est\u00e1 relacionada con el suicidio, por lo mismo tenemos que sensibilizar a la gente sobre el estr\u00e9s y sus efectos.\u201d<\/p>\n<p>&nbsp;<\/p>\n","protected":false},"excerpt":{"rendered":"<p><strong><em>Paola Cort\u00e9s.-<\/em><\/strong>Lenin Pav\u00f3n Romero, jefe del Laboratorio de Psicoinmunolog\u00eda del Instituto Nacional de Psiquiatr\u00eda \u201cRam\u00f3n de la Fuente Mu\u00f1iz\u201d, advirti\u00f3 que la actual cotidianidad provoca que todos los individuos vivan en estr\u00e9s permanente, lo que genera afecciones en los sistemas nervioso, endocrinol\u00f3gico e inmunol\u00f3gico.<\/p>\n","protected":false},"author":1810,"featured_media":38660,"comment_status":"closed","ping_status":"closed","sticky":false,"template":"","format":"standard","meta":{"footnotes":""},"categories":[1],"tags":[3],"class_list":["post-38658","post","type-post","status-publish","format-standard","has-post-thumbnail","hentry","category-general","tag-secundarias"],"_links":{"self":[{"href":"https:\/\/www.uv.mx\/prensa\/wp-json\/wp\/v2\/posts\/38658","targetHints":{"allow":["GET"]}}],"collection":[{"href":"https:\/\/www.uv.mx\/prensa\/wp-json\/wp\/v2\/posts"}],"about":[{"href":"https:\/\/www.uv.mx\/prensa\/wp-json\/wp\/v2\/types\/post"}],"author":[{"embeddable":true,"href":"https:\/\/www.uv.mx\/prensa\/wp-json\/wp\/v2\/users\/1810"}],"replies":[{"embeddable":true,"href":"https:\/\/www.uv.mx\/prensa\/wp-json\/wp\/v2\/comments?post=38658"}],"version-history":[{"count":0,"href":"https:\/\/www.uv.mx\/prensa\/wp-json\/wp\/v2\/posts\/38658\/revisions"}],"wp:featuredmedia":[{"embeddable":true,"href":"https:\/\/www.uv.mx\/prensa\/wp-json\/wp\/v2\/media\/38660"}],"wp:attachment":[{"href":"https:\/\/www.uv.mx\/prensa\/wp-json\/wp\/v2\/media?parent=38658"}],"wp:term":[{"taxonomy":"category","embeddable":true,"href":"https:\/\/www.uv.mx\/prensa\/wp-json\/wp\/v2\/categories?post=38658"},{"taxonomy":"post_tag","embeddable":true,"href":"https:\/\/www.uv.mx\/prensa\/wp-json\/wp\/v2\/tags?post=38658"}],"curies":[{"name":"wp","href":"https:\/\/api.w.org\/{rel}","templated":true}]}}