{"id":38586,"date":"2017-12-07T13:22:42","date_gmt":"2017-12-07T19:22:42","guid":{"rendered":"https:\/\/www.uv.mx\/prensa\/?p=38586"},"modified":"2017-12-07T13:25:57","modified_gmt":"2017-12-07T19:25:57","slug":"cecda-y-observatorio-cultural-ciudadano-analizaron-ley-general-de-cultura","status":"publish","type":"post","link":"https:\/\/www.uv.mx\/prensa\/cultura\/cecda-y-observatorio-cultural-ciudadano-analizaron-ley-general-de-cultura\/","title":{"rendered":"CECDA y Observatorio Cultural Ciudadano analizaron Ley General de Cultura"},"content":{"rendered":"<ul>\n<li><i><em>Integrantes del observatorio y la coordinadora del centro universitario sostuvieron un conversatorio con el objetivo de desarrollar pol\u00edticas p\u00fablicas en materia cultural<\/em><\/i><\/li>\n<\/ul>\n<p>&nbsp;<\/p>\n<div id=\"attachment_38603\" style=\"width: 732px\" class=\"wp-caption aligncenter\"><a href=\"https:\/\/www.uv.mx\/prensa\/files\/2017\/12\/071217-Conversatorio-cultura-1-ok.jpg\"><img loading=\"lazy\" decoding=\"async\" aria-describedby=\"caption-attachment-38603\" class=\"size-full wp-image-38603\" src=\"https:\/\/www.uv.mx\/prensa\/files\/2017\/12\/071217-Conversatorio-cultura-1-ok.jpg\" alt=\"\" width=\"722\" height=\"1082\" srcset=\"https:\/\/www.uv.mx\/prensa\/files\/2017\/12\/071217-Conversatorio-cultura-1-ok.jpg 722w, https:\/\/www.uv.mx\/prensa\/files\/2017\/12\/071217-Conversatorio-cultura-1-ok-200x300.jpg 200w, https:\/\/www.uv.mx\/prensa\/files\/2017\/12\/071217-Conversatorio-cultura-1-ok-683x1024.jpg 683w\" sizes=\"auto, (max-width: 722px) 100vw, 722px\" \/><\/a><p id=\"caption-attachment-38603\" class=\"wp-caption-text\">Lourdes Hern\u00e1ndez, integrante del Observatorio Cultural Ciudadano Veracruz<\/p><\/div>\n<p>&nbsp;<\/p>\n<p><strong><em>Paola Cort\u00e9s P\u00e9rez<\/em><\/strong><\/p>\n<p>&nbsp;<\/p>\n<p><strong><em>07\/12\/2017, Xalapa, Ver.-<\/em><\/strong> El Centro de Estudios, Creaci\u00f3n y Documentaci\u00f3n de las Artes (CECDA) de la Universidad Veracruzana (UV) y el Observatorio Cultural Ciudadano Veracruz realizaron el conversatorio \u201cCoordenadas para navegar por la Ley General de Cultura y Derechos Culturales\u201d, con el objetivo de reflexionar y difundir dicha legislaci\u00f3n.<\/p>\n<p>Lourdes Hern\u00e1ndez Qui\u00f1ones, del Observatorio Cultural Ciudadano Veracruz, coment\u00f3 que como ciudadanos es importante conocer dicha ley, as\u00ed como sus alcances y limitaciones para desarrollar acciones colectivas de reflexi\u00f3n, an\u00e1lisis y propuestas en torno al sector cultural del estado.<\/p>\n<p>Al respecto, Ahtiziri Molina Rold\u00e1n, coordinadora del CECDA, consider\u00f3 que es importante que la entidad acad\u00e9mica colabore con organizaciones ciudadanas como el observatorio, en la elaboraci\u00f3n e impulso de pol\u00edticas p\u00fablicas en materia cultural, las cuales tendr\u00e1n un impacto positivo en la sociedad.<\/p>\n<p>&nbsp;<\/p>\n<div id=\"attachment_38605\" style=\"width: 732px\" class=\"wp-caption aligncenter\"><a href=\"https:\/\/www.uv.mx\/prensa\/files\/2017\/12\/071217-Conversatorio-cultura-2-ok.jpg\"><img loading=\"lazy\" decoding=\"async\" aria-describedby=\"caption-attachment-38605\" class=\"size-full wp-image-38605\" src=\"https:\/\/www.uv.mx\/prensa\/files\/2017\/12\/071217-Conversatorio-cultura-2-ok.jpg\" alt=\"\" width=\"722\" height=\"1082\" \/><\/a><p id=\"caption-attachment-38605\" class=\"wp-caption-text\">Ahtiziri Molina, coordinadora del CECDA<\/p><\/div>\n<p>&nbsp;<\/p>\n<p>Cabe mencionar que este conversatorio fue en seguimiento a las reuniones desarrolladas en agosto para la difusi\u00f3n de la Ley General de Cultura y Derechos Culturales, convocadas por el Observatorio Cultural Ciudadano Veracruz y la Red de Gestores Culturales de Veracruz.<\/p>\n<p>Lourdes Hern\u00e1ndez dijo que el observatorio propone como herramientas el di\u00e1logo, la discusi\u00f3n e intercambio de ideas como premisa para emprender distintas acciones con el prop\u00f3sito de incidir en el \u00e1mbito p\u00fablico y en las pol\u00edticas p\u00fablicas en materia cultural.<\/p>\n<p>Cabe mencionar que este organismo, integrado en junio del presente a\u00f1o, tiene por finalidad constituir un espacio aut\u00f3nomo de an\u00e1lisis, reflexi\u00f3n y discusi\u00f3n en torno a las pol\u00edticas culturales de Veracruz, para incidir especialmente en los gobiernos estatales y municipales.<\/p>\n<p>&nbsp;<\/p>\n<p>&nbsp;<\/p>\n<p>&nbsp;<\/p>\n<p>&nbsp;<\/p>\n<p>&nbsp;<\/p>\n<p>&nbsp;<\/p>\n","protected":false},"excerpt":{"rendered":"<p><strong><em> Paola Cort\u00e9s P\u00e9rez.-<\/em><\/strong> El Centro de Estudios, Creaci\u00f3n y Documentaci\u00f3n de las Artes (CECDA) de la Universidad Veracruzana (UV) y el Observatorio Cultural Ciudadano Veracruz realizaron el conversatorio \u201cCoordenadas para navegar por la Ley General de Cultura y Derechos Culturales\u201d, con el objetivo de reflexionar y difundir dicha legislaci\u00f3n.<\/p>\n","protected":false},"author":1809,"featured_media":38609,"comment_status":"closed","ping_status":"closed","sticky":false,"template":"","format":"standard","meta":{"footnotes":""},"categories":[11],"tags":[],"class_list":["post-38586","post","type-post","status-publish","format-standard","has-post-thumbnail","hentry","category-cultura"],"_links":{"self":[{"href":"https:\/\/www.uv.mx\/prensa\/wp-json\/wp\/v2\/posts\/38586","targetHints":{"allow":["GET"]}}],"collection":[{"href":"https:\/\/www.uv.mx\/prensa\/wp-json\/wp\/v2\/posts"}],"about":[{"href":"https:\/\/www.uv.mx\/prensa\/wp-json\/wp\/v2\/types\/post"}],"author":[{"embeddable":true,"href":"https:\/\/www.uv.mx\/prensa\/wp-json\/wp\/v2\/users\/1809"}],"replies":[{"embeddable":true,"href":"https:\/\/www.uv.mx\/prensa\/wp-json\/wp\/v2\/comments?post=38586"}],"version-history":[{"count":0,"href":"https:\/\/www.uv.mx\/prensa\/wp-json\/wp\/v2\/posts\/38586\/revisions"}],"wp:featuredmedia":[{"embeddable":true,"href":"https:\/\/www.uv.mx\/prensa\/wp-json\/wp\/v2\/media\/38609"}],"wp:attachment":[{"href":"https:\/\/www.uv.mx\/prensa\/wp-json\/wp\/v2\/media?parent=38586"}],"wp:term":[{"taxonomy":"category","embeddable":true,"href":"https:\/\/www.uv.mx\/prensa\/wp-json\/wp\/v2\/categories?post=38586"},{"taxonomy":"post_tag","embeddable":true,"href":"https:\/\/www.uv.mx\/prensa\/wp-json\/wp\/v2\/tags?post=38586"}],"curies":[{"name":"wp","href":"https:\/\/api.w.org\/{rel}","templated":true}]}}