{"id":38176,"date":"2017-12-01T15:11:35","date_gmt":"2017-12-01T21:11:35","guid":{"rendered":"https:\/\/www.uv.mx\/prensa\/?p=38176"},"modified":"2017-12-01T15:11:35","modified_gmt":"2017-12-01T21:11:35","slug":"mexico-no-tiene-una-conciencia-social-solida-mauricio-merino","status":"publish","type":"post","link":"https:\/\/www.uv.mx\/prensa\/general\/mexico-no-tiene-una-conciencia-social-solida-mauricio-merino\/","title":{"rendered":"M\u00e9xico no tiene una conciencia social s\u00f3lida: Mauricio Merino"},"content":{"rendered":"<ul>\n<li><em>Por ello, la organizaci\u00f3n civil Nosotrxs busca emprender una revoluci\u00f3n de conciencias para generar cambios que beneficien a todos los ciudadanos<\/em><\/li>\n<li><em>Los principales desaf\u00edos que tiene el pa\u00eds son: la \u00abelitizaci\u00f3n\u00bb de la vida pol\u00edtica y la inequitativa distribuci\u00f3n de la riqueza en M\u00e9xico<\/em><\/li>\n<\/ul>\n<p>&nbsp;<\/p>\n<div id=\"attachment_38183\" style=\"width: 732px\" class=\"wp-caption aligncenter\"><a href=\"https:\/\/www.uv.mx\/prensa\/files\/2017\/12\/Entrevista-Mauricio-Merino-011217-ok.jpg\"><img aria-describedby=\"caption-attachment-38183\" decoding=\"async\" loading=\"lazy\" class=\"size-full wp-image-38183\" src=\"https:\/\/www.uv.mx\/prensa\/files\/2017\/12\/Entrevista-Mauricio-Merino-011217-ok.jpg\" alt=\"\" width=\"722\" height=\"482\" srcset=\"https:\/\/www.uv.mx\/prensa\/files\/2017\/12\/Entrevista-Mauricio-Merino-011217-ok.jpg 722w, https:\/\/www.uv.mx\/prensa\/files\/2017\/12\/Entrevista-Mauricio-Merino-011217-ok-300x200.jpg 300w\" sizes=\"(max-width: 722px) 100vw, 722px\" \/><\/a><p id=\"caption-attachment-38183\" class=\"wp-caption-text\">Mauricio Merino Huerta, investigador del CIDE<\/p><\/div>\n<p>&nbsp;<\/p>\n<p><strong><em>Paola Cort\u00e9s P\u00e9rez<\/em><\/strong><\/p>\n<p>&nbsp;<\/p>\n<p><strong><em>01\/12\/2017, Xalapa, Ver.-<\/em><\/strong> M\u00e9xico es uno de los pa\u00edses de Am\u00e9rica Latina que tiene lo peores niveles de participaci\u00f3n ciudadana y, por lo mismo, no tiene una base social organizada y una conciencia social s\u00f3lida, no s\u00f3lo por la captura de los aparatos pol\u00edticos, sino por la presencia de una obstinada ret\u00f3rica de la intransigencia para encontrar razones poderosas y no hacer lo que se debe, advirti\u00f3 Mauricio Merino Huerta, investigador adscrito al Centro de Investigaciones y Docencia Econ\u00f3micas (CIDE) y miembro de la Junta de Gobierno de la Universidad Veracruzana (UV).<\/p>\n<p>En entrevista, coment\u00f3 que por ello buscan hacer una revoluci\u00f3n de conciencia, es decir, generar en los ciudadanos la capacidad de entender el entorno en el que viven y la manera en qu\u00e9 pueden interactuar, para cambiarlo en pro de un beneficio colectivo.<\/p>\n<p>\u201cLa conciencia significa estar advertidos del lugar en el que vivimos. Si estamos cegados y bloqueados por nuestros intereses personales y somos incapaces de entender lo que nos rodea, entonces seguiremos siendo v\u00edctimas de nuestra propia ceguera.<\/p>\n<p>\u201dSabemos que es la revoluci\u00f3n m\u00e1s dif\u00edcil y es muy ambiciosa, pero no podemos pedir menos, tenemos que ser capaces de derrotar esa ret\u00f3rica de la intransigencia, si queremos cambiar el entorno en el que las iniciativas sociales habr\u00e1n de producirse.\u201d<\/p>\n<p>A trav\u00e9s de la organizaci\u00f3n civil Nosotrxs, coment\u00f3, se convoca a toda la ciudadan\u00eda a derrotar los espacios de privilegio de la clase pol\u00edtica con la conciencia, una conciencia organizada.<\/p>\n<p>\u201cHablamos de que tenemos que despertar para hacer valer las leyes y nuestros derechos, y hagamos nuestras las instituciones, con la finalidad de modificar las condiciones de sometimiento que vivimos.\u201d<\/p>\n<p>A partir de este despertar de conciencia, dijo que se puede construir la democracia de manera colectiva, que recupere las leyes y las instituciones que han sido capturadas por intermediarios pol\u00edticos, quienes compiten entre s\u00ed para mantener sus espacios de privilegios.<\/p>\n<p>\u201cNosotrxs entiende que el Estado es una organizaci\u00f3n pol\u00edtica de la sociedad consciente de sus derechos, activa por defenderlos y con el \u00e1nimo de colaborar, de ayudarse, de imaginar un futuro colectivo igualitario, justo y pac\u00edfico. Es lo que queremos construir, pero no podemos hacerlo con intermediarios pol\u00edticos corruptos, negligentes y que se adue\u00f1an del espacio p\u00fablico.\u201d<\/p>\n<p>Al preguntar a qu\u00e9 se refiere la organizaci\u00f3n cuando en su manifiesto dice: \u201cNo buscaremos el poder porque ya es nuestro\u201d, Mauricio Merino explic\u00f3 que se refieren al empoderamiento de los ciudadanos, al poder que nos dan los derechos para exigirlos a trav\u00e9s de las leyes que garantizan esa posibilidad\u201d.<\/p>\n<p>Coment\u00f3 que no cree en los puritanismos de organizaciones civiles y\/o partidos pol\u00edticos porque son inexistentes, sino en la capacidad de construir causas pol\u00edticas con absoluta transparencia y con trabajo colectivo.<\/p>\n<p>Son dos los desaf\u00edos que le preocupan: uno, la \u00abelitizaci\u00f3n\u00bb de la vida pol\u00edtica y del pa\u00eds en general; y dos, la inequitativa distribuci\u00f3n de la riqueza en M\u00e9xico, a esto se agregan las p\u00e9simas condiciones de vida de las personas.<\/p>\n<p>\u201cLa gente pobre del pa\u00eds no s\u00f3lo seguir\u00e1 siendo pobre, sino que vivir\u00e1 mal la mayor parte de su vida, porque el elevador de la movilidad social est\u00e1 atascado. Los \u00fanicos beneficiados con esta situaci\u00f3n son los aparatos pol\u00edticos.\u201d<\/p>\n<p>Con relaci\u00f3n a la elecci\u00f3n presidencial, Merino Huerta advirti\u00f3 que quien gane la presidencia de la Rep\u00fablica, si no es acompa\u00f1ado por una sociedad organizada y el cumplimiento de las leyes en t\u00e9rminos concretos y pr\u00e1cticos, el panorama dif\u00edcilmente cambiar\u00e1 para el pa\u00eds.<\/p>\n<p>Opin\u00f3 que si gana Andr\u00e9s Manuel L\u00f3pez Obrador ser\u00e1 un presidente muy acotado, no tendr\u00e1 el control de los gobiernos estatales, adem\u00e1s enfrentar\u00e1 a los aparatos pol\u00edticos del Partido Revolucionario Institucional (PRI) \u2013que no cambiar\u00e1n con la sola elecci\u00f3n presidencial\u2013, a los aparatos pol\u00edticos locales, as\u00ed como a las c\u00fapulas empresariales, que no son una cosa menor.<\/p>\n<p>\u201cTendr\u00e1 que enfrentar a los poderes f\u00e1cticos, \u00e9l solo no podr\u00e1 producir un cambio como el que requiere la democracia del pa\u00eds. Si gana Meade, ser\u00e1 la continuaci\u00f3n de la misma din\u00e1mica pol\u00edtica que hemos vivido por a\u00f1os.\u201d<\/p>\n","protected":false},"excerpt":{"rendered":"<p><strong><em>Paola Cort\u00e9s.-<\/em><\/strong>M\u00e9xico es uno de los pa\u00edses de Am\u00e9rica Latina que tiene lo peores niveles de participaci\u00f3n ciudadana y, por lo mismo, no tiene una base social organizada y una conciencia social s\u00f3lida, no s\u00f3lo por la captura de los aparatos pol\u00edticos, sino por la presencia de una obstinada ret\u00f3rica de la intransigencia para encontrar razones poderosas y no hacer lo que se debe, advirti\u00f3 Mauricio Merino Huerta, investigador adscrito al Centro de Investigaciones y Docencia Econ\u00f3micas (CIDE) y miembro de la Junta de Gobierno de la Universidad Veracruzana (UV).<\/p>\n","protected":false},"author":1810,"featured_media":38182,"comment_status":"closed","ping_status":"closed","sticky":false,"template":"","format":"standard","meta":[],"categories":[1],"tags":[3],"_links":{"self":[{"href":"https:\/\/www.uv.mx\/prensa\/wp-json\/wp\/v2\/posts\/38176"}],"collection":[{"href":"https:\/\/www.uv.mx\/prensa\/wp-json\/wp\/v2\/posts"}],"about":[{"href":"https:\/\/www.uv.mx\/prensa\/wp-json\/wp\/v2\/types\/post"}],"author":[{"embeddable":true,"href":"https:\/\/www.uv.mx\/prensa\/wp-json\/wp\/v2\/users\/1810"}],"replies":[{"embeddable":true,"href":"https:\/\/www.uv.mx\/prensa\/wp-json\/wp\/v2\/comments?post=38176"}],"version-history":[{"count":0,"href":"https:\/\/www.uv.mx\/prensa\/wp-json\/wp\/v2\/posts\/38176\/revisions"}],"wp:featuredmedia":[{"embeddable":true,"href":"https:\/\/www.uv.mx\/prensa\/wp-json\/wp\/v2\/media\/38182"}],"wp:attachment":[{"href":"https:\/\/www.uv.mx\/prensa\/wp-json\/wp\/v2\/media?parent=38176"}],"wp:term":[{"taxonomy":"category","embeddable":true,"href":"https:\/\/www.uv.mx\/prensa\/wp-json\/wp\/v2\/categories?post=38176"},{"taxonomy":"post_tag","embeddable":true,"href":"https:\/\/www.uv.mx\/prensa\/wp-json\/wp\/v2\/tags?post=38176"}],"curies":[{"name":"wp","href":"https:\/\/api.w.org\/{rel}","templated":true}]}}