{"id":37648,"date":"2017-11-28T13:04:31","date_gmt":"2017-11-28T19:04:31","guid":{"rendered":"https:\/\/www.uv.mx\/prensa\/?p=37648"},"modified":"2018-03-08T13:34:09","modified_gmt":"2018-03-08T19:34:09","slug":"colombiana-concluyo-estancia-doctoral-en-escuela-de-enfermeria","status":"publish","type":"post","link":"https:\/\/www.uv.mx\/prensa\/regiones\/colombiana-concluyo-estancia-doctoral-en-escuela-de-enfermeria\/","title":{"rendered":"Colombiana concluy\u00f3 estancia doctoral en Escuela de Enfermer\u00eda"},"content":{"rendered":"<p><strong><em>Cecilia Escribano<\/em><\/strong><\/p>\n<p><strong><em>28\/11\/2017, Coatzacoalcos, Ver.-<\/em><\/strong> Mildred Guarnizo Tole, originaria de Colombia y estudiante del Doctorado de Ciencias de la Salud y del Deporte de la Universidad de Zaragoza, Espa\u00f1a, realiz\u00f3 una estancia doctoral por tres meses en la Escuela de Enfermer\u00eda de la Universidad Veracruzana (UV) de Coatzacoalcos.<\/p>\n<p>Guarnizo Tole trabaj\u00f3 en la investigaci\u00f3n para la tesis doctoral denominada \u201cPrevenci\u00f3n de la mortalidad materna desde el ejercicio profesional de enfermer\u00eda: pr\u00e1cticas y experiencias en tres instituciones de salud en la ciudad de Bogot\u00e1, 2015\u201d, con la asesor\u00eda de Karina D\u00edaz Morales, docente de la Escuela de Enfermer\u00eda.<\/p>\n<p>La colombiana se\u00f1al\u00f3 que cumpli\u00f3 con los objetivos propuestos: obtener una asesor\u00eda metodol\u00f3gica, encontrar otras perspectivas y conocer acad\u00e9micamente otros escenarios de la enfermer\u00eda.<\/p>\n<p>Para despedirse de su estancia, la estudiante imparti\u00f3 la conferencia \u201cNecesidades de cuidado de enfermer\u00eda para la prevenci\u00f3n de mortalidad materna evitable\u201d, dirigida a los alumnos de la Escuela de Enfermer\u00eda.<\/p>\n<p>Coment\u00f3 que al principio se sinti\u00f3 con desconocimiento del campo en el que har\u00eda su investigaci\u00f3n, \u201cpero uno se anima a preguntar, indagar y solicitar apoyo de los profesores; agradezco el cobijo, solidaridad y hospitalidad de la Universidad Veracruzana, en estos momentos estamos planeando la publicaci\u00f3n de productos obtenidos durante estos tres meses\u201d.<\/p>\n<p>Agreg\u00f3 que M\u00e9xico es un pa\u00eds que trata\u00a0 bien al extranjero, \u201cme pude desenvolver bien en mi objetivo y fue una estancia productiva\u201d.<\/p>\n<p>En su conferencia, expuso que la salud materna es un campo en el cual se puede dar continuaci\u00f3n a espacios de formaci\u00f3n en torno al curr\u00edculo, son espacios susceptibles de fortalecer, la ventaja de la Escuela de Enfermer\u00eda es que cuenta con el recurso humano (los profesores) que es muy comprometido y colaborativo.<\/p>\n<p>Explic\u00f3 que la salud materna representa un reto, ya que la cultura influye en la muerte materna; \u201crepresenta un reto, una barrera, por lo cual hay que ense\u00f1ar a los profesionales de ciencias de la salud sobre los usos y costumbres de las comunidades\u201d.<\/p>\n<p>Guarnizo Tole recalc\u00f3 que se debe fortalecer la educaci\u00f3n continua de los enfermeros y la investigaci\u00f3n en el \u00e1rea para, a su vez, fortalecer la enfermer\u00eda basada en la evidencia.<\/p>\n<p>Por su parte, Gabriela Pucheta Xolo, directora de la Escuela de Enfermer\u00eda, se\u00f1al\u00f3 que esa entidad acad\u00e9mica tiene tambi\u00e9n la visi\u00f3n de incursionar en movilidades y recibir la visita de estudiantes nacionales y extranjeros, ser abiertos a los pensamientos de los profesionales de otros pa\u00edses, participar en las evaluaciones de los Comit\u00e9s Interinstitucionales para la Evaluaci\u00f3n de la Educaci\u00f3n Superior (CIEES) y el cambio de nivel educativo a la licenciatura y tener m\u00e1s competitividad en la regi\u00f3n.<\/p>\n<p>Para finalizar, Mildred Guarnizo dijo que se lleva la panor\u00e1mica que la Escuela de Enfermer\u00eda tiene una planta acad\u00e9mica bien formada, talento humano y comprometido, \u201cen este momento los pa\u00edses tiene deficiencias de enfermeros profesionales, necesitamos m\u00e1s capital humano para el cuidado de la salud y celebro la existencia de la Escuela de Enfermer\u00eda de la UV\u201d.<\/p>\n","protected":false},"excerpt":{"rendered":"<p><strong><em>Cecilia Escribano.-<\/em><\/strong>Mildred Guarnizo Tole, originaria de Colombia y estudiante del Doctorado de Ciencias de la Salud y del Deporte de la Universidad de Zaragoza, Espa\u00f1a, realiz\u00f3 una estancia doctoral por tres meses en la Escuela de Enfermer\u00eda de la Universidad Veracruzana (UV) de Coatzacoalcos.<\/p>\n","protected":false},"author":1810,"featured_media":0,"comment_status":"closed","ping_status":"closed","sticky":false,"template":"","format":"standard","meta":{"footnotes":""},"categories":[32],"tags":[33],"class_list":["post-37648","post","type-post","status-publish","format-standard","hentry","category-regiones","tag-regiones"],"_links":{"self":[{"href":"https:\/\/www.uv.mx\/prensa\/wp-json\/wp\/v2\/posts\/37648","targetHints":{"allow":["GET"]}}],"collection":[{"href":"https:\/\/www.uv.mx\/prensa\/wp-json\/wp\/v2\/posts"}],"about":[{"href":"https:\/\/www.uv.mx\/prensa\/wp-json\/wp\/v2\/types\/post"}],"author":[{"embeddable":true,"href":"https:\/\/www.uv.mx\/prensa\/wp-json\/wp\/v2\/users\/1810"}],"replies":[{"embeddable":true,"href":"https:\/\/www.uv.mx\/prensa\/wp-json\/wp\/v2\/comments?post=37648"}],"version-history":[{"count":0,"href":"https:\/\/www.uv.mx\/prensa\/wp-json\/wp\/v2\/posts\/37648\/revisions"}],"wp:attachment":[{"href":"https:\/\/www.uv.mx\/prensa\/wp-json\/wp\/v2\/media?parent=37648"}],"wp:term":[{"taxonomy":"category","embeddable":true,"href":"https:\/\/www.uv.mx\/prensa\/wp-json\/wp\/v2\/categories?post=37648"},{"taxonomy":"post_tag","embeddable":true,"href":"https:\/\/www.uv.mx\/prensa\/wp-json\/wp\/v2\/tags?post=37648"}],"curies":[{"name":"wp","href":"https:\/\/api.w.org\/{rel}","templated":true}]}}