{"id":37430,"date":"2017-11-27T09:54:51","date_gmt":"2017-11-27T15:54:51","guid":{"rendered":"https:\/\/www.uv.mx\/prensa\/?p=37430"},"modified":"2017-11-27T09:54:51","modified_gmt":"2017-11-27T15:54:51","slug":"fundamental-que-maestros-de-arte-expongan-sus-obras","status":"publish","type":"post","link":"https:\/\/www.uv.mx\/prensa\/cultura\/fundamental-que-maestros-de-arte-expongan-sus-obras\/","title":{"rendered":"Fundamental que maestros de arte expongan sus obras"},"content":{"rendered":"<ul>\n<li><em>Uros Uscebrka, acad\u00e9mico, de la Facultad de Artes Pl\u00e1sticas de la UV, mencion\u00f3 que mediante su producci\u00f3n art\u00edstica los docentes brindan ejemplos y gu\u00edan a alumnos que ser\u00e1n sus futuros colegas<\/em><\/li>\n<\/ul>\n<p>&nbsp;<\/p>\n<div id=\"attachment_37436\" style=\"width: 732px\" class=\"wp-caption aligncenter\"><a href=\"https:\/\/www.uv.mx\/prensa\/files\/2017\/11\/Uros-Uscebrka-1-2711117ok.jpg\"><img loading=\"lazy\" decoding=\"async\" aria-describedby=\"caption-attachment-37436\" class=\"size-full wp-image-37436\" src=\"https:\/\/www.uv.mx\/prensa\/files\/2017\/11\/Uros-Uscebrka-1-2711117ok.jpg\" alt=\"\" width=\"722\" height=\"481\" srcset=\"https:\/\/www.uv.mx\/prensa\/files\/2017\/11\/Uros-Uscebrka-1-2711117ok.jpg 722w, https:\/\/www.uv.mx\/prensa\/files\/2017\/11\/Uros-Uscebrka-1-2711117ok-300x200.jpg 300w\" sizes=\"auto, (max-width: 722px) 100vw, 722px\" \/><\/a><p id=\"caption-attachment-37436\" class=\"wp-caption-text\">Uros Uscebrka<\/p><\/div>\n<p>&nbsp;<\/p>\n<p><strong><em>Carlos Hugo Hermida Rosales<\/em><\/strong><\/p>\n<p>&nbsp;<\/p>\n<p><strong><em>27\/11\/2017, Xalapa, Ver.-<\/em><\/strong> Uros Uscebrka Janic, acad\u00e9mico de la Facultad de Artes Pl\u00e1sticas de la Universidad Veracruzana (UV), afirm\u00f3 que es fundamental que los docentes del \u00c1rea Acad\u00e9mica de Artes produzcan obras y las expongan, pues de esta forma brindan ejemplos que sirven de gu\u00eda a alumnos que ser\u00e1n sus futuros colegas.<\/p>\n<p>El catedr\u00e1tico coment\u00f3 que por medio de la producci\u00f3n art\u00edstica los maestros desarrollan hip\u00f3tesis y teor\u00edas, a la vez que realizan investigaci\u00f3n, lo cual les ayuda a su crecimiento profesional.<\/p>\n<p>Uros Uscebrka actualmente expone <em>Manipulaciones II <\/em>en la Galer\u00eda \u201cFernando Vilchis\u201d del Instituto de Artes Pl\u00e1sticas de la UV, la instalaci\u00f3n se encuentra compuesta por esculturas hechas a partir de bloques de piedra y estar\u00e1 en exhibici\u00f3n hasta el 15 de diciembre.<\/p>\n<p>El artista explic\u00f3 que esta muestra no se apega a la escultura y al material natural de la misma, que es la piedra, sino que es una cr\u00edtica a la sociedad actual.<\/p>\n<p>&nbsp;<\/p>\n<div id=\"attachment_37437\" style=\"width: 732px\" class=\"wp-caption aligncenter\"><a href=\"https:\/\/www.uv.mx\/prensa\/files\/2017\/11\/Uros-Uscebrka-2-27-11-17-ok.jpg\"><img loading=\"lazy\" decoding=\"async\" aria-describedby=\"caption-attachment-37437\" class=\"size-full wp-image-37437\" src=\"https:\/\/www.uv.mx\/prensa\/files\/2017\/11\/Uros-Uscebrka-2-27-11-17-ok.jpg\" alt=\"\" width=\"722\" height=\"481\" \/><\/a><p id=\"caption-attachment-37437\" class=\"wp-caption-text\">Manipulaciones II estar\u00e1 en exhibici\u00f3n hasta el 15 de diciembre<\/p><\/div>\n<p>&nbsp;<\/p>\n<p>\u201cEsta instalaci\u00f3n consta de bloques de piedra de forma geom\u00e9trica, en los cuales registro los da\u00f1os que la piedra trae de origen y abro el debate sobre si \u00e9stos son naturales o provocados por el hombre\u201d, relat\u00f3.<\/p>\n<p>La exposici\u00f3n aborda la manera de delimitar aquello que es natural y aut\u00e9ntico, y lo que es artificial e intervenido por el hombre, y la pol\u00e9mica sobre qu\u00e9 es m\u00e1s valioso, si lo natural o lo que ya tuvo una intervenci\u00f3n de la mano humana.<\/p>\n<p>El docente mencion\u00f3 que con su obra desea provocar emociones, sin importar que sean positivas, negativas o ambiguas; a\u00f1adi\u00f3 que dentro de su quehacer escult\u00f3rico le agrada cumplir con calidad en su trabajo y que el p\u00fablico reconozca esto.<\/p>\n<p>\u201cEs indispensable que a trav\u00e9s de la oferta visual que presenta un artista el p\u00fablico observe, procese informaci\u00f3n y aprenda, y que ese aprendizaje le motive a tomar acciones\u201d, concluy\u00f3.<\/p>\n","protected":false},"excerpt":{"rendered":"<p><strong><em>Carlos Hugo Hermida.-<\/em><\/strong>Uros Uscebrka Janic, acad\u00e9mico de la Facultad de Artes Pl\u00e1sticas de la Universidad Veracruzana (UV), afirm\u00f3 que es fundamental que los docentes del \u00c1rea Acad\u00e9mica de Artes produzcan obras y las expongan, pues de esta forma brindan ejemplos que sirven de gu\u00eda a alumnos que ser\u00e1n sus futuros colegas.<\/p>\n","protected":false},"author":1810,"featured_media":37438,"comment_status":"closed","ping_status":"closed","sticky":false,"template":"","format":"standard","meta":{"footnotes":""},"categories":[11],"tags":[],"class_list":["post-37430","post","type-post","status-publish","format-standard","has-post-thumbnail","hentry","category-cultura"],"_links":{"self":[{"href":"https:\/\/www.uv.mx\/prensa\/wp-json\/wp\/v2\/posts\/37430","targetHints":{"allow":["GET"]}}],"collection":[{"href":"https:\/\/www.uv.mx\/prensa\/wp-json\/wp\/v2\/posts"}],"about":[{"href":"https:\/\/www.uv.mx\/prensa\/wp-json\/wp\/v2\/types\/post"}],"author":[{"embeddable":true,"href":"https:\/\/www.uv.mx\/prensa\/wp-json\/wp\/v2\/users\/1810"}],"replies":[{"embeddable":true,"href":"https:\/\/www.uv.mx\/prensa\/wp-json\/wp\/v2\/comments?post=37430"}],"version-history":[{"count":0,"href":"https:\/\/www.uv.mx\/prensa\/wp-json\/wp\/v2\/posts\/37430\/revisions"}],"wp:featuredmedia":[{"embeddable":true,"href":"https:\/\/www.uv.mx\/prensa\/wp-json\/wp\/v2\/media\/37438"}],"wp:attachment":[{"href":"https:\/\/www.uv.mx\/prensa\/wp-json\/wp\/v2\/media?parent=37430"}],"wp:term":[{"taxonomy":"category","embeddable":true,"href":"https:\/\/www.uv.mx\/prensa\/wp-json\/wp\/v2\/categories?post=37430"},{"taxonomy":"post_tag","embeddable":true,"href":"https:\/\/www.uv.mx\/prensa\/wp-json\/wp\/v2\/tags?post=37430"}],"curies":[{"name":"wp","href":"https:\/\/api.w.org\/{rel}","templated":true}]}}