{"id":37185,"date":"2017-11-24T09:54:27","date_gmt":"2017-11-24T15:54:27","guid":{"rendered":"https:\/\/www.uv.mx\/prensa\/?p=37185"},"modified":"2017-11-24T09:54:27","modified_gmt":"2017-11-24T15:54:27","slug":"emma-virginia-herrera-huerta-nueva-secretaria-academica-regional","status":"publish","type":"post","link":"https:\/\/www.uv.mx\/prensa\/regiones\/emma-virginia-herrera-huerta-nueva-secretaria-academica-regional\/","title":{"rendered":"Emma Virginia Herrera Huerta, nueva secretaria Acad\u00e9mica regional"},"content":{"rendered":"<ul>\n<li><em>En Orizaba-C\u00f3rdoba<\/em><\/li>\n<\/ul>\n<p>&nbsp;<\/p>\n<div id=\"attachment_37196\" style=\"width: 732px\" class=\"wp-caption aligncenter\"><a href=\"https:\/\/www.uv.mx\/prensa\/files\/2017\/11\/Nueva-secretaria-academica-1-241117-ok-ok.jpg\"><img loading=\"lazy\" decoding=\"async\" aria-describedby=\"caption-attachment-37196\" class=\"size-full wp-image-37196\" src=\"https:\/\/www.uv.mx\/prensa\/files\/2017\/11\/Nueva-secretaria-academica-1-241117-ok-ok.jpg\" alt=\"\" width=\"722\" height=\"481\" srcset=\"https:\/\/www.uv.mx\/prensa\/files\/2017\/11\/Nueva-secretaria-academica-1-241117-ok-ok.jpg 722w, https:\/\/www.uv.mx\/prensa\/files\/2017\/11\/Nueva-secretaria-academica-1-241117-ok-ok-300x200.jpg 300w\" sizes=\"auto, (max-width: 722px) 100vw, 722px\" \/><\/a><p id=\"caption-attachment-37196\" class=\"wp-caption-text\">Mar\u00eda Magdalena Hern\u00e1ndez Alarc\u00f3n durante la lectura del nombramiento<\/p><\/div>\n<p>&nbsp;<\/p>\n<p><strong><em>Eduardo Ca\u00f1edo Lom\u00e1n<\/em><\/strong><\/p>\n<p>&nbsp;<\/p>\n<p><strong><em>24\/11\/2017, Ixtaczoquitl\u00e1n, Ver.-<\/em><\/strong> Emma Virginia Herrera Huerta fue designada como nueva secretaria Acad\u00e9mica de la regi\u00f3n Orizaba-C\u00f3rdoba de la Universidad Veracruzana (UV), el mi\u00e9rcoles 22 de noviembre en un evento al que fueron convocados acad\u00e9micos, estudiantes, personal administrativo y directivos de las diferentes entidades acad\u00e9micas de esta regi\u00f3n.<\/p>\n<p>En representaci\u00f3n de la rectora Sara Ladr\u00f3n de Guevara, acudi\u00f3 la secretaria Acad\u00e9mica de la UV, Magdalena Hern\u00e1ndez Alarc\u00f3n, quien entreg\u00f3 el nombramiento.<\/p>\n<p>En tanto, el vicerrector Jos\u00e9 Eduardo Mart\u00ednez Canales destac\u00f3 la trayectoria acad\u00e9mica de Emma Virginia, quien estudi\u00f3 la Licenciatura en Qu\u00edmica Farmac\u00e9utica Biol\u00f3gica y ostenta un Doctorado en Farmacia con menci\u00f3n honor\u00edfica por la Universidad de Salamanca, Espa\u00f1a; es docente de tiempo completo y miembro del cuerpo acad\u00e9mico (CA) Farmacolog\u00eda Cl\u00ednica y Molecular, adem\u00e1s es reconocida con uno de los mejores puntajes como tutora y tiene diversas publicaciones nacionales e internacionales.<\/p>\n<p>&nbsp;<\/p>\n<div id=\"attachment_37197\" style=\"width: 732px\" class=\"wp-caption aligncenter\"><a href=\"https:\/\/www.uv.mx\/prensa\/files\/2017\/11\/Nueva-secretaria-academica-2-241117-ok-ok.jpg\"><img loading=\"lazy\" decoding=\"async\" aria-describedby=\"caption-attachment-37197\" class=\"size-full wp-image-37197\" src=\"https:\/\/www.uv.mx\/prensa\/files\/2017\/11\/Nueva-secretaria-academica-2-241117-ok-ok.jpg\" alt=\"\" width=\"722\" height=\"481\" srcset=\"https:\/\/www.uv.mx\/prensa\/files\/2017\/11\/Nueva-secretaria-academica-2-241117-ok-ok.jpg 722w, https:\/\/www.uv.mx\/prensa\/files\/2017\/11\/Nueva-secretaria-academica-2-241117-ok-ok-300x200.jpg 300w\" sizes=\"auto, (max-width: 722px) 100vw, 722px\" \/><\/a><p id=\"caption-attachment-37197\" class=\"wp-caption-text\">Emma Virginia tomando protesta como nueva secretaria Acad\u00e9mica regional<\/p><\/div>\n<p>&nbsp;<\/p>\n<p>\u201cEmma Virginia Herrera es una persona capaz en el \u00e1mbito acad\u00e9mico, tiene un gran sentido de responsabilidad, es comprometida y muy entusiasta; por todas esas cualidades viene a sumar muchas fortalezas al equipo que encabezo en la Vicerrector\u00eda\u201d, expres\u00f3 Jos\u00e9 Eduardo Mart\u00ednez.<\/p>\n<p>Por su parte y posterior a la toma de protesta, la nueva Secretaria Acad\u00e9mica regional agradeci\u00f3 a familiares, amigos y compa\u00f1eros acad\u00e9micos presentes por el apoyo recibido durante su vida personal y laboral: \u201cEstoy comprometida para devolver un poco de lo mucho que la UV me ha dado, mi trabajo estar\u00e1 encaminado en pro de mis compa\u00f1eros y de cada una de las entidades en esta regi\u00f3n\u201d.<\/p>\n<p>Para finalizar, Hern\u00e1ndez Alarc\u00f3n refrend\u00f3 el apoyo hacia la regi\u00f3n y exhort\u00f3 a los presentes para trabajar de la mano y colaborativamente a fin de lograr los resultados esperados: \u201cEmma tiene mucha disposici\u00f3n, a\u00fan no recib\u00eda el nombramiento y ya estaba en muchas actividades llevando en alto a la regi\u00f3n. Como Secretaria Acad\u00e9mica, mi obligaci\u00f3n es brindar a Emma todo el apoyo para que lleve a cabo sus funciones y responsabilidades y lo hago con mucho gusto, siempre buscando el bien com\u00fan de nuestra casa de estudio\u201d.<\/p>\n<div id=\"attachment_37198\" style=\"width: 732px\" class=\"wp-caption aligncenter\"><a href=\"https:\/\/www.uv.mx\/prensa\/files\/2017\/11\/Nueva-secretaria-academica-3-241117-ok.jpg\"><img loading=\"lazy\" decoding=\"async\" aria-describedby=\"caption-attachment-37198\" class=\"size-full wp-image-37198\" src=\"https:\/\/www.uv.mx\/prensa\/files\/2017\/11\/Nueva-secretaria-academica-3-241117-ok.jpg\" alt=\"\" width=\"722\" height=\"481\" srcset=\"https:\/\/www.uv.mx\/prensa\/files\/2017\/11\/Nueva-secretaria-academica-3-241117-ok.jpg 722w, https:\/\/www.uv.mx\/prensa\/files\/2017\/11\/Nueva-secretaria-academica-3-241117-ok-300x200.jpg 300w\" sizes=\"auto, (max-width: 722px) 100vw, 722px\" \/><\/a><p id=\"caption-attachment-37198\" class=\"wp-caption-text\">Emma Virginia durante su discurso posterior a la toma de protesta<\/p><\/div>\n","protected":false},"excerpt":{"rendered":"<p><strong><em>Eduardo Ca\u00f1edo.-<\/em><\/strong>Emma Virginia Herrera Huerta fue designada como nueva secretaria Acad\u00e9mica de la regi\u00f3n Orizaba-C\u00f3rdoba de la Universidad Veracruzana (UV), el mi\u00e9rcoles 22 de noviembre en un evento al que fueron convocados acad\u00e9micos, estudiantes, personal administrativo y directivos de las diferentes entidades acad\u00e9micas de esta regi\u00f3n.<\/p>\n","protected":false},"author":1810,"featured_media":37195,"comment_status":"closed","ping_status":"closed","sticky":false,"template":"","format":"standard","meta":{"footnotes":""},"categories":[32],"tags":[],"class_list":["post-37185","post","type-post","status-publish","format-standard","has-post-thumbnail","hentry","category-regiones"],"_links":{"self":[{"href":"https:\/\/www.uv.mx\/prensa\/wp-json\/wp\/v2\/posts\/37185","targetHints":{"allow":["GET"]}}],"collection":[{"href":"https:\/\/www.uv.mx\/prensa\/wp-json\/wp\/v2\/posts"}],"about":[{"href":"https:\/\/www.uv.mx\/prensa\/wp-json\/wp\/v2\/types\/post"}],"author":[{"embeddable":true,"href":"https:\/\/www.uv.mx\/prensa\/wp-json\/wp\/v2\/users\/1810"}],"replies":[{"embeddable":true,"href":"https:\/\/www.uv.mx\/prensa\/wp-json\/wp\/v2\/comments?post=37185"}],"version-history":[{"count":0,"href":"https:\/\/www.uv.mx\/prensa\/wp-json\/wp\/v2\/posts\/37185\/revisions"}],"wp:featuredmedia":[{"embeddable":true,"href":"https:\/\/www.uv.mx\/prensa\/wp-json\/wp\/v2\/media\/37195"}],"wp:attachment":[{"href":"https:\/\/www.uv.mx\/prensa\/wp-json\/wp\/v2\/media?parent=37185"}],"wp:term":[{"taxonomy":"category","embeddable":true,"href":"https:\/\/www.uv.mx\/prensa\/wp-json\/wp\/v2\/categories?post=37185"},{"taxonomy":"post_tag","embeddable":true,"href":"https:\/\/www.uv.mx\/prensa\/wp-json\/wp\/v2\/tags?post=37185"}],"curies":[{"name":"wp","href":"https:\/\/api.w.org\/{rel}","templated":true}]}}