{"id":36868,"date":"2017-11-17T14:52:00","date_gmt":"2017-11-17T20:52:00","guid":{"rendered":"https:\/\/www.uv.mx\/prensa\/?p=36868"},"modified":"2017-11-17T16:26:20","modified_gmt":"2017-11-17T22:26:20","slug":"editora-del-estado-y-uv-presentaran-agraristas-y-agrarismo","status":"publish","type":"post","link":"https:\/\/www.uv.mx\/prensa\/cultura\/editora-del-estado-y-uv-presentaran-agraristas-y-agrarismo\/","title":{"rendered":"Editora del Estado y UV presentar\u00e1n Agraristas y agrarismo"},"content":{"rendered":"<ul>\n<li><i><em>Libro coordinado por Olivia Dom\u00ednguez P\u00e9rez, sobre la reforma agraria en el estado de Veracruz<\/em><\/i><\/li>\n<li><em>En el marco del ciclo de presentaciones de libros \u201cRa\u00edces de la memoria hist\u00f3rica\u201d<\/em><\/li>\n<\/ul>\n<p>&nbsp;<\/p>\n<div id=\"attachment_36918\" style=\"width: 732px\" class=\"wp-caption aligncenter\"><a href=\"https:\/\/www.uv.mx\/prensa\/files\/2017\/11\/171117-Cartel-Agraristas-ok.jpg\"><img loading=\"lazy\" decoding=\"async\" aria-describedby=\"caption-attachment-36918\" class=\"size-full wp-image-36918\" src=\"https:\/\/www.uv.mx\/prensa\/files\/2017\/11\/171117-Cartel-Agraristas-ok.jpg\" alt=\"\" width=\"722\" height=\"1115\" srcset=\"https:\/\/www.uv.mx\/prensa\/files\/2017\/11\/171117-Cartel-Agraristas-ok.jpg 722w, https:\/\/www.uv.mx\/prensa\/files\/2017\/11\/171117-Cartel-Agraristas-ok-194x300.jpg 194w, https:\/\/www.uv.mx\/prensa\/files\/2017\/11\/171117-Cartel-Agraristas-ok-663x1024.jpg 663w\" sizes=\"auto, (max-width: 722px) 100vw, 722px\" \/><\/a><p id=\"caption-attachment-36918\" class=\"wp-caption-text\">El evento se realizar\u00e1 el pr\u00f3ximo jueves 23 de noviembre, a las 17:00 horas, en el Sal\u00f3n Azul de la Unidad de Humanidades<\/p><\/div>\n<p>&nbsp;<\/p>\n<p><strong><em>\u00a017\/11\/2017.- Xalapa, Ver. <\/em><\/strong>La Editora de Gobierno del Estado de Veracruz y la Facultad de Historia de la Universidad Veracruzana (UV) celebran la inauguraci\u00f3n del ciclo de presentaciones de libros \u201cRa\u00edces de la memoria hist\u00f3rica\u201d, cuyo objetivo es que los estudiantes de esta carrera y de otras afines conozcan las publicaciones de car\u00e1cter hist\u00f3rico de esta casa editorial, en las que algunos maestros, investigadores y ex-alumnos de la Facultad de Historia de la UV han tenido un papel destacado.<\/p>\n<p>La primera presentaci\u00f3n ser\u00e1 el pr\u00f3ximo jueves 23 de noviembre, a las 17:00 horas, en el Sal\u00f3n Azul de Humanidades de la UV, con el libro <em>Agraristas y agrarismo. La Liga de Comunidades Agrarias del estado de Veracruz<\/em>, coordinado por Olivia Dom\u00ednguez P\u00e9rez y editado por la Editora de Gobierno.<\/p>\n<p>Este texto re\u00fane once trabajos sobre la reforma agraria en Veracruz, centrados en estudios de caso de diferentes regiones del estado que vivieron el cambio en la din\u00e1mica del campo. El recuento de estos hechos est\u00e1 basado en entrevistas con algunos de los principales actores, en una revisi\u00f3n exhaustiva de los archivos de las comisiones locales agrarias de cada zona estudiada y en un an\u00e1lisis de la divisi\u00f3n y dotaci\u00f3n de las tierras activas de las entonces vast\u00edsimas haciendas, as\u00ed como de los terrenos de manos muertas.<\/p>\n<p>Presentar\u00e1n el texto los doctores Paulo C\u00e9sar L\u00f3pez Romero, Ricardo Corzo Ram\u00edrez y la coordinadora del volumen, profesores e investigadores de la UV. Olivia Dom\u00ednguez es investigadora del Instituto de Investigaciones Hist\u00f3rico-Sociales de la m\u00e1xima casa de estudios veracruzana, se desempe\u00f1\u00f3 como directora del Archivo General del Estado de Veracruz y ha publicado diversos libros, art\u00edculos y rese\u00f1as sobre la historia de Veracruz.<\/p>\n<p>A cien a\u00f1os de la promulgaci\u00f3n de la Ley Agraria en M\u00e9xico, <em>Agraristas y agrarismo <\/em>nos permite reflexionar sobre la situaci\u00f3n del campo en nuestro pa\u00eds y los retos que enfrenta.<\/p>\n","protected":false},"excerpt":{"rendered":"<p>La Editora de Gobierno del Estado de Veracruz y la Facultad de Historia de la Universidad Veracruzana (UV) celebran la inauguraci\u00f3n del ciclo de presentaciones de libros \u201cRa\u00edces de la memoria hist\u00f3rica\u201d, cuyo objetivo es que los estudiantes de esta carrera y de otras afines conozcan las publicaciones de car\u00e1cter hist\u00f3rico de esta casa editorial, en las que algunos maestros, investigadores y ex-alumnos de la Facultad de Historia de la UV han tenido un papel destacado.<\/p>\n","protected":false},"author":1809,"featured_media":36921,"comment_status":"closed","ping_status":"closed","sticky":false,"template":"","format":"standard","meta":{"footnotes":""},"categories":[11],"tags":[],"class_list":["post-36868","post","type-post","status-publish","format-standard","has-post-thumbnail","hentry","category-cultura"],"_links":{"self":[{"href":"https:\/\/www.uv.mx\/prensa\/wp-json\/wp\/v2\/posts\/36868","targetHints":{"allow":["GET"]}}],"collection":[{"href":"https:\/\/www.uv.mx\/prensa\/wp-json\/wp\/v2\/posts"}],"about":[{"href":"https:\/\/www.uv.mx\/prensa\/wp-json\/wp\/v2\/types\/post"}],"author":[{"embeddable":true,"href":"https:\/\/www.uv.mx\/prensa\/wp-json\/wp\/v2\/users\/1809"}],"replies":[{"embeddable":true,"href":"https:\/\/www.uv.mx\/prensa\/wp-json\/wp\/v2\/comments?post=36868"}],"version-history":[{"count":0,"href":"https:\/\/www.uv.mx\/prensa\/wp-json\/wp\/v2\/posts\/36868\/revisions"}],"wp:featuredmedia":[{"embeddable":true,"href":"https:\/\/www.uv.mx\/prensa\/wp-json\/wp\/v2\/media\/36921"}],"wp:attachment":[{"href":"https:\/\/www.uv.mx\/prensa\/wp-json\/wp\/v2\/media?parent=36868"}],"wp:term":[{"taxonomy":"category","embeddable":true,"href":"https:\/\/www.uv.mx\/prensa\/wp-json\/wp\/v2\/categories?post=36868"},{"taxonomy":"post_tag","embeddable":true,"href":"https:\/\/www.uv.mx\/prensa\/wp-json\/wp\/v2\/tags?post=36868"}],"curies":[{"name":"wp","href":"https:\/\/api.w.org\/{rel}","templated":true}]}}