{"id":36855,"date":"2017-11-17T16:23:08","date_gmt":"2017-11-17T22:23:08","guid":{"rendered":"https:\/\/www.uv.mx\/prensa\/?p=36855"},"modified":"2017-11-17T16:20:40","modified_gmt":"2017-11-17T22:20:40","slug":"la-editorial-uv-esta-imbatible","status":"publish","type":"post","link":"https:\/\/www.uv.mx\/prensa\/cultura\/la-editorial-uv-esta-imbatible\/","title":{"rendered":"La Editorial UV est\u00e1 imbatible"},"content":{"rendered":"<ul>\n<li><i><em>Recibi\u00f3 el Premio al Mejor Libro de Arte editado en M\u00e9xico en 2017, por <\/em>H\u00e9ctor Xavier. El trazo de la l\u00ednea y los silencios<\/i><\/li>\n<\/ul>\n<p>&nbsp;<\/p>\n<div id=\"attachment_36857\" style=\"width: 732px\" class=\"wp-caption aligncenter\"><a href=\"https:\/\/www.uv.mx\/prensa\/files\/2017\/11\/171117-Premio-Caniem-He\u0301ctor-Xavier-ok.jpg\"><img loading=\"lazy\" decoding=\"async\" aria-describedby=\"caption-attachment-36857\" class=\"size-full wp-image-36857\" src=\"https:\/\/www.uv.mx\/prensa\/files\/2017\/11\/171117-Premio-Caniem-He\u0301ctor-Xavier-ok.jpg\" alt=\"\" width=\"722\" height=\"542\" \/><\/a><p id=\"caption-attachment-36857\" class=\"wp-caption-text\">Alberto Toval\u00edn (editor), Wilbert Arreola (dise\u00f1ador), Dabi Xavier y Ang\u00e9lica Abelleyra (coordinadoras) y Edgar Garc\u00eda Valencia (director Editorial UV)<\/p><\/div>\n<p>&nbsp;<\/p>\n<p><strong><em>17\/11\/2017, Xalapa, Ver.-<\/em><\/strong> El libro <em>H\u00e9ctor Xavier. El trazo de la l\u00ednea y los silencios<\/em>, publicado por la Universidad Veracruzana (UV) y el Instituto Veracruzano de la Cultural (<em>Ivec<\/em>), recibi\u00f3 el jueves 16 de noviembre el Premio al Mejor Libro de Arte editado en M\u00e9xico en 2017, en evento realizado en el Museo Tamayo Arte Contempor\u00e1neo.<\/p>\n<p>La obra de la Editorial UV fue coordinada por Dabi Xavier y Ang\u00e9lica Abelleyra, y editada por Alberto Toval\u00edn Ahumada.<\/p>\n<p>El galard\u00f3n lo otorg\u00f3 la C\u00e1mara Nacional de la Industria Editorial Mexicana (<em>Caniem<\/em>), en la categor\u00eda de Premios al Arte Editorial, en su edici\u00f3n XXXVIII.<\/p>\n<p>\u00c9sta es la primera vez que la Editorial de la Universidad Veracruzana recibe por segundo a\u00f1o consecutivo este notable reconocimiento.<\/p>\n<p>En 2016 fue con el libro <em>Nacho L\u00f3pez, fot\u00f3grafo de M\u00e9xico<\/em>, publicado con el Instituto Nacional de Bellas Artes y el Museo del Palacio de Bellas Artes. Editado por Jos\u00e9 Antonio Rodr\u00edguez y Alberto Toval\u00edn.<\/p>\n","protected":false},"excerpt":{"rendered":"<p>El libro H\u00e9ctor Xavier. El trazo de la l\u00ednea y los silencios, publicado por la Universidad Veracruzana (UV) y el Instituto Veracruzano de la Cultural (Ivec), recibi\u00f3 el jueves 16 de noviembre el Premio al Mejor Libro de Arte editado en M\u00e9xico en 2017, en evento realizado en el Museo Tamayo Arte Contempor\u00e1neo.<\/p>\n","protected":false},"author":1809,"featured_media":36856,"comment_status":"closed","ping_status":"closed","sticky":false,"template":"","format":"standard","meta":{"footnotes":""},"categories":[11],"tags":[],"class_list":["post-36855","post","type-post","status-publish","format-standard","has-post-thumbnail","hentry","category-cultura"],"_links":{"self":[{"href":"https:\/\/www.uv.mx\/prensa\/wp-json\/wp\/v2\/posts\/36855","targetHints":{"allow":["GET"]}}],"collection":[{"href":"https:\/\/www.uv.mx\/prensa\/wp-json\/wp\/v2\/posts"}],"about":[{"href":"https:\/\/www.uv.mx\/prensa\/wp-json\/wp\/v2\/types\/post"}],"author":[{"embeddable":true,"href":"https:\/\/www.uv.mx\/prensa\/wp-json\/wp\/v2\/users\/1809"}],"replies":[{"embeddable":true,"href":"https:\/\/www.uv.mx\/prensa\/wp-json\/wp\/v2\/comments?post=36855"}],"version-history":[{"count":0,"href":"https:\/\/www.uv.mx\/prensa\/wp-json\/wp\/v2\/posts\/36855\/revisions"}],"wp:featuredmedia":[{"embeddable":true,"href":"https:\/\/www.uv.mx\/prensa\/wp-json\/wp\/v2\/media\/36856"}],"wp:attachment":[{"href":"https:\/\/www.uv.mx\/prensa\/wp-json\/wp\/v2\/media?parent=36855"}],"wp:term":[{"taxonomy":"category","embeddable":true,"href":"https:\/\/www.uv.mx\/prensa\/wp-json\/wp\/v2\/categories?post=36855"},{"taxonomy":"post_tag","embeddable":true,"href":"https:\/\/www.uv.mx\/prensa\/wp-json\/wp\/v2\/tags?post=36855"}],"curies":[{"name":"wp","href":"https:\/\/api.w.org\/{rel}","templated":true}]}}