{"id":36765,"date":"2017-11-16T14:52:46","date_gmt":"2017-11-16T20:52:46","guid":{"rendered":"https:\/\/www.uv.mx\/prensa\/?p=36765"},"modified":"2017-11-16T14:52:46","modified_gmt":"2017-11-16T20:52:46","slug":"empleados-uv-aprovechan-curso-de-futbol-rapido","status":"publish","type":"post","link":"https:\/\/www.uv.mx\/prensa\/deportes\/empleados-uv-aprovechan-curso-de-futbol-rapido\/","title":{"rendered":"Empleados UV aprovechan curso de futbol r\u00e1pido"},"content":{"rendered":"<ul>\n<li><i><em>Ury Sergio Landa e Isaac Galindo destacaron la importancia de realizar actividad f\u00edsica<\/em><\/i><\/li>\n<\/ul>\n<p>&nbsp;<\/p>\n<div id=\"attachment_36769\" style=\"width: 732px\" class=\"wp-caption aligncenter\"><a href=\"https:\/\/www.uv.mx\/prensa\/files\/2017\/11\/161117.-Curso-1-ok.jpg\"><img aria-describedby=\"caption-attachment-36769\" decoding=\"async\" loading=\"lazy\" class=\"size-full wp-image-36769\" src=\"https:\/\/www.uv.mx\/prensa\/files\/2017\/11\/161117.-Curso-1-ok.jpg\" alt=\"\" width=\"722\" height=\"656\" srcset=\"https:\/\/www.uv.mx\/prensa\/files\/2017\/11\/161117.-Curso-1-ok.jpg 722w, https:\/\/www.uv.mx\/prensa\/files\/2017\/11\/161117.-Curso-1-ok-300x273.jpg 300w\" sizes=\"(max-width: 722px) 100vw, 722px\" \/><\/a><p id=\"caption-attachment-36769\" class=\"wp-caption-text\">Ury Sergio Landa<\/p><\/div>\n<p>&nbsp;<\/p>\n<p><strong><em>Santiago Morales Ortiz<\/em><\/strong><\/p>\n<p>&nbsp;<\/p>\n<p><strong><em>16\/11\/12017, Xalapa, Ver.-<\/em><\/strong> Los empleados de la Universidad Veracruzana (UV) se encuentran motivados por el primer curso de futbol r\u00e1pido que organiza el Sistema de Atenci\u00f3n Integral para la Salud (SAISUV) en coordinaci\u00f3n con la Direcci\u00f3n de Actividades Deportivas (DADUV), como parte del programa \u201cA quitarnos un kilo de encima, la familia y la UV nos necesitan\u201d.<\/p>\n<p>Los cursos registran una buena asistencia y se llevan a cabo los martes y jueves de 20:00 a 21:00 horas, en la cancha de la Unidad Deportiva de la UV, impartidos por el instructor Manuel Trujillo Cabrera.<\/p>\n<p>Al respecto, los empleados Ury Sergio Landa e Isaac Olimpo Galindo Casta\u00f1eda destacaron la importancia de fomentar la actividad f\u00edsica entre la comunidad universitaria.<\/p>\n<p>Ury Sergio, de la Direcci\u00f3n de Servicios Generales, se\u00f1al\u00f3 que se trata de un buen momento para poder ejercitarse: \u201cNo ten\u00edamos la oportunidad y ahora se abri\u00f3 este espacio, lo cual es bueno para quienes nos gusta el deporte y especialmente el futbol\u201d.<\/p>\n<p>&nbsp;<\/p>\n<div id=\"attachment_36771\" style=\"width: 732px\" class=\"wp-caption aligncenter\"><a href=\"https:\/\/www.uv.mx\/prensa\/files\/2017\/11\/161117.-Curso-2-ok.jpg\"><img aria-describedby=\"caption-attachment-36771\" decoding=\"async\" loading=\"lazy\" class=\"size-full wp-image-36771\" src=\"https:\/\/www.uv.mx\/prensa\/files\/2017\/11\/161117.-Curso-2-ok.jpg\" alt=\"\" width=\"722\" height=\"680\" srcset=\"https:\/\/www.uv.mx\/prensa\/files\/2017\/11\/161117.-Curso-2-ok.jpg 722w, https:\/\/www.uv.mx\/prensa\/files\/2017\/11\/161117.-Curso-2-ok-300x283.jpg 300w\" sizes=\"(max-width: 722px) 100vw, 722px\" \/><\/a><p id=\"caption-attachment-36771\" class=\"wp-caption-text\">Isaac Olimpo<\/p><\/div>\n<p>&nbsp;<\/p>\n<p>Destac\u00f3 que luego del trabajo, es gratificante participar en el curso. \u201cLa convivencia con los compa\u00f1eros y hacer actividad f\u00edsica para desestresarte es bueno para la salud, adem\u00e1s te ayuda a bajar de peso\u201d.<\/p>\n<p>Agreg\u00f3 que en lo personal, como estudiante de la UV, siempre le gust\u00f3 el futbol r\u00e1pido: \u201cFui parte de la Selecci\u00f3n de <em>Halcones<\/em> y ahora como trabajador es grato seguir practicando este deporte\u201d.<\/p>\n<p>Destac\u00f3 el trabajo y la atenci\u00f3n especial del entrenador Manuel Trujillo: \u201cSe trata de un maestro que est\u00e1 bien preparado y adem\u00e1s es buen amigo. Son muy buenas sus ense\u00f1anzas\u201d.<\/p>\n<p>Es por ello que invit\u00f3 a todos los empleados de la UV que gusten del futbol a que asistan a las clases.<\/p>\n<p>Por su parte, Isaac Olimpo, empleado de la Direcci\u00f3n General de Tecnolog\u00eda de la Informaci\u00f3n, comparti\u00f3 que el curso es excelente por lo mucho que aporta: \u201cNos ha ayudado mucho, el grupo ha ido creciendo y aprendemos nuevas cosas\u201d.<\/p>\n<p>Resalt\u00f3 que la UV es pionera en este tipo de cursos, que resultan motivantes y ben\u00e9ficos para la salud: \u201cEstamos contentos, pues se trata de algo que vale la pena ya que sales de trabajar y tienes la oportunidad de realizar actividad f\u00edsica en un lugar especial y con un buen maestro\u201d.<\/p>\n<p>A\u00f1adi\u00f3 que le gustar\u00eda que asistieran m\u00e1s empleados para aprovechar este esfuerzo que realiza la Universidad.<\/p>\n","protected":false},"excerpt":{"rendered":"<p><strong><em> Santiago Morales Ortiz.-<\/em><\/strong> Los empleados de la Universidad Veracruzana (UV) se encuentran motivados por el primer curso de futbol r\u00e1pido que organiza el Sistema de Atenci\u00f3n Integral para la Salud (SAISUV) en coordinaci\u00f3n con la Direcci\u00f3n de Actividades Deportivas (DADUV), como parte del programa \u201cA quitarnos un kilo de encima, la familia y la UV nos necesitan\u201d.<\/p>\n","protected":false},"author":1809,"featured_media":36773,"comment_status":"closed","ping_status":"closed","sticky":false,"template":"","format":"standard","meta":[],"categories":[12],"tags":[],"_links":{"self":[{"href":"https:\/\/www.uv.mx\/prensa\/wp-json\/wp\/v2\/posts\/36765"}],"collection":[{"href":"https:\/\/www.uv.mx\/prensa\/wp-json\/wp\/v2\/posts"}],"about":[{"href":"https:\/\/www.uv.mx\/prensa\/wp-json\/wp\/v2\/types\/post"}],"author":[{"embeddable":true,"href":"https:\/\/www.uv.mx\/prensa\/wp-json\/wp\/v2\/users\/1809"}],"replies":[{"embeddable":true,"href":"https:\/\/www.uv.mx\/prensa\/wp-json\/wp\/v2\/comments?post=36765"}],"version-history":[{"count":0,"href":"https:\/\/www.uv.mx\/prensa\/wp-json\/wp\/v2\/posts\/36765\/revisions"}],"wp:featuredmedia":[{"embeddable":true,"href":"https:\/\/www.uv.mx\/prensa\/wp-json\/wp\/v2\/media\/36773"}],"wp:attachment":[{"href":"https:\/\/www.uv.mx\/prensa\/wp-json\/wp\/v2\/media?parent=36765"}],"wp:term":[{"taxonomy":"category","embeddable":true,"href":"https:\/\/www.uv.mx\/prensa\/wp-json\/wp\/v2\/categories?post=36765"},{"taxonomy":"post_tag","embeddable":true,"href":"https:\/\/www.uv.mx\/prensa\/wp-json\/wp\/v2\/tags?post=36765"}],"curies":[{"name":"wp","href":"https:\/\/api.w.org\/{rel}","templated":true}]}}