{"id":36746,"date":"2017-11-16T11:21:14","date_gmt":"2017-11-16T17:21:14","guid":{"rendered":"https:\/\/www.uv.mx\/prensa\/?p=36746"},"modified":"2017-11-16T11:21:14","modified_gmt":"2017-11-16T17:21:14","slug":"estudiantes-de-geografia-presentaron-avances-de-experiencias-recepcionales","status":"publish","type":"post","link":"https:\/\/www.uv.mx\/prensa\/general\/estudiantes-de-geografia-presentaron-avances-de-experiencias-recepcionales\/","title":{"rendered":"Estudiantes de Geograf\u00eda presentaron avances de experiencias recepcionales"},"content":{"rendered":"<ul>\n<li><i><em>Fueron 41 trabajos enfocados a las tem\u00e1ticas de geograf\u00eda urbana, f\u00edsica, pol\u00edtica, social, human\u00edstica, econ\u00f3mica y ambiental<\/em><\/i><\/li>\n<li><em>Tambi\u00e9n abordaron estudios sobre uso de suelo, poblaci\u00f3n y salud, riesgo, impacto y vulnerabilidad<\/em><\/li>\n<li><em>El foro tuvo lugar en la sala audiovisual de la Facultad de Econom\u00eda y Estad\u00edstica<\/em><\/li>\n<\/ul>\n<p>&nbsp;<\/p>\n<div id=\"attachment_36749\" style=\"width: 732px\" class=\"wp-caption aligncenter\"><a href=\"https:\/\/www.uv.mx\/prensa\/files\/2017\/11\/161117.-Geografia-1-ok.jpg\"><img aria-describedby=\"caption-attachment-36749\" decoding=\"async\" loading=\"lazy\" class=\"size-full wp-image-36749\" src=\"https:\/\/www.uv.mx\/prensa\/files\/2017\/11\/161117.-Geografia-1-ok.jpg\" alt=\"\" width=\"722\" height=\"481\" srcset=\"https:\/\/www.uv.mx\/prensa\/files\/2017\/11\/161117.-Geografia-1-ok.jpg 722w, https:\/\/www.uv.mx\/prensa\/files\/2017\/11\/161117.-Geografia-1-ok-300x200.jpg 300w\" sizes=\"(max-width: 722px) 100vw, 722px\" \/><\/a><p id=\"caption-attachment-36749\" class=\"wp-caption-text\">Alumnos de Geograf\u00eda participaron en el Foro de Experiencia Recepcional<\/p><\/div>\n<p>&nbsp;<\/p>\n<p><strong><em>Claudia Peralta V\u00e1zquez<\/em><\/strong><\/p>\n<p>&nbsp;<\/p>\n<p><strong><em>14\/11\/2017, Xalapa, Ver.- <\/em><\/strong>Un total de 41 alumnos de la Licenciatura en Geograf\u00eda de la Universidad Veracruzana (UV) participaron el martes 14 de noviembre en el Foro de Experiencia Recepcional, donde mostraron los avances, protocolos de investigaci\u00f3n y algunos resultados de proyectos de tesis relacionados con las \u00e1rea de: geograf\u00eda urbana, f\u00edsica, pol\u00edtica, social, human\u00edstica, econ\u00f3mica, ambiental, uso de suelo, poblaci\u00f3n, salud, riesgo, impacto y vulnerabilidad.<\/p>\n<p>En la sala audiovisual de la Facultad de Econom\u00eda y Estad\u00edstica (FEI), Mar\u00eda Ram\u00edrez Salazar, jefa de la carrera, destac\u00f3 que dicho ejercicio se encuentra incluido en la experiencia educativa (EE) Experiencia Recepcional, cursada por alumnos de los \u00faltimos semestres.<\/p>\n<p>Mencion\u00f3 que algunos estudiantes presentar\u00e1n sus tesis de manera formal a principios de diciembre y enero, por ello la intenci\u00f3n es que durante esta actividad se genere una retroalimentaci\u00f3n, obtengan opiniones y recomendaciones de diferentes acad\u00e9micos.<\/p>\n<p>Detall\u00f3 que los estudiantes se inclinan principalmente por temas relacionados con las l\u00edneas de investigaci\u00f3n desarrolladas por sus profesores. De esta forma, se cuenta con estudios interesantes sobre cambio de uso de suelo, dado que en Geograf\u00eda se analizan las transformaciones espaciales de todos los fen\u00f3menos que ocurren en la superficie.<\/p>\n<p>Otra \u00e1rea de inter\u00e9s son los ordenamientos del espacio, y en este sentido se podr\u00e1n apreciar proyectos de desarrollo urbano, estudios de riesgo de asentamientos vulnerables a deslaves, sismos e inundaciones.<\/p>\n<p>Tambi\u00e9n se han realizado estudios sobre vulcanismo que lideran investigadores del Centro de Ciencias de la Tierra (CCT). Al respecto, coment\u00f3 la actividad de alumnos que llevan a cabo pr\u00e1cticas en la sierra de Los Tuxtlas, donde hacen vulcanolog\u00eda y relaciones de las formas del relieve.<\/p>\n<p>&nbsp;<\/p>\n<div id=\"attachment_36752\" style=\"width: 732px\" class=\"wp-caption aligncenter\"><a href=\"https:\/\/www.uv.mx\/prensa\/files\/2017\/11\/161117.-Geografia-2-ok.jpg\"><img aria-describedby=\"caption-attachment-36752\" decoding=\"async\" loading=\"lazy\" class=\"size-full wp-image-36752\" src=\"https:\/\/www.uv.mx\/prensa\/files\/2017\/11\/161117.-Geografia-2-ok.jpg\" alt=\"\" width=\"722\" height=\"483\" srcset=\"https:\/\/www.uv.mx\/prensa\/files\/2017\/11\/161117.-Geografia-2-ok.jpg 722w, https:\/\/www.uv.mx\/prensa\/files\/2017\/11\/161117.-Geografia-2-ok-300x201.jpg 300w\" sizes=\"(max-width: 722px) 100vw, 722px\" \/><\/a><p id=\"caption-attachment-36752\" class=\"wp-caption-text\">Mar\u00eda Ram\u00edrez Salazar, jefa de la Licenciatura de Geograf\u00eda de la UV<\/p><\/div>\n<p>&nbsp;<\/p>\n<p>\u201cExisten adem\u00e1s estudios de impacto ambiental, \u00e1reas de inter\u00e9s en donde revisan cu\u00e1les han sido los impactos negativos o positivos de una instalaci\u00f3n, empresa, carretera, de un asentamiento humano o fraccionamiento.\u201d<\/p>\n<p>Incluso, hay un alumno becario del Instituto de Investigaciones Hist\u00f3rico-Sociales (IIH-S) que aborda un trabajo interesante que tiene que ver con el Estado Isl\u00e1mico.<\/p>\n<p>Ram\u00edrez Salazar resalt\u00f3 que el programa educativo de Geograf\u00eda ha adquirido mayor reconocimiento, pues en esta regi\u00f3n no hab\u00eda mucha influencia de ge\u00f3grafos y por eso no se sab\u00eda de la existencia de la profesi\u00f3n.<\/p>\n<p>\u201cHay nueve generaciones de egresados que se encuentran en el mercado laboral, los ge\u00f3grafos tienen una mejor forma de convencer a los dem\u00e1s de lo interesante y \u00fatil que puede ser esta \u00e1rea de estudio.\u201d<\/p>\n<p>Algunos de los temas de los trabajos presentados son: Efectos socio-espaciales en la zona metropolitana de Puebla a partir del establecimiento del centro comercial Angel\u00f3polis; An\u00e1lisis de la relaci\u00f3n entre el crecimiento urbano y demogr\u00e1fico en Xalapa desde 1980 a 2020; An\u00e1lisis espacio-temporal de la laguna interdunaria Tarimoya con relaci\u00f3n a la expansi\u00f3n urbana en el municipio de Veracruz de 1990 a 2010.<\/p>\n<p>Adem\u00e1s, An\u00e1lisis de la expansi\u00f3n de la mancha urbana de Coatepec sobre el \u00e1rea natural protegida El Cerro de las Culebras; Integraci\u00f3n de las zonas metropolitanas de Orizaba y C\u00f3rdoba; Asentamientos irregulares en la cabecera municipal de Chignautla, Puebla; Vulnerabilidad ante fen\u00f3menos hidrometeorol\u00f3gicos en la ciudad de Xalapa; El turismo rural y sus diferentes escalas de estudio.<\/p>\n<p>Destacan tambi\u00e9n: Riesgo socio-ambiental por la fracturaci\u00f3n hidr\u00e1ulica en el paleocanal de Chicontepec; Impacto de las actividades antropog\u00e9nicas a los mantos acu\u00edferos en el valle de Perote, Veracruz; Percepci\u00f3n de la vulnerabilidad social, caso del Barrio de Mar\u00eda Auxiliadora, San Crist\u00f3bal de las Casas, Chiapas; Vulnerabilidad social ante fen\u00f3menos naturales de las localidades de Texcaltit\u00e1n, Tonal\u00e1pan y Nacimiento de Xog\u00e1pan, en el municipio de San Andr\u00e9s Tuxtla, entre otros.<\/p>\n","protected":false},"excerpt":{"rendered":"<p><strong><em> Claudia Peralta V\u00e1zquez.-<\/em><\/strong> Un total de 41 alumnos de la Licenciatura en Geograf\u00eda de la Universidad Veracruzana (UV) participaron el martes 14 de noviembre en el Foro de Experiencia Recepcional, donde mostraron los avances, protocolos de investigaci\u00f3n y algunos resultados de proyectos de tesis relacionados con las \u00e1rea de: geograf\u00eda urbana, f\u00edsica, pol\u00edtica, social, human\u00edstica, econ\u00f3mica, ambiental, uso de suelo, poblaci\u00f3n, salud, riesgo, impacto y vulnerabilidad.<\/p>\n","protected":false},"author":1809,"featured_media":36753,"comment_status":"closed","ping_status":"closed","sticky":false,"template":"","format":"standard","meta":[],"categories":[1],"tags":[],"_links":{"self":[{"href":"https:\/\/www.uv.mx\/prensa\/wp-json\/wp\/v2\/posts\/36746"}],"collection":[{"href":"https:\/\/www.uv.mx\/prensa\/wp-json\/wp\/v2\/posts"}],"about":[{"href":"https:\/\/www.uv.mx\/prensa\/wp-json\/wp\/v2\/types\/post"}],"author":[{"embeddable":true,"href":"https:\/\/www.uv.mx\/prensa\/wp-json\/wp\/v2\/users\/1809"}],"replies":[{"embeddable":true,"href":"https:\/\/www.uv.mx\/prensa\/wp-json\/wp\/v2\/comments?post=36746"}],"version-history":[{"count":0,"href":"https:\/\/www.uv.mx\/prensa\/wp-json\/wp\/v2\/posts\/36746\/revisions"}],"wp:featuredmedia":[{"embeddable":true,"href":"https:\/\/www.uv.mx\/prensa\/wp-json\/wp\/v2\/media\/36753"}],"wp:attachment":[{"href":"https:\/\/www.uv.mx\/prensa\/wp-json\/wp\/v2\/media?parent=36746"}],"wp:term":[{"taxonomy":"category","embeddable":true,"href":"https:\/\/www.uv.mx\/prensa\/wp-json\/wp\/v2\/categories?post=36746"},{"taxonomy":"post_tag","embeddable":true,"href":"https:\/\/www.uv.mx\/prensa\/wp-json\/wp\/v2\/tags?post=36746"}],"curies":[{"name":"wp","href":"https:\/\/api.w.org\/{rel}","templated":true}]}}