{"id":36677,"date":"2017-11-15T14:34:15","date_gmt":"2017-11-15T20:34:15","guid":{"rendered":"https:\/\/www.uv.mx\/prensa\/?p=36677"},"modified":"2017-11-15T14:34:15","modified_gmt":"2017-11-15T20:34:15","slug":"la-martinica-fuente-de-servicios-hidrologicos-para-banderilla","status":"publish","type":"post","link":"https:\/\/www.uv.mx\/prensa\/general\/la-martinica-fuente-de-servicios-hidrologicos-para-banderilla\/","title":{"rendered":"La Martinica, fuente de servicios hidrol\u00f3gicos para Banderilla"},"content":{"rendered":"<ul>\n<li><em>Esta \u00c1rea Natural Protegida tiene cuatro manantiales<\/em><\/li>\n<\/ul>\n<p>&nbsp;<\/p>\n<div id=\"attachment_36713\" style=\"width: 693px\" class=\"wp-caption aligncenter\"><a href=\"https:\/\/www.uv.mx\/prensa\/files\/2017\/11\/La-Martinica-151117-ok-pk.jpg\"><img loading=\"lazy\" decoding=\"async\" aria-describedby=\"caption-attachment-36713\" class=\"size-large wp-image-36713\" src=\"https:\/\/www.uv.mx\/prensa\/files\/2017\/11\/La-Martinica-151117-ok-pk-683x1024.jpg\" alt=\"\" width=\"683\" height=\"1024\" srcset=\"https:\/\/www.uv.mx\/prensa\/files\/2017\/11\/La-Martinica-151117-ok-pk-683x1024.jpg 683w, https:\/\/www.uv.mx\/prensa\/files\/2017\/11\/La-Martinica-151117-ok-pk-200x300.jpg 200w, https:\/\/www.uv.mx\/prensa\/files\/2017\/11\/La-Martinica-151117-ok-pk.jpg 722w\" sizes=\"auto, (max-width: 683px) 100vw, 683px\" \/><\/a><p id=\"caption-attachment-36713\" class=\"wp-caption-text\">Joaqu\u00edn Jim\u00e9nez Huerta<\/p><\/div>\n<p>&nbsp;<\/p>\n<p><strong><em>Karina de la Paz Reyes D\u00edaz<\/em><\/strong><\/p>\n<p>&nbsp;<\/p>\n<p><strong><em>15\/11\/2017, Xalapa, Ver.-<\/em><\/strong> El acad\u00e9mico de la Facultad de Biolog\u00eda de la Universidad Veracruzana (UV), Joaqu\u00edn Jim\u00e9nez Huerta, expuso que los manantiales ubicados en el \u00c1rea Natural Protegida (ANP) La Martinica, municipio de Banderilla, son una importante fuente de servicios hidrol\u00f3gicos; sin embargo, entre los retos para mantener esos beneficios est\u00e1 el aumentar la cobertura vegetal del entorno.<\/p>\n<p>El acad\u00e9mico particip\u00f3 en el 4to. Seminario de Oto\u00f1o 2017 \u201cClima y medio ambiente\u201d, cuya sede fue el auditorio de la Facultad de Biolog\u00eda, el viernes 10 de noviembre. Ah\u00ed, present\u00f3 la conferencia \u201cServicios hidrol\u00f3gicos del bosque en el \u00c1rea Natural Protegida La Martinica (Banderilla, Veracruz): retos ante el cambio clim\u00e1tico\u201d.<\/p>\n<p>Joaqu\u00edn Jim\u00e9nez coment\u00f3 que estudios comparativos permiten apreciar que de 1995 a 2015 la cubierta vegetal de Banderilla se ha recuperado en un 48.9 por ciento: pas\u00f3 de 511.17 hect\u00e1reas a mil 45.07, lo cual es fundamental en la conservaci\u00f3n de los mantos fre\u00e1ticos y r\u00edos que atraviesan el municipio, como el San Juan y el Sede\u00f1o.<\/p>\n<p>\u201cEsta cubierta puede retener agua \u2013para manantiales y r\u00edos\u2013 hasta en un 80 por ciento. Eso implica que la recarga que se da por este proceso de reconversi\u00f3n de la cobertura vegetal puede ayudar a mantener esos mantos fre\u00e1ticos, por eso es importante hacer procesos de gesti\u00f3n para que se mantenga.\u201d<\/p>\n<p>Las razones por las que se dio esa recuperaci\u00f3n de la cobertura vegetal a\u00fan no se saben con exactitud, pero el acad\u00e9mico plante\u00f3 algunas posibilidades, como el abandono de la actividad agr\u00edcola y el desplazamiento de poblaci\u00f3n hacia Xalapa.<\/p>\n<p>Sobre el caso concreto de La Martinica, decretada ANP en 2010, indic\u00f3 que sus manantiales abastecen a buena parte de la poblaci\u00f3n de Banderilla, dada su colindancia con la zona urbana. Si bien la calidad de esa agua est\u00e1 dentro de los valores que marca la norma, el \u00fanico problema es que persiste una importante cantidad de coliformes (especies bacterianas que indican contaminaci\u00f3n), lo cual es necesario atender de manera adecuada.<\/p>\n<p>\u201cEstos servicios hidrol\u00f3gicos son los que de alguna manera brinda la reserva La Martinica. Tiene cuatro manantiales, todos ellos son para suministro urbano; hay dos arroyos intermitentes; bosques en diferentes grados de conservaci\u00f3n, lo que permite una cosecha de agua.\u201d<\/p>\n<p>A manera de conclusi\u00f3n, dijo que es necesario tomar medidas adecuadas para evitar padecer el desabasto de agua, y estudios como el que desarrollan en Banderilla les permite ver que s\u00ed es posible una recuperaci\u00f3n y reconversi\u00f3n de la cubierta vegetal, y que \u00e9sta contribuye a los procesos de infiltraci\u00f3n y recarga de los mantos fre\u00e1ticos.<\/p>\n<p>&nbsp;<\/p>\n","protected":false},"excerpt":{"rendered":"<p><strong><em>Karina de la Paz Reyes .-<\/em><\/strong>El acad\u00e9mico de la Facultad de Biolog\u00eda de la Universidad Veracruzana (UV), Joaqu\u00edn Jim\u00e9nez Huerta, expuso que los manantiales ubicados en el \u00c1rea Natural Protegida (ANP) La Martinica, municipio de Banderilla, son una importante fuente de servicios hidrol\u00f3gicos; sin embargo, entre los retos para mantener esos beneficios est\u00e1 el aumentar la cobertura vegetal del entorno.<\/p>\n","protected":false},"author":1810,"featured_media":36678,"comment_status":"closed","ping_status":"closed","sticky":false,"template":"","format":"standard","meta":{"footnotes":""},"categories":[1],"tags":[3],"class_list":["post-36677","post","type-post","status-publish","format-standard","has-post-thumbnail","hentry","category-general","tag-secundarias"],"_links":{"self":[{"href":"https:\/\/www.uv.mx\/prensa\/wp-json\/wp\/v2\/posts\/36677","targetHints":{"allow":["GET"]}}],"collection":[{"href":"https:\/\/www.uv.mx\/prensa\/wp-json\/wp\/v2\/posts"}],"about":[{"href":"https:\/\/www.uv.mx\/prensa\/wp-json\/wp\/v2\/types\/post"}],"author":[{"embeddable":true,"href":"https:\/\/www.uv.mx\/prensa\/wp-json\/wp\/v2\/users\/1810"}],"replies":[{"embeddable":true,"href":"https:\/\/www.uv.mx\/prensa\/wp-json\/wp\/v2\/comments?post=36677"}],"version-history":[{"count":0,"href":"https:\/\/www.uv.mx\/prensa\/wp-json\/wp\/v2\/posts\/36677\/revisions"}],"wp:featuredmedia":[{"embeddable":true,"href":"https:\/\/www.uv.mx\/prensa\/wp-json\/wp\/v2\/media\/36678"}],"wp:attachment":[{"href":"https:\/\/www.uv.mx\/prensa\/wp-json\/wp\/v2\/media?parent=36677"}],"wp:term":[{"taxonomy":"category","embeddable":true,"href":"https:\/\/www.uv.mx\/prensa\/wp-json\/wp\/v2\/categories?post=36677"},{"taxonomy":"post_tag","embeddable":true,"href":"https:\/\/www.uv.mx\/prensa\/wp-json\/wp\/v2\/tags?post=36677"}],"curies":[{"name":"wp","href":"https:\/\/api.w.org\/{rel}","templated":true}]}}