{"id":36643,"date":"2017-11-15T10:58:24","date_gmt":"2017-11-15T16:58:24","guid":{"rendered":"https:\/\/www.uv.mx\/prensa\/?p=36643"},"modified":"2017-11-15T11:25:39","modified_gmt":"2017-11-15T17:25:39","slug":"uv-visita-a-la-iberoamericana-dentro-de-la-abe","status":"publish","type":"post","link":"https:\/\/www.uv.mx\/prensa\/deportes\/uv-visita-a-la-iberoamericana-dentro-de-la-abe\/","title":{"rendered":"UV visita a la Iberoamericana, dentro de la ABE"},"content":{"rendered":"<ul>\n<li><i><em>Este jueves 16 de noviembre e<\/em><em>l conjunto varonil de <\/em>Halcones<em> va por su sexto triunfo, luego de vencer al IPN<\/em><\/i><\/li>\n<\/ul>\n<p>&nbsp;<\/p>\n<div id=\"attachment_36644\" style=\"width: 732px\" class=\"wp-caption aligncenter\"><a href=\"https:\/\/www.uv.mx\/prensa\/files\/2017\/11\/151117.-ABE-jueves-ok.jpg\"><img aria-describedby=\"caption-attachment-36644\" decoding=\"async\" loading=\"lazy\" class=\"size-full wp-image-36644\" src=\"https:\/\/www.uv.mx\/prensa\/files\/2017\/11\/151117.-ABE-jueves-ok.jpg\" alt=\"\" width=\"722\" height=\"462\" srcset=\"https:\/\/www.uv.mx\/prensa\/files\/2017\/11\/151117.-ABE-jueves-ok.jpg 722w, https:\/\/www.uv.mx\/prensa\/files\/2017\/11\/151117.-ABE-jueves-ok-300x192.jpg 300w\" sizes=\"(max-width: 722px) 100vw, 722px\" \/><\/a><p id=\"caption-attachment-36644\" class=\"wp-caption-text\">Selecci\u00f3n Varonil de Basquetbol de Halcones UV<\/p><\/div>\n<p>&nbsp;<\/p>\n<p><strong><em>Santiago Morales Ortiz<\/em><\/strong><\/p>\n<p>&nbsp;<\/p>\n<p><strong><em>15\/11\/1207, Xalapa, Ver.-<\/em><\/strong> Motivados por su triunfo del pasado fin de semana ante el Instituto Polit\u00e9cnico Nacional (IPN), la Selecci\u00f3n Varonil de <em>Halcones<\/em> de la Universidad Veracruzana (UV) visita este jueves 16 de noviembre a la Universidad Iberoamericana de M\u00e9xico, al jugarse la s\u00e9ptima fecha de la Asociaci\u00f3n de Basquetbol Estudiantil (ABE).<\/p>\n<p>Los pupilos del profesor N\u00e9stor Hern\u00e1ndez Flores lograron su quinto triunfo, por una derrota del torneo, al vencer como visitantes al IPN, con pizarra de 55-54, en juego que se decidi\u00f3 en los \u00faltimos segundos en el gimnasio de la Unidad Zacatenco, y este jueves regresan a M\u00e9xico para encarar a la Ibero.<\/p>\n<p>El equipo va encabezado a la ofensiva por Gabriel Machuca, Daniel Ch\u00e1zaro y Rodrigo S\u00e1nchez, quienes ante los \u201cPolitos\u201d fueron los m\u00e1ximos encestadores.<\/p>\n<p><strong><em>Halcones<\/em><\/strong><strong> femenil<\/strong><\/p>\n<p>El equipo femenil de <em>Halcones<\/em>-UV, dirigido por Leo Hern\u00e1ndez Rivera, sufri\u00f3 una dolorosa derrota ante el IPN con marcador de 55-62 y despiden el a\u00f1o el viernes 1 de diciembre, cuando enfrenten en casa a las 16:00 horas a la Universidad Aut\u00f3noma del Estado de M\u00e9xico (UAEM).<\/p>\n","protected":false},"excerpt":{"rendered":"<p><strong><em> Santiago Morales Ortiz.-<\/em><\/strong> Motivados por su triunfo del pasado fin de semana ante el Instituto Polit\u00e9cnico Nacional (IPN), la Selecci\u00f3n Varonil de Halcones de la Universidad Veracruzana (UV) visita este jueves 16 de noviembre a la Universidad Iberoamericana de M\u00e9xico, al jugarse la s\u00e9ptima fecha de la Asociaci\u00f3n de Basquetbol Estudiantil (ABE).<\/p>\n","protected":false},"author":1809,"featured_media":36644,"comment_status":"closed","ping_status":"closed","sticky":false,"template":"","format":"standard","meta":[],"categories":[12],"tags":[],"_links":{"self":[{"href":"https:\/\/www.uv.mx\/prensa\/wp-json\/wp\/v2\/posts\/36643"}],"collection":[{"href":"https:\/\/www.uv.mx\/prensa\/wp-json\/wp\/v2\/posts"}],"about":[{"href":"https:\/\/www.uv.mx\/prensa\/wp-json\/wp\/v2\/types\/post"}],"author":[{"embeddable":true,"href":"https:\/\/www.uv.mx\/prensa\/wp-json\/wp\/v2\/users\/1809"}],"replies":[{"embeddable":true,"href":"https:\/\/www.uv.mx\/prensa\/wp-json\/wp\/v2\/comments?post=36643"}],"version-history":[{"count":0,"href":"https:\/\/www.uv.mx\/prensa\/wp-json\/wp\/v2\/posts\/36643\/revisions"}],"wp:featuredmedia":[{"embeddable":true,"href":"https:\/\/www.uv.mx\/prensa\/wp-json\/wp\/v2\/media\/36644"}],"wp:attachment":[{"href":"https:\/\/www.uv.mx\/prensa\/wp-json\/wp\/v2\/media?parent=36643"}],"wp:term":[{"taxonomy":"category","embeddable":true,"href":"https:\/\/www.uv.mx\/prensa\/wp-json\/wp\/v2\/categories?post=36643"},{"taxonomy":"post_tag","embeddable":true,"href":"https:\/\/www.uv.mx\/prensa\/wp-json\/wp\/v2\/tags?post=36643"}],"curies":[{"name":"wp","href":"https:\/\/api.w.org\/{rel}","templated":true}]}}