{"id":36455,"date":"2017-11-13T14:41:49","date_gmt":"2017-11-13T20:41:49","guid":{"rendered":"https:\/\/www.uv.mx\/prensa\/?p=36455"},"modified":"2017-11-13T14:41:49","modified_gmt":"2017-11-13T20:41:49","slug":"uv-realiza-xii-festival-de-artes-escenicas","status":"publish","type":"post","link":"https:\/\/www.uv.mx\/prensa\/regiones\/uv-realiza-xii-festival-de-artes-escenicas\/","title":{"rendered":"UV realiza XII Festival de Artes Esc\u00e9nicas"},"content":{"rendered":"<ul>\n<li><em>Del 6 al 16 de noviembre, en diferentes sedes de la regi\u00f3n Orizaba-C\u00f3rdoba<\/em><\/li>\n<\/ul>\n<p>&nbsp;<\/p>\n<div id=\"attachment_36459\" style=\"width: 732px\" class=\"wp-caption aligncenter\"><a href=\"https:\/\/www.uv.mx\/prensa\/files\/2017\/11\/Festival-artes-1-131117-ok.jpg\"><img loading=\"lazy\" decoding=\"async\" aria-describedby=\"caption-attachment-36459\" class=\"size-full wp-image-36459\" src=\"https:\/\/www.uv.mx\/prensa\/files\/2017\/11\/Festival-artes-1-131117-ok.jpg\" alt=\"\" width=\"722\" height=\"406\" srcset=\"https:\/\/www.uv.mx\/prensa\/files\/2017\/11\/Festival-artes-1-131117-ok.jpg 722w, https:\/\/www.uv.mx\/prensa\/files\/2017\/11\/Festival-artes-1-131117-ok-300x169.jpg 300w\" sizes=\"auto, (max-width: 722px) 100vw, 722px\" \/><\/a><p id=\"caption-attachment-36459\" class=\"wp-caption-text\">Cientificlows<\/p><\/div>\n<p>&nbsp;<\/p>\n<p><strong><em>Francisco Javier Cha\u00edn Revuelta<\/em><\/strong><\/p>\n<p>&nbsp;<\/p>\n<p><strong><em>13\/11\/2017, Orizaba, Ver.-<\/em><\/strong>El festival inici\u00f3 con la presentaci\u00f3n de la obra <em>R\u00e9quiem de amor<\/em> en la Unidad de Servicios Bibliotecarios y de Informaci\u00f3n (USBI) de Ixtaczoquitl\u00e1n, a cargo del grupo Paso Nocturno de la ciudad de Puebla.<\/p>\n<p>El martes 7 presentaron <em>Cientificlowns<\/em> en la Facultad de Odontolog\u00eda de R\u00edo Blanco, con las actuaciones de Alejandro Romero y Alma Griselda Pinilla Flores, quienes propusieron una manera divertida de ense\u00f1ar ciencia e integraron a personas del p\u00fablico en el desarrollo de la funci\u00f3n para aplicar experimentos a trav\u00e9s del m\u00e9todo cient\u00edfico.<\/p>\n<p>&nbsp;<\/p>\n<div id=\"attachment_36460\" style=\"width: 732px\" class=\"wp-caption aligncenter\"><a href=\"https:\/\/www.uv.mx\/prensa\/files\/2017\/11\/Festival-artes-2-ok-131117-ok.jpg\"><img loading=\"lazy\" decoding=\"async\" aria-describedby=\"caption-attachment-36460\" class=\"size-full wp-image-36460\" src=\"https:\/\/www.uv.mx\/prensa\/files\/2017\/11\/Festival-artes-2-ok-131117-ok.jpg\" alt=\"\" width=\"722\" height=\"406\" srcset=\"https:\/\/www.uv.mx\/prensa\/files\/2017\/11\/Festival-artes-2-ok-131117-ok.jpg 722w, https:\/\/www.uv.mx\/prensa\/files\/2017\/11\/Festival-artes-2-ok-131117-ok-300x169.jpg 300w\" sizes=\"auto, (max-width: 722px) 100vw, 722px\" \/><\/a><p id=\"caption-attachment-36460\" class=\"wp-caption-text\">Altar de palabras<\/p><\/div>\n<p>&nbsp;<\/p>\n<p>Al siguiente d\u00eda el grupo Entenados de Stanislavski present\u00f3 <em>Altar de palabras<\/em> en la Facultad de Enfermer\u00eda de Orizaba, creaci\u00f3n colectiva basada en el poema \u201cPiedra del Sol\u201d de Octavio Paz.<\/p>\n<p>El jueves 9 presentaron la obra <em>Cr\u00e1teres<\/em> en la Facultad de Ciencias Biol\u00f3gicas y Agropecuarias de Pe\u00f1uela.<\/p>\n<p>Al d\u00eda siguiente, en la Facultad de Ingenier\u00eda presentaron <em>Rosa de dos aromas<\/em>, de Emilio Carballido, con las actuaciones de Mar\u00eda Jos\u00e9 Krauss Bret\u00f3n y Mar\u00eda Jos\u00e9 Cort\u00e9s Trujillo, dirigidas por Arely L\u00f3pez. Cabe mencionar que esta obra gan\u00f3 el segundo lugar como Mejor puesta en escena en el Festival de Teatro Universitario de la UV, y segundo lugar en Mejor actuaci\u00f3n, direcci\u00f3n y escenograf\u00eda.<\/p>\n<p>Tambi\u00e9n el viernes, el grupo Teatro en Casa Coscomatepec present\u00f3 <em>Pesado y medido<\/em>, de Tom\u00e1s Urtus\u00e1stegui, bajo la direcci\u00f3n de Vicente Hurtado, en la Universidad Idea de Oriente de Orizaba.<\/p>\n<p>El s\u00e1bado 11 se present\u00f3 <em>El se\u00f1or de las sombras<\/em>, de Alex Durand con el grupo Cuarta Pared de Cholula, en el Kaff\u00e9 Real de Orizaba.<\/p>\n<p>&nbsp;<\/p>\n<div id=\"attachment_36462\" style=\"width: 732px\" class=\"wp-caption aligncenter\"><a href=\"https:\/\/www.uv.mx\/prensa\/files\/2017\/11\/Festival-artes-3-131117-ok.jpg\"><img loading=\"lazy\" decoding=\"async\" aria-describedby=\"caption-attachment-36462\" class=\"size-full wp-image-36462\" src=\"https:\/\/www.uv.mx\/prensa\/files\/2017\/11\/Festival-artes-3-131117-ok.jpg\" alt=\"\" width=\"722\" height=\"542\" srcset=\"https:\/\/www.uv.mx\/prensa\/files\/2017\/11\/Festival-artes-3-131117-ok.jpg 722w, https:\/\/www.uv.mx\/prensa\/files\/2017\/11\/Festival-artes-3-131117-ok-300x225.jpg 300w\" sizes=\"auto, (max-width: 722px) 100vw, 722px\" \/><\/a><p id=\"caption-attachment-36462\" class=\"wp-caption-text\">Rosa de dos aromas<\/p><\/div>\n<p>&nbsp;<\/p>\n<p>El martes 14 el Ensamble Cl\u00e1sico de Guitarras de la UV ofrecer\u00e1 dos conciertos did\u00e1cticos, el primero a las 10:30 horas en el Centro Universitario para la Artes, la Ciencia y la Cultura de C\u00f3rdoba, y el segundo a las 12:30 horas, en la Facultad de Ciencias Qu\u00edmicas de Orizaba.<\/p>\n<p>El mi\u00e9rcoles 15 la misma agrupaci\u00f3n se presentar\u00e1 a las 11:00 horas en la Facultad de Arquitectura de C\u00f3rdoba, y a las 13:00 en la USBI Ixtac; por la noche, a las 20:00 horas, en el Teatro \u201cPedro D\u00edaz\u201d de C\u00f3rdoba con un programa que incluye el <em>Concierto de Brandemburgo No. 4 el Sol Mayor<\/em> de Juan Sebasti\u00e1n Back, <em>La cuesta del monte<\/em> de Jorge Calleja, <em>Suite veracruzana<\/em> de Rodrigo Lom\u00e1n y <em>Huapango<\/em> de Jos\u00e9 Pablo Moncayo.<\/p>\n<p>El jueves 16, el Ensamble Cl\u00e1sico de Guitarras se presentar\u00e1 en la Facultad de Odontolog\u00eda de R\u00edo Blanco, a las 10:00 horas.<\/p>\n<p>El festival cierra con\u00a0 la puesta en escena de <em>Rosa de dos aromas<\/em> a las 12:00 horas, en la Sala de Cabildos del Ayuntamiento de Ciudad Mendoza.<\/p>\n<div id=\"attachment_36466\" style=\"width: 732px\" class=\"wp-caption aligncenter\"><a href=\"https:\/\/www.uv.mx\/prensa\/files\/2017\/11\/Festival-artes-4-13117-ok-ok.jpg\"><img loading=\"lazy\" decoding=\"async\" aria-describedby=\"caption-attachment-36466\" class=\"size-full wp-image-36466\" src=\"https:\/\/www.uv.mx\/prensa\/files\/2017\/11\/Festival-artes-4-13117-ok-ok.jpg\" alt=\"\" width=\"722\" height=\"406\" srcset=\"https:\/\/www.uv.mx\/prensa\/files\/2017\/11\/Festival-artes-4-13117-ok-ok.jpg 722w, https:\/\/www.uv.mx\/prensa\/files\/2017\/11\/Festival-artes-4-13117-ok-ok-300x169.jpg 300w\" sizes=\"auto, (max-width: 722px) 100vw, 722px\" \/><\/a><p id=\"caption-attachment-36466\" class=\"wp-caption-text\">Ensamble Cl\u00e1sico de Guitarras<\/p><\/div>\n<p>&nbsp;<\/p>\n","protected":false},"excerpt":{"rendered":"<p><strong><em>Francisco Javier Cha\u00edn.-<\/em><\/strong>La Universidad Veracruzana (UV), a trav\u00e9s de la Coordinaci\u00f3n Regional de Difusi\u00f3n Cultural, a cargo de Yolanda C\u00e1rdenas Mart\u00ednez, lleva a cabo el XII Festival de Artes Esc\u00e9nicas de la regi\u00f3n de Orizaba-C\u00f3rdoba, cuyo programa incluye una serie de puestas en escena y conciertos did\u00e1cticos de guitarra en las distintas facultades, los cuales se desarrollan desde el 6 y hasta el 16 de noviembre en distintas sedes.<\/p>\n","protected":false},"author":1810,"featured_media":36468,"comment_status":"closed","ping_status":"closed","sticky":false,"template":"","format":"standard","meta":{"footnotes":""},"categories":[32],"tags":[33],"class_list":["post-36455","post","type-post","status-publish","format-standard","has-post-thumbnail","hentry","category-regiones","tag-regiones"],"_links":{"self":[{"href":"https:\/\/www.uv.mx\/prensa\/wp-json\/wp\/v2\/posts\/36455","targetHints":{"allow":["GET"]}}],"collection":[{"href":"https:\/\/www.uv.mx\/prensa\/wp-json\/wp\/v2\/posts"}],"about":[{"href":"https:\/\/www.uv.mx\/prensa\/wp-json\/wp\/v2\/types\/post"}],"author":[{"embeddable":true,"href":"https:\/\/www.uv.mx\/prensa\/wp-json\/wp\/v2\/users\/1810"}],"replies":[{"embeddable":true,"href":"https:\/\/www.uv.mx\/prensa\/wp-json\/wp\/v2\/comments?post=36455"}],"version-history":[{"count":0,"href":"https:\/\/www.uv.mx\/prensa\/wp-json\/wp\/v2\/posts\/36455\/revisions"}],"wp:featuredmedia":[{"embeddable":true,"href":"https:\/\/www.uv.mx\/prensa\/wp-json\/wp\/v2\/media\/36468"}],"wp:attachment":[{"href":"https:\/\/www.uv.mx\/prensa\/wp-json\/wp\/v2\/media?parent=36455"}],"wp:term":[{"taxonomy":"category","embeddable":true,"href":"https:\/\/www.uv.mx\/prensa\/wp-json\/wp\/v2\/categories?post=36455"},{"taxonomy":"post_tag","embeddable":true,"href":"https:\/\/www.uv.mx\/prensa\/wp-json\/wp\/v2\/tags?post=36455"}],"curies":[{"name":"wp","href":"https:\/\/api.w.org\/{rel}","templated":true}]}}