{"id":36221,"date":"2017-11-09T16:04:12","date_gmt":"2017-11-09T22:04:12","guid":{"rendered":"https:\/\/www.uv.mx\/prensa\/?p=36221"},"modified":"2017-11-09T16:04:12","modified_gmt":"2017-11-09T22:04:12","slug":"festival-deportivo-uv-retoma-actividades-este-viernes","status":"publish","type":"post","link":"https:\/\/www.uv.mx\/prensa\/deportes\/festival-deportivo-uv-retoma-actividades-este-viernes\/","title":{"rendered":"Festival Deportivo UV retoma actividades este viernes"},"content":{"rendered":"<ul>\n<li><i><em>En su \u00faltima etapa, con actividad en atletismo, judo, karate do y taekwondo<\/em><\/i><\/li>\n<\/ul>\n<p>&nbsp;<\/p>\n<p>&nbsp;<\/p>\n<div id=\"attachment_36224\" style=\"width: 732px\" class=\"wp-caption aligncenter\"><a href=\"https:\/\/www.uv.mx\/prensa\/files\/2017\/11\/091117.-Festival-ok.jpg\"><img loading=\"lazy\" decoding=\"async\" aria-describedby=\"caption-attachment-36224\" class=\"size-full wp-image-36224\" src=\"https:\/\/www.uv.mx\/prensa\/files\/2017\/11\/091117.-Festival-ok.jpg\" alt=\"\" width=\"722\" height=\"449\" srcset=\"https:\/\/www.uv.mx\/prensa\/files\/2017\/11\/091117.-Festival-ok.jpg 722w, https:\/\/www.uv.mx\/prensa\/files\/2017\/11\/091117.-Festival-ok-300x187.jpg 300w\" sizes=\"auto, (max-width: 722px) 100vw, 722px\" \/><\/a><p id=\"caption-attachment-36224\" class=\"wp-caption-text\">Competir\u00e1n los mejores deportistas universitarios-OK<\/p><\/div>\n<p>&nbsp;<\/p>\n<p><strong><em>Santiago Morales Ortiz<\/em><\/strong><\/p>\n<p>&nbsp;<\/p>\n<p><strong><em>09\/11\/2017, Xalapa, Ver.-<\/em><\/strong> Con actividad en los deportes de atletismo, judo, karate do y taekwondo, el viernes 10 de noviembre se llevar\u00e1 a cabo la \u00faltima etapa del Festival Deportivo de la Universidad Veracruzana (UV), en instalaciones deportivas del <em>campus<\/em> Xalapa.<\/p>\n<p>Participar\u00e1n los mejores deportistas de las cinco regiones de esta casa de estudio: Coatzacoalcos-Minatitl\u00e1n, Poza Rica-Tuxpan, Orizaba-C\u00f3rdoba, Veracruz y Xalapa.<\/p>\n<p>De acuerdo con el programa de actividades, las pruebas de pista y campo del atletismo se desarrollar\u00e1n en el Estadio Xalape\u00f1o \u201cHeriberto Jara Corona\u201d, a partir de las 7:00 horas.<\/p>\n<p>En el Gimnasio Universitario \u201cMiguel \u00c1ngel R\u00edos Torres\u201d y sus salas anexas, a partir de las 10:30 horas, tendr\u00e1n lugar las competencias de karate do, taekwondo y judo.<\/p>\n<p><strong>Beisbol y voleibol playero<\/strong><\/p>\n<p>Dentro de los juegos pendientes de la primera parte del Festival Deportivo Universitario, la Selecci\u00f3n de Beisbol de Veracruz se coron\u00f3 campe\u00f3n tras derrotar en la final al <em>campus<\/em> Xalapa.<\/p>\n<p>En voleibol playero, los campeones fueron Veracruz en la rama femenil, y Coatzacoalcos-Minatitl\u00e1n en la varonil.<\/p>\n","protected":false},"excerpt":{"rendered":"<p><strong><em> Santiago Morales Ortiz.-<\/em><\/strong> Con actividad en los deportes de atletismo, judo, karate do y taekwondo, el viernes 10 de noviembre se llevar\u00e1 a cabo la \u00faltima etapa del Festival Deportivo de la Universidad Veracruzana (UV), en instalaciones deportivas del campus Xalapa.<\/p>\n","protected":false},"author":1809,"featured_media":36222,"comment_status":"closed","ping_status":"closed","sticky":false,"template":"","format":"standard","meta":{"footnotes":""},"categories":[12],"tags":[],"class_list":["post-36221","post","type-post","status-publish","format-standard","has-post-thumbnail","hentry","category-deportes"],"_links":{"self":[{"href":"https:\/\/www.uv.mx\/prensa\/wp-json\/wp\/v2\/posts\/36221","targetHints":{"allow":["GET"]}}],"collection":[{"href":"https:\/\/www.uv.mx\/prensa\/wp-json\/wp\/v2\/posts"}],"about":[{"href":"https:\/\/www.uv.mx\/prensa\/wp-json\/wp\/v2\/types\/post"}],"author":[{"embeddable":true,"href":"https:\/\/www.uv.mx\/prensa\/wp-json\/wp\/v2\/users\/1809"}],"replies":[{"embeddable":true,"href":"https:\/\/www.uv.mx\/prensa\/wp-json\/wp\/v2\/comments?post=36221"}],"version-history":[{"count":0,"href":"https:\/\/www.uv.mx\/prensa\/wp-json\/wp\/v2\/posts\/36221\/revisions"}],"wp:featuredmedia":[{"embeddable":true,"href":"https:\/\/www.uv.mx\/prensa\/wp-json\/wp\/v2\/media\/36222"}],"wp:attachment":[{"href":"https:\/\/www.uv.mx\/prensa\/wp-json\/wp\/v2\/media?parent=36221"}],"wp:term":[{"taxonomy":"category","embeddable":true,"href":"https:\/\/www.uv.mx\/prensa\/wp-json\/wp\/v2\/categories?post=36221"},{"taxonomy":"post_tag","embeddable":true,"href":"https:\/\/www.uv.mx\/prensa\/wp-json\/wp\/v2\/tags?post=36221"}],"curies":[{"name":"wp","href":"https:\/\/api.w.org\/{rel}","templated":true}]}}