{"id":36207,"date":"2017-11-09T14:50:01","date_gmt":"2017-11-09T20:50:01","guid":{"rendered":"https:\/\/www.uv.mx\/prensa\/?p=36207"},"modified":"2017-11-09T15:13:46","modified_gmt":"2017-11-09T21:13:46","slug":"arquitectura-realizara-2a-expo-construccion","status":"publish","type":"post","link":"https:\/\/www.uv.mx\/prensa\/general\/arquitectura-realizara-2a-expo-construccion\/","title":{"rendered":"Arquitectura realizar\u00e1 2\u00aa Expo Construcci\u00f3n"},"content":{"rendered":"<ul>\n<li><i><em>El evento reunir\u00e1 a importantes casas proveedoras de materiales del ramo de la edificaci\u00f3n<\/em><\/i><\/li>\n<li><em>Se busca incentivar el ramo de la construcci\u00f3n a nivel local<\/em><\/li>\n<\/ul>\n<p>&nbsp;<\/p>\n<div id=\"attachment_36208\" style=\"width: 732px\" class=\"wp-caption aligncenter\"><a href=\"https:\/\/www.uv.mx\/prensa\/files\/2017\/11\/091117.-Expo-construccion-1-ok.jpg\"><img loading=\"lazy\" decoding=\"async\" aria-describedby=\"caption-attachment-36208\" class=\"size-full wp-image-36208\" src=\"https:\/\/www.uv.mx\/prensa\/files\/2017\/11\/091117.-Expo-construccion-1-ok.jpg\" alt=\"\" width=\"722\" height=\"542\" srcset=\"https:\/\/www.uv.mx\/prensa\/files\/2017\/11\/091117.-Expo-construccion-1-ok.jpg 722w, https:\/\/www.uv.mx\/prensa\/files\/2017\/11\/091117.-Expo-construccion-1-ok-300x225.jpg 300w\" sizes=\"auto, (max-width: 722px) 100vw, 722px\" \/><\/a><p id=\"caption-attachment-36208\" class=\"wp-caption-text\">Participar\u00e1n 12 empresas regionales, nacionales e internacionales del \u00e1mbito de la construcci\u00f3n<\/p><\/div>\n<p>&nbsp;<\/p>\n<p><strong><em>Carlos Hugo Hermida Rosales<\/em><\/strong><\/p>\n<p>&nbsp;<\/p>\n<p><strong><em>09\/11\/2017, Xalapa, Ver.<\/em><\/strong> La Facultad de Arquitectura de la Universidad Veracruzana (UV) llevar\u00e1 a cabo del 13 al 15 de noviembre la 2\u00aa Expo Construcci\u00f3n FAUV 2017, evento que reunir\u00e1 a importantes casas proveedoras de materiales del ramo de la edificaci\u00f3n.<\/p>\n<p>La inauguraci\u00f3n ser\u00e1 el lunes 13 a las 9:30 horas en las instalaciones de la entidad acad\u00e9mica y los objetivos que persigue este evento son: fomentar el ramo de la construcci\u00f3n a nivel local, as\u00ed como mostrar a los estudiantes de arquitectura materiales y sistemas constructivos que pueden emplear en sus proyectos arquitect\u00f3nicos.<\/p>\n<p>&nbsp;<\/p>\n<div id=\"attachment_36209\" style=\"width: 732px\" class=\"wp-caption aligncenter\"><a href=\"https:\/\/www.uv.mx\/prensa\/files\/2017\/11\/091117.-programa-Expo-construccion-ok.jpg\"><img loading=\"lazy\" decoding=\"async\" aria-describedby=\"caption-attachment-36209\" class=\"size-full wp-image-36209\" src=\"https:\/\/www.uv.mx\/prensa\/files\/2017\/11\/091117.-programa-Expo-construccion-ok.jpg\" alt=\"\" width=\"722\" height=\"1083\" srcset=\"https:\/\/www.uv.mx\/prensa\/files\/2017\/11\/091117.-programa-Expo-construccion-ok.jpg 722w, https:\/\/www.uv.mx\/prensa\/files\/2017\/11\/091117.-programa-Expo-construccion-ok-200x300.jpg 200w, https:\/\/www.uv.mx\/prensa\/files\/2017\/11\/091117.-programa-Expo-construccion-ok-683x1024.jpg 683w\" sizes=\"auto, (max-width: 722px) 100vw, 722px\" \/><\/a><p id=\"caption-attachment-36209\" class=\"wp-caption-text\">Programa Expo construcci\u00f3n<\/p><\/div>\n<p>&nbsp;<\/p>\n<p>Esta edici\u00f3n contar\u00e1 con la participaci\u00f3n de 12 importantes empresas regionales, nacionales e internacionales, las cuales mostraron gran disposici\u00f3n en ser parte de este evento organizado por la UV.<\/p>\n<p>La 2\u00aa Expo Construcci\u00f3n FAUV 2017 est\u00e1 dirigida a estudiantes y docentes de la Facultad de Arquitectura, a la comunidad universitaria, profesionales de la construcci\u00f3n y p\u00fablico en general interesado en conocer y aprender sobre el \u00e1mbito de la edificaci\u00f3n.<\/p>\n<p>El programa completo del evento est\u00e1 disponible en la p\u00e1gina de <em>Facebook<\/em>: <a href=\"http:\/\/www.facebook.com\/fauv.oficial\">www.facebook.com\/fauv.oficial<\/a><\/p>\n","protected":false},"excerpt":{"rendered":"<p><strong><em> Carlos Hugo Hermida Rosales.-<\/em><\/strong> La Facultad de Arquitectura de la Universidad Veracruzana (UV) llevar\u00e1 a cabo del 13 al 15 de noviembre la 2\u00aa Expo Construcci\u00f3n FAUV 2017, evento que reunir\u00e1 a importantes casas proveedoras de materiales del ramo de la edificaci\u00f3n.<\/p>\n","protected":false},"author":1809,"featured_media":36210,"comment_status":"closed","ping_status":"closed","sticky":false,"template":"","format":"standard","meta":{"footnotes":""},"categories":[1],"tags":[],"class_list":["post-36207","post","type-post","status-publish","format-standard","has-post-thumbnail","hentry","category-general"],"_links":{"self":[{"href":"https:\/\/www.uv.mx\/prensa\/wp-json\/wp\/v2\/posts\/36207","targetHints":{"allow":["GET"]}}],"collection":[{"href":"https:\/\/www.uv.mx\/prensa\/wp-json\/wp\/v2\/posts"}],"about":[{"href":"https:\/\/www.uv.mx\/prensa\/wp-json\/wp\/v2\/types\/post"}],"author":[{"embeddable":true,"href":"https:\/\/www.uv.mx\/prensa\/wp-json\/wp\/v2\/users\/1809"}],"replies":[{"embeddable":true,"href":"https:\/\/www.uv.mx\/prensa\/wp-json\/wp\/v2\/comments?post=36207"}],"version-history":[{"count":0,"href":"https:\/\/www.uv.mx\/prensa\/wp-json\/wp\/v2\/posts\/36207\/revisions"}],"wp:featuredmedia":[{"embeddable":true,"href":"https:\/\/www.uv.mx\/prensa\/wp-json\/wp\/v2\/media\/36210"}],"wp:attachment":[{"href":"https:\/\/www.uv.mx\/prensa\/wp-json\/wp\/v2\/media?parent=36207"}],"wp:term":[{"taxonomy":"category","embeddable":true,"href":"https:\/\/www.uv.mx\/prensa\/wp-json\/wp\/v2\/categories?post=36207"},{"taxonomy":"post_tag","embeddable":true,"href":"https:\/\/www.uv.mx\/prensa\/wp-json\/wp\/v2\/tags?post=36207"}],"curies":[{"name":"wp","href":"https:\/\/api.w.org\/{rel}","templated":true}]}}