{"id":36167,"date":"2017-11-09T14:29:31","date_gmt":"2017-11-09T20:29:31","guid":{"rendered":"https:\/\/www.uv.mx\/prensa\/?p=36167"},"modified":"2017-11-09T14:29:31","modified_gmt":"2017-11-09T20:29:31","slug":"el-auditor-y-la-auditoria-elementos-claves-dentro-del-sistema-anticorrupcion-rectora","status":"publish","type":"post","link":"https:\/\/www.uv.mx\/prensa\/general\/el-auditor-y-la-auditoria-elementos-claves-dentro-del-sistema-anticorrupcion-rectora\/","title":{"rendered":"El auditor y la auditor\u00eda, elementos claves dentro del sistema anticorrupci\u00f3n: Rectora"},"content":{"rendered":"<ul>\n<li><em>Sara Ladr\u00f3n de Guevara inaugur\u00f3 el II Congreso Internacional de Maestr\u00eda en Auditor\u00eda de esta casa de estudio<\/em><\/li>\n<li><em>El titular del Orfis, Lorenzo Antonio Portilla, reconoci\u00f3 a la UV como promotora de la auditor\u00eda vista como eje transformador de empresas y del gobierno<\/em><\/li>\n<\/ul>\n<p>&nbsp;<\/p>\n<div id=\"attachment_36175\" style=\"width: 732px\" class=\"wp-caption aligncenter\"><a href=\"https:\/\/www.uv.mx\/prensa\/files\/2017\/11\/091117-Maestria-Auditoria-1-ok-ok.jpg\"><img loading=\"lazy\" decoding=\"async\" aria-describedby=\"caption-attachment-36175\" class=\"size-full wp-image-36175\" src=\"https:\/\/www.uv.mx\/prensa\/files\/2017\/11\/091117-Maestria-Auditoria-1-ok-ok.jpg\" alt=\"\" width=\"722\" height=\"383\" srcset=\"https:\/\/www.uv.mx\/prensa\/files\/2017\/11\/091117-Maestria-Auditoria-1-ok-ok.jpg 722w, https:\/\/www.uv.mx\/prensa\/files\/2017\/11\/091117-Maestria-Auditoria-1-ok-ok-300x159.jpg 300w\" sizes=\"auto, (max-width: 722px) 100vw, 722px\" \/><\/a><p id=\"caption-attachment-36175\" class=\"wp-caption-text\">La rectora Sara Ladr\u00f3n de Guevara inaugur\u00f3 el II Congreso Internacional de la Maestr\u00eda en Auditor\u00eda<\/p><\/div>\n<p>&nbsp;<\/p>\n<p><strong><em>Jos\u00e9 Luis <\/em><\/strong><strong><em>Couttolenc<\/em><\/strong><strong><em> Soto<\/em><\/strong><\/p>\n<p>&nbsp;<\/p>\n<p><strong><em>09\/11\/2017, Xalapa, Ver.- <\/em><\/strong>El auditor y la auditor\u00eda est\u00e1n llamados a jugar un papel clave dentro del sistema anticorrupci\u00f3n porque el ejercicio de esta pr\u00e1ctica profesional conlleva una alta responsabilidad social, por ello debe realizarse con la honradez y eficacia que la sociedad demanda para conocer la verdad de los hechos.<\/p>\n<p>As\u00ed lo se\u00f1al\u00f3 la rectora de la Universidad Veracruzana (UV), Sara Ladr\u00f3n de Guevara, al inaugurar el jueves 9 de noviembre el II Congreso Internacional de la Maestr\u00eda en Auditor\u00eda que ofrece la Facultad de Contadur\u00eda y Administraci\u00f3n de esta casa de estudio, evento que durante dos d\u00edas congregar\u00e1 a expertos en la materia que transmitir\u00e1n sus experiencias para enriquecer el conocimiento de los alumnos de esta entidad universitaria.<\/p>\n<p>Ante estudiantes de la disciplina, la Rectora expres\u00f3 su satisfacci\u00f3n pues dijo que ser\u00e1n las nuevas generaciones las que ayuden a mejorar las condiciones en todo lo relacionado con los temas de rendici\u00f3n de cuentas, en ello las auditor\u00edas son importantes para abatir la corrupci\u00f3n que tanto ha da\u00f1ado a la sociedad.<\/p>\n<p>Anunci\u00f3 que invitada por el Instituto Nacional de Transparencia, Acceso a la Informaci\u00f3n y Protecci\u00f3n de Datos Personales (INAI), participar\u00e1 en un foro que se realizar\u00e1 en la Ciudad de M\u00e9xico, en el que presentar\u00e1 un trabajo sobre los avances que la UV tiene en esta materia \u2500que desde 2007 asumi\u00f3 como parte de su quehacer cotidiano\u2500, pues es pionera en este trascendental terreno.<\/p>\n<p>&nbsp;<\/p>\n<div id=\"attachment_36176\" style=\"width: 732px\" class=\"wp-caption aligncenter\"><a href=\"https:\/\/www.uv.mx\/prensa\/files\/2017\/11\/091117-Maestria-Auditoria-2-ok-ok.jpg\"><img loading=\"lazy\" decoding=\"async\" aria-describedby=\"caption-attachment-36176\" class=\"size-full wp-image-36176\" src=\"https:\/\/www.uv.mx\/prensa\/files\/2017\/11\/091117-Maestria-Auditoria-2-ok-ok.jpg\" alt=\"\" width=\"722\" height=\"482\" srcset=\"https:\/\/www.uv.mx\/prensa\/files\/2017\/11\/091117-Maestria-Auditoria-2-ok-ok.jpg 722w, https:\/\/www.uv.mx\/prensa\/files\/2017\/11\/091117-Maestria-Auditoria-2-ok-ok-300x200.jpg 300w\" sizes=\"auto, (max-width: 722px) 100vw, 722px\" \/><\/a><p id=\"caption-attachment-36176\" class=\"wp-caption-text\">Alumnos de la UV en la apertura del evento<\/p><\/div>\n<p>&nbsp;<\/p>\n<p>Dijo que el II Congreso Internacional de la Maestr\u00eda en Auditor\u00eda se inscribe precisamente en este marco, porque la transparencia, el acceso a la informaci\u00f3n y la auditor\u00eda est\u00e1n llamados a consolidar el sistema anticorrupci\u00f3n del que hac\u00eda referencia.<\/p>\n<p>Por su parte, el titular del \u00d3rgano de Fiscalizaci\u00f3n Superior del Estado de Veracruz (<em>Orfis<\/em>), Lorenzo Antonio Portilla V\u00e1zquez, reconoci\u00f3 a la UV como promotora de la auditor\u00eda vista como eje transformador de empresas y del gobierno, al tiempo que hizo un llamado a quienes se desempe\u00f1an dentro de esta actividad para que la realicen con \u00e9tica y apego a la legalidad.<\/p>\n<p>Durante los dos d\u00edas de actividades del congreso, que se desarrolla en conocido hotel del centro de Xalapa, habr\u00e1 conferencias a cargo de expertos en auditor\u00eda, as\u00ed como mesas de trabajo para intercambiar experiencias.<\/p>\n<p>En la apertura de los trabajos estuvieron presentes: Salvador Tapia Spinoso, secretario de Administraci\u00f3n y Finanzas; Liliana Betancourt Trevedhan, directora general del \u00c1rea Acad\u00e9mica Econ\u00f3mico-Administrativa; Jer\u00f3nimo Ric\u00e1rdez Jim\u00e9nez, director de la Facultad de Contadur\u00eda y Administraci\u00f3n, y Luis Arturo Contreras Dur\u00e1n, coordinador de la Maestr\u00eda en Auditor\u00eda.<\/p>\n<p>Adem\u00e1s, Adri\u00e1n Viccon Basto, de la Secretar\u00eda de Finanzas y Planeaci\u00f3n del Gobierno del Estado; Arturo Delgado \u00c1vila, de la Contralor\u00eda General, y Amparo \u00c1lvarez Castilla, secretaria del Ayuntamiento de Xalapa.<\/p>\n","protected":false},"excerpt":{"rendered":"<p><strong><em>Jos\u00e9 Luis Couttolenc .-<\/em><\/strong>El auditor y la auditor\u00eda est\u00e1n llamados a jugar un papel clave dentro del sistema anticorrupci\u00f3n porque el ejercicio de esta pr\u00e1ctica profesional conlleva una alta responsabilidad social, por ello debe realizarse con la honradez y eficacia que la sociedad demanda para conocer la verdad de los hechos.<\/p>\n","protected":false},"author":1810,"featured_media":36187,"comment_status":"closed","ping_status":"closed","sticky":false,"template":"","format":"standard","meta":{"footnotes":""},"categories":[1],"tags":[2],"class_list":["post-36167","post","type-post","status-publish","format-standard","has-post-thumbnail","hentry","category-general","tag-principal"],"_links":{"self":[{"href":"https:\/\/www.uv.mx\/prensa\/wp-json\/wp\/v2\/posts\/36167","targetHints":{"allow":["GET"]}}],"collection":[{"href":"https:\/\/www.uv.mx\/prensa\/wp-json\/wp\/v2\/posts"}],"about":[{"href":"https:\/\/www.uv.mx\/prensa\/wp-json\/wp\/v2\/types\/post"}],"author":[{"embeddable":true,"href":"https:\/\/www.uv.mx\/prensa\/wp-json\/wp\/v2\/users\/1810"}],"replies":[{"embeddable":true,"href":"https:\/\/www.uv.mx\/prensa\/wp-json\/wp\/v2\/comments?post=36167"}],"version-history":[{"count":0,"href":"https:\/\/www.uv.mx\/prensa\/wp-json\/wp\/v2\/posts\/36167\/revisions"}],"wp:featuredmedia":[{"embeddable":true,"href":"https:\/\/www.uv.mx\/prensa\/wp-json\/wp\/v2\/media\/36187"}],"wp:attachment":[{"href":"https:\/\/www.uv.mx\/prensa\/wp-json\/wp\/v2\/media?parent=36167"}],"wp:term":[{"taxonomy":"category","embeddable":true,"href":"https:\/\/www.uv.mx\/prensa\/wp-json\/wp\/v2\/categories?post=36167"},{"taxonomy":"post_tag","embeddable":true,"href":"https:\/\/www.uv.mx\/prensa\/wp-json\/wp\/v2\/tags?post=36167"}],"curies":[{"name":"wp","href":"https:\/\/api.w.org\/{rel}","templated":true}]}}