{"id":36104,"date":"2017-11-08T15:39:15","date_gmt":"2017-11-08T21:39:15","guid":{"rendered":"https:\/\/www.uv.mx\/prensa\/?p=36104"},"modified":"2017-11-08T15:39:15","modified_gmt":"2017-11-08T21:39:15","slug":"halcones-subcampeon-en-la-liga-mayor-de-la-onefa","status":"publish","type":"post","link":"https:\/\/www.uv.mx\/prensa\/deportes\/halcones-subcampeon-en-la-liga-mayor-de-la-onefa\/","title":{"rendered":"Halcones, subcampe\u00f3n en la Liga Mayor de la ONEFA"},"content":{"rendered":"<ul>\n<li><i><em>El entrenador Marco Murrieta destac\u00f3 la excelente temporada del conjunto de la UV<\/em><\/i><\/li>\n<\/ul>\n<div id=\"attachment_36108\" style=\"width: 732px\" class=\"wp-caption aligncenter\"><a href=\"https:\/\/www.uv.mx\/prensa\/files\/2017\/11\/081117.-Halcones-subcampeon-1-ok.jpg\"><img loading=\"lazy\" decoding=\"async\" aria-describedby=\"caption-attachment-36108\" class=\"size-full wp-image-36108\" src=\"https:\/\/www.uv.mx\/prensa\/files\/2017\/11\/081117.-Halcones-subcampeon-1-ok.jpg\" alt=\"\" width=\"722\" height=\"481\" srcset=\"https:\/\/www.uv.mx\/prensa\/files\/2017\/11\/081117.-Halcones-subcampeon-1-ok.jpg 722w, https:\/\/www.uv.mx\/prensa\/files\/2017\/11\/081117.-Halcones-subcampeon-1-ok-300x200.jpg 300w\" sizes=\"auto, (max-width: 722px) 100vw, 722px\" \/><\/a><p id=\"caption-attachment-36108\" class=\"wp-caption-text\">La final entre Halcones UV y la UAT-Victoria estuvo re\u00f1ida<\/p><\/div>\n<p>&nbsp;<\/p>\n<p><strong><em>Santiago Morales Ortiz<\/em><\/strong><\/p>\n<p>&nbsp;<\/p>\n<p><strong><em>08\/11\/2017, Xalapa, Ver.-<\/em><\/strong> Los <em>Halcones<\/em> de la Universidad Veracruzana (UV) lograron el subcampeonato de la Liga Mayor de la Organizaci\u00f3n Nacional Estudiantil de Futbol Americano (ONEFA), algo hist\u00f3rico en esta disciplina dentro del deporte de Veracruz.<\/p>\n<p>La final como visitantes ante la Universidad Aut\u00f3noma de Tamaulipas (UAT) Campus Victoria se decidi\u00f3 con marcador de 17-6 y coloc\u00f3 a los <em>Halcones<\/em> en esta posici\u00f3n, la mejor que haya obtenido un conjunto veracruzano a nivel nacional.<\/p>\n<p>Al respecto, el entrenador de la l\u00ednea ofensiva de los <em>Halcones<\/em>, Marco Murrieta Alarc\u00f3n, destac\u00f3 que se hizo una buena temporada: \u201cEs algo que no se hab\u00eda logrado en la UV ni en el estado de Veracruz, ning\u00fan equipo de Liga Mayor hab\u00eda disputado una final nacional\u201d.<\/p>\n<p>Coment\u00f3 que en cuanto a triunfos, fue el mejor a\u00f1o para la UV con seis victorias por tres derrotas, pues el a\u00f1o pasado s\u00f3lo fueron dos. \u201cAhora tuvimos la capacidad de trabajar mejor y de llevar al equipo hasta la final, como segundo lugar de la Conferencia Roja\u201d.<\/p>\n<p>&nbsp;<\/p>\n<p>&nbsp;<\/p>\n<div id=\"attachment_36109\" style=\"width: 732px\" class=\"wp-caption aligncenter\"><a href=\"https:\/\/www.uv.mx\/prensa\/files\/2017\/11\/081117.-Halcones-subcampeon-2-ok.jpg\"><img loading=\"lazy\" decoding=\"async\" aria-describedby=\"caption-attachment-36109\" class=\"size-full wp-image-36109\" src=\"https:\/\/www.uv.mx\/prensa\/files\/2017\/11\/081117.-Halcones-subcampeon-2-ok.jpg\" alt=\"\" width=\"722\" height=\"549\" srcset=\"https:\/\/www.uv.mx\/prensa\/files\/2017\/11\/081117.-Halcones-subcampeon-2-ok.jpg 722w, https:\/\/www.uv.mx\/prensa\/files\/2017\/11\/081117.-Halcones-subcampeon-2-ok-300x228.jpg 300w\" sizes=\"auto, (max-width: 722px) 100vw, 722px\" \/><\/a><p id=\"caption-attachment-36109\" class=\"wp-caption-text\">Marco Murrieta, entrenador de l\u00ednea ofensiva de los Halcones UV<\/p><\/div>\n<p>&nbsp;<\/p>\n<p>Respecto al encuentro de la final ante la UAT-Victoria, el estratega se\u00f1al\u00f3 que fue muy cerrado, con tremenda batalla en todas las l\u00edneas.<\/p>\n<p>\u201cCometimos errores, en balones sueltos e intersecciones, que dieron la pauta para que el equipo contrario se fuera al frente y lograra la victoria. Conseguimos una anotaci\u00f3n que nos meti\u00f3 al juego, pero al final el duelo de defensivas impidi\u00f3 m\u00e1s anotaciones.\u201d<\/p>\n<p>Dijo que otro factor fue el clima, \u201cpues se jug\u00f3 con mucho calor, arriba de los 34 grados, pero eso no impidi\u00f3 que nuestros jugadores bajaran su desempe\u00f1o pues afect\u00f3 a ambos equipos\u201d.<\/p>\n<p>Por \u00faltimo, coment\u00f3 que ahora viene la planeaci\u00f3n de la pr\u00f3xima temporada: \u201cHay que evaluar y analizar lo que se hizo, ver con qu\u00e9 plantel vamos a contar pues nuestra intenci\u00f3n es que estemos nuevamente en la final, en busca de la corona\u201d.<\/p>\n","protected":false},"excerpt":{"rendered":"<p><strong><em> Santiago Morales Ortiz.-<\/em><\/strong> Los Halcones de la Universidad Veracruzana (UV) lograron el subcampeonato de la Liga Mayor de la Organizaci\u00f3n Nacional Estudiantil de Futbol Americano (ONEFA), algo hist\u00f3rico en esta disciplina dentro del deporte de Veracruz.<\/p>\n","protected":false},"author":1809,"featured_media":36105,"comment_status":"closed","ping_status":"closed","sticky":false,"template":"","format":"standard","meta":{"footnotes":""},"categories":[12],"tags":[],"class_list":["post-36104","post","type-post","status-publish","format-standard","has-post-thumbnail","hentry","category-deportes"],"_links":{"self":[{"href":"https:\/\/www.uv.mx\/prensa\/wp-json\/wp\/v2\/posts\/36104","targetHints":{"allow":["GET"]}}],"collection":[{"href":"https:\/\/www.uv.mx\/prensa\/wp-json\/wp\/v2\/posts"}],"about":[{"href":"https:\/\/www.uv.mx\/prensa\/wp-json\/wp\/v2\/types\/post"}],"author":[{"embeddable":true,"href":"https:\/\/www.uv.mx\/prensa\/wp-json\/wp\/v2\/users\/1809"}],"replies":[{"embeddable":true,"href":"https:\/\/www.uv.mx\/prensa\/wp-json\/wp\/v2\/comments?post=36104"}],"version-history":[{"count":0,"href":"https:\/\/www.uv.mx\/prensa\/wp-json\/wp\/v2\/posts\/36104\/revisions"}],"wp:featuredmedia":[{"embeddable":true,"href":"https:\/\/www.uv.mx\/prensa\/wp-json\/wp\/v2\/media\/36105"}],"wp:attachment":[{"href":"https:\/\/www.uv.mx\/prensa\/wp-json\/wp\/v2\/media?parent=36104"}],"wp:term":[{"taxonomy":"category","embeddable":true,"href":"https:\/\/www.uv.mx\/prensa\/wp-json\/wp\/v2\/categories?post=36104"},{"taxonomy":"post_tag","embeddable":true,"href":"https:\/\/www.uv.mx\/prensa\/wp-json\/wp\/v2\/tags?post=36104"}],"curies":[{"name":"wp","href":"https:\/\/api.w.org\/{rel}","templated":true}]}}