{"id":361,"date":"2015-06-10T13:19:58","date_gmt":"2015-06-10T18:19:58","guid":{"rendered":"https:\/\/www.uv.mx\/prensa\/?p=361"},"modified":"2015-06-10T13:19:58","modified_gmt":"2015-06-10T18:19:58","slug":"invitan-a-participar-en-simposio-sobre-investigacion-biomedica","status":"publish","type":"post","link":"https:\/\/www.uv.mx\/prensa\/general\/invitan-a-participar-en-simposio-sobre-investigacion-biomedica\/","title":{"rendered":"Invitan a participar en simposio sobre investigaci\u00f3n biom\u00e9dica"},"content":{"rendered":"<ul>\n<li><em>Del 23 al 25 de junio<\/em><\/li>\n<\/ul>\n<ul>\n<li><em>Tendr\u00e1 lugar en el Instituto de Salud P\u00fablica y la USBI, donde especialistas expondr\u00e1n acerca de investigaci\u00f3n biom\u00e9dica<\/em><\/li>\n<\/ul>\n<p>El cuerpo acad\u00e9mico Biomedicina Aplicada a la Salud P\u00fablica, del Instituto de Salud P\u00fablica (ISP) de la Universidad Veracruzana (UV), convoca a estudiantes, acad\u00e9micos y especialistas a participar en el Simposio \u201cFronteras de la investigaci\u00f3n biom\u00e9dica entre redes de cuerpos acad\u00e9micos\u201d, el cual se realizar\u00e1 del 23 al 25 de junio.<\/p>\n<p>El evento tendr\u00e1 lugar en dos sedes: el ISP, en el primer d\u00eda de actividades; y la Unidad de Servicios Bibliotecarios y de Informaci\u00f3n (USBI), los dos \u00faltimos d\u00edas.<\/p>\n<div id=\"attachment_362\" style=\"width: 310px\" class=\"wp-caption aligncenter\"><a href=\"https:\/\/www.uv.mx\/prensa\/files\/2015\/06\/simposio1-ok.jpg\"><img aria-describedby=\"caption-attachment-362\" decoding=\"async\" loading=\"lazy\" class=\"size-medium wp-image-362\" src=\"https:\/\/www.uv.mx\/prensa\/files\/2015\/06\/simposio1-ok-300x213.jpg\" alt=\"El Simposio \u201cFronteras de la investigaci\u00f3n biom\u00e9dica entre redes de cuerpos acad\u00e9micos\u201d, se realizar\u00e1 del 23 al 25 de junio.\" width=\"300\" height=\"213\" srcset=\"https:\/\/www.uv.mx\/prensa\/files\/2015\/06\/simposio1-ok-300x213.jpg 300w, https:\/\/www.uv.mx\/prensa\/files\/2015\/06\/simposio1-ok-1024x727.jpg 1024w\" sizes=\"(max-width: 300px) 100vw, 300px\" \/><\/a><p id=\"caption-attachment-362\" class=\"wp-caption-text\">El Simposio \u201cFronteras de la investigaci\u00f3n biom\u00e9dica entre redes de cuerpos acad\u00e9micos\u201d, se realizar\u00e1 del 23 al 25 de junio.<\/p><\/div>\n<p>La biomedicina no se relaciona con la pr\u00e1ctica de la medicina, sino que se aplica a todos los principios de las ciencias naturales en la pr\u00e1ctica cl\u00ednica, mediante la investigaci\u00f3n de los procesos fisiopatol\u00f3gicos y funcionamiento din\u00e1mico del organismo, a partir de metodolog\u00edas aplicadas a la biolog\u00eda, qu\u00edmica y f\u00edsica.<\/p>\n<p>De esta manera permite la creaci\u00f3n de nuevos f\u00e1rmacos, perfecciona el diagn\u00f3stico precoz de enfermedades y el tratamiento de \u00e9stas.<\/p>\n<p>Con la intenci\u00f3n de afianzar los conocimientos en el tema, en el simposio intervendr\u00e1n expertos del Instituto de Ciencias de la Salud, Centro de Investigaciones Cerebrales, Centro de Investigaciones Biom\u00e9dicas, Facultad de Ciencias Agr\u00edcolas, Instituto de Biotecnolog\u00eda y Ecolog\u00eda Aplicada, Instituto de Neuroetolog\u00eda, Unidad de Servicios de Apoyo en Resoluci\u00f3n Anal\u00edtica, de las Facultades de Biolog\u00eda, F\u00edsica e Inteligencia Artificial y Nutrici\u00f3n, todos de la UV, y la Universidad de Guadalajara.<\/p>\n<p>Entre los temas que ser\u00e1n abordados se encuentran: Investigaci\u00f3n biom\u00e9dica aplicada a las ciencias de la salud; Neuroqu\u00edmica; Biodiversidad y manejo de los recursos naturales; Biolog\u00eda molecular y celular.<\/p>\n<p>Durante los tres d\u00edas de duraci\u00f3n del simposio, tambi\u00e9n destaca la exposici\u00f3n sobre Biotecnolog\u00eda aplicada a la ecolog\u00eda y sanidad vegetal; Neuroetolog\u00eda; Neurofisiolog\u00eda; Qu\u00edmica biorg\u00e1nica; Qu\u00edmica y propiedades biol\u00f3gicas de productos naturales; Biolog\u00eda de la salud; Investigaci\u00f3n y aplicaciones de la inteligencia artificial; Nutrici\u00f3n, salud y educaci\u00f3n; Enfermedades degenerativas; Genotoxicidad y alimentaci\u00f3n.<\/p>\n<p>Mayor informaci\u00f3n en: <a href=\"https:\/\/www.uv.mx\/msp\/general\/simposio\">https:\/\/www.uv.mx\/msp\/general\/simposio<\/a> fronteras de la investigacion biomedica entre redes de cuerpos academicos\/<\/p>\n","protected":false},"excerpt":{"rendered":"<p>Del 23 al 25 de junio Tendr\u00e1 lugar en el Instituto de Salud P\u00fablica y la USBI, donde especialistas expondr\u00e1n acerca de investigaci\u00f3n biom\u00e9dica El cuerpo acad\u00e9mico Biomedicina Aplicada a la Salud [&hellip;]<\/p>\n","protected":false},"author":1809,"featured_media":362,"comment_status":"closed","ping_status":"closed","sticky":false,"template":"","format":"standard","meta":[],"categories":[1],"tags":[3],"_links":{"self":[{"href":"https:\/\/www.uv.mx\/prensa\/wp-json\/wp\/v2\/posts\/361"}],"collection":[{"href":"https:\/\/www.uv.mx\/prensa\/wp-json\/wp\/v2\/posts"}],"about":[{"href":"https:\/\/www.uv.mx\/prensa\/wp-json\/wp\/v2\/types\/post"}],"author":[{"embeddable":true,"href":"https:\/\/www.uv.mx\/prensa\/wp-json\/wp\/v2\/users\/1809"}],"replies":[{"embeddable":true,"href":"https:\/\/www.uv.mx\/prensa\/wp-json\/wp\/v2\/comments?post=361"}],"version-history":[{"count":0,"href":"https:\/\/www.uv.mx\/prensa\/wp-json\/wp\/v2\/posts\/361\/revisions"}],"wp:featuredmedia":[{"embeddable":true,"href":"https:\/\/www.uv.mx\/prensa\/wp-json\/wp\/v2\/media\/362"}],"wp:attachment":[{"href":"https:\/\/www.uv.mx\/prensa\/wp-json\/wp\/v2\/media?parent=361"}],"wp:term":[{"taxonomy":"category","embeddable":true,"href":"https:\/\/www.uv.mx\/prensa\/wp-json\/wp\/v2\/categories?post=361"},{"taxonomy":"post_tag","embeddable":true,"href":"https:\/\/www.uv.mx\/prensa\/wp-json\/wp\/v2\/tags?post=361"}],"curies":[{"name":"wp","href":"https:\/\/api.w.org\/{rel}","templated":true}]}}