{"id":35913,"date":"2017-11-07T14:02:57","date_gmt":"2017-11-07T20:02:57","guid":{"rendered":"https:\/\/www.uv.mx\/prensa\/?p=35913"},"modified":"2017-11-07T14:04:51","modified_gmt":"2017-11-07T20:04:51","slug":"uv-entrego-apoyo-al-cecan","status":"publish","type":"post","link":"https:\/\/www.uv.mx\/prensa\/deportes\/uv-entrego-apoyo-al-cecan\/","title":{"rendered":"UV entreg\u00f3 apoyo al Cecan"},"content":{"rendered":"<ul>\n<li><i><em>Los participantes de la Carrera Mu\u00e9velas, organizada por <\/em><em>la Facultad de Nutrici\u00f3n,<\/em><em> donaron <\/em><em>599 complementos alimenticios<\/em><\/i><\/li>\n<\/ul>\n<p>&nbsp;<\/p>\n<div id=\"attachment_35914\" style=\"width: 732px\" class=\"wp-caption aligncenter\"><a href=\"https:\/\/www.uv.mx\/prensa\/files\/2017\/11\/071117.-Carrera-ok.jpg\"><img loading=\"lazy\" decoding=\"async\" aria-describedby=\"caption-attachment-35914\" class=\"size-full wp-image-35914\" src=\"https:\/\/www.uv.mx\/prensa\/files\/2017\/11\/071117.-Carrera-ok.jpg\" alt=\"\" width=\"722\" height=\"481\" srcset=\"https:\/\/www.uv.mx\/prensa\/files\/2017\/11\/071117.-Carrera-ok.jpg 722w, https:\/\/www.uv.mx\/prensa\/files\/2017\/11\/071117.-Carrera-ok-300x200.jpg 300w\" sizes=\"auto, (max-width: 722px) 100vw, 722px\" \/><\/a><p id=\"caption-attachment-35914\" class=\"wp-caption-text\">Ceremonia de entrega de apoyo al Cecan, por parte de autoridades de la Facultad de Nutrici\u00f3n<\/p><\/div>\n<p>&nbsp;<\/p>\n<p><strong><em>Santiago Morales Ortiz<\/em><\/strong><\/p>\n<p>&nbsp;<\/p>\n<p><strong><em>07\/11\/2017, Xalapa, Ver.-<\/em><\/strong> La versi\u00f3n 2017 de la Carrera Atl\u00e9tica Mu\u00e9velas, organizada por alumnos de la Facultad de Nutrici\u00f3n de la Universidad Veracruzana (UV), recaud\u00f3 599 complementos alimenticios que fueron entregados al Centro Estatal de Cancerolog\u00eda \u201cDr. Miguel Dorantes Mesa\u201d (<em>Cecan<\/em>) de esta ciudad.<\/p>\n<p>La justa atl\u00e9tica que se llev\u00f3 a cabo el domingo 22 de octubre en la Unidad Deportiva de la UV, con la participaci\u00f3n de 314 atletas, quienes compitieron en pruebas de 3, 5 y 10 kil\u00f3metros, as\u00ed como en la caminata recreativa, de acuerdo con lo informado por el comit\u00e9 organizador, en ceremonia celebrada en la Sala Magna de la Unidad de Ciencias de la Salud de la m\u00e1xima casa de estudio.<\/p>\n<p>Presidieron la entrega de apoyo Irma Patricia Polanco Medina, directora de la Facultad de Nutrici\u00f3n, y Ethel Zulie Jaimes Reyes, directora del <em>Cecan<\/em>, quienes reconocieron la labor de los estudiantes universitarios que por tercer a\u00f1o consecutivo organizaron el evento deportivo.<\/p>\n<p>Ethel Zulie destac\u00f3 la importancia de este tipo de apoyos de la sociedad ante la grave problem\u00e1tica que padece el <em>Cecan<\/em>.<\/p>\n<p>En la entrega estuvieron tambi\u00e9n Maribel Barradas Landa, directora de Actividades Deportivas de la UV; Krystal Gonz\u00e1lez Fajardo, secretaria Acad\u00e9mica de la Facultad de Nutrici\u00f3n, y Erick Hern\u00e1ndez Velasco, administrador de la Unidad de Ciencias de la Salud.<\/p>\n<p>Al final se entregaron reconocimientos a patrocinadores, voluntarios e integrantes del comit\u00e9 organizador de la carrera, integrado por: Aracely Aguilar Hern\u00e1ndez, Orlando Herrera Ruiz, Jos\u00e9 Bustamante Enr\u00edquez, Edson Hern\u00e1ndez Olaya, Iv\u00e1n Garc\u00eda Acosta y Alejandra Contreras Dom\u00ednguez.<\/p>\n<p>Se indic\u00f3 que ya se prepara la cuarta versi\u00f3n de la carrera que se correr\u00e1 en octubre de 2018, para seguir apoyando a las personas que padecen c\u00e1ncer.<\/p>\n","protected":false},"excerpt":{"rendered":"<p><strong><em> Santiago Morales Ortiz.-<\/em><\/strong> La versi\u00f3n 2017 de la Carrera Atl\u00e9tica Mu\u00e9velas, organizada por alumnos de la Facultad de Nutrici\u00f3n de la Universidad Veracruzana (UV), recaud\u00f3 599 complementos alimenticios que fueron entregados al Centro Estatal de Cancerolog\u00eda \u201cDr. Miguel Dorantes Mesa\u201d (Cecan) de esta ciudad.<\/p>\n","protected":false},"author":1809,"featured_media":35915,"comment_status":"closed","ping_status":"closed","sticky":false,"template":"","format":"standard","meta":{"footnotes":""},"categories":[12],"tags":[],"class_list":["post-35913","post","type-post","status-publish","format-standard","has-post-thumbnail","hentry","category-deportes"],"_links":{"self":[{"href":"https:\/\/www.uv.mx\/prensa\/wp-json\/wp\/v2\/posts\/35913","targetHints":{"allow":["GET"]}}],"collection":[{"href":"https:\/\/www.uv.mx\/prensa\/wp-json\/wp\/v2\/posts"}],"about":[{"href":"https:\/\/www.uv.mx\/prensa\/wp-json\/wp\/v2\/types\/post"}],"author":[{"embeddable":true,"href":"https:\/\/www.uv.mx\/prensa\/wp-json\/wp\/v2\/users\/1809"}],"replies":[{"embeddable":true,"href":"https:\/\/www.uv.mx\/prensa\/wp-json\/wp\/v2\/comments?post=35913"}],"version-history":[{"count":0,"href":"https:\/\/www.uv.mx\/prensa\/wp-json\/wp\/v2\/posts\/35913\/revisions"}],"wp:featuredmedia":[{"embeddable":true,"href":"https:\/\/www.uv.mx\/prensa\/wp-json\/wp\/v2\/media\/35915"}],"wp:attachment":[{"href":"https:\/\/www.uv.mx\/prensa\/wp-json\/wp\/v2\/media?parent=35913"}],"wp:term":[{"taxonomy":"category","embeddable":true,"href":"https:\/\/www.uv.mx\/prensa\/wp-json\/wp\/v2\/categories?post=35913"},{"taxonomy":"post_tag","embeddable":true,"href":"https:\/\/www.uv.mx\/prensa\/wp-json\/wp\/v2\/tags?post=35913"}],"curies":[{"name":"wp","href":"https:\/\/api.w.org\/{rel}","templated":true}]}}