{"id":35900,"date":"2017-11-07T13:10:49","date_gmt":"2017-11-07T19:10:49","guid":{"rendered":"https:\/\/www.uv.mx\/prensa\/?p=35900"},"modified":"2017-11-07T13:26:56","modified_gmt":"2017-11-07T19:26:56","slug":"derecho-uv-sede-de-foro-sobre-prevencion-de-secuestro-y-extorsion","status":"publish","type":"post","link":"https:\/\/www.uv.mx\/prensa\/general\/derecho-uv-sede-de-foro-sobre-prevencion-de-secuestro-y-extorsion\/","title":{"rendered":"Derecho UV, sede de foro sobre prevenci\u00f3n de secuestro y extorsi\u00f3n"},"content":{"rendered":"<ul>\n<li><i><em>El Foro \u201cMedidas de prevenci\u00f3n para la autoprotecci\u00f3n\u201d contar\u00e1 con especialistas de la Polic\u00eda Federal<\/em><\/i><\/li>\n<li><em>Tendr\u00e1 lugar el mi\u00e9rcoles 8 de noviembre a partir de las 9:00 horas en el Aula Magna \u201cGuillermo Ortiz Mayagoitia\u201d de la Facultad de Derecho<\/em><\/li>\n<\/ul>\n<p>&nbsp;<\/p>\n<div id=\"attachment_35905\" style=\"width: 732px\" class=\"wp-caption aligncenter\"><a href=\"https:\/\/www.uv.mx\/prensa\/files\/2017\/11\/071117.-Derecho-foro-prevencion-de-secuestro-y-extorsion-ok.jpg\"><img loading=\"lazy\" decoding=\"async\" aria-describedby=\"caption-attachment-35905\" class=\"size-full wp-image-35905\" src=\"https:\/\/www.uv.mx\/prensa\/files\/2017\/11\/071117.-Derecho-foro-prevencion-de-secuestro-y-extorsion-ok.jpg\" alt=\"\" width=\"722\" height=\"481\" srcset=\"https:\/\/www.uv.mx\/prensa\/files\/2017\/11\/071117.-Derecho-foro-prevencion-de-secuestro-y-extorsion-ok.jpg 722w, https:\/\/www.uv.mx\/prensa\/files\/2017\/11\/071117.-Derecho-foro-prevencion-de-secuestro-y-extorsion-ok-300x200.jpg 300w\" sizes=\"auto, (max-width: 722px) 100vw, 722px\" \/><\/a><p id=\"caption-attachment-35905\" class=\"wp-caption-text\">Christian Ochoa y Binisa Hern\u00e1ndez, integrantes del Fede de la Facultad de Derecho<\/p><\/div>\n<p>&nbsp;<\/p>\n<p><strong><em>David Sandoval Rodr\u00edguez<\/em><\/strong><\/p>\n<p>&nbsp;<\/p>\n<p><strong><em>07\/11\/2017, Xalapa, Ver.-<\/em><\/strong> La Universidad Veracruzana (UV) ser\u00e1 la primera universidad a nivel estatal que recibir\u00e1 el Foro \u201cMedidas de prevenci\u00f3n para la autoprotecci\u00f3n\u201d, cuya tem\u00e1tica principal se centrar\u00e1 en evitar los secuestros y las extorsiones en las comunidades universitarias.<\/p>\n<p>El evento se realizar\u00e1 el mi\u00e9rcoles 8 de noviembre de 9:00 a 11:00 horas en el Aula Magna \u201cGuillermo Ortiz Mayagoitia\u201d de la Facultad de Derecho y es organizado por la mesa directiva de estudiantes de esta entidad acad\u00e9mica, el grupo cultural Frente Democr\u00e1tico Estudiantil (<em>Fede<\/em>), la Coordinaci\u00f3n de Asuntos Estudiantiles y el Sistema Universitario de Gesti\u00f3n Integral del Riesgo (SUGIR), en coordinaci\u00f3n con Juliana Sarmiento Salcedo, encargada de Vinculaci\u00f3n Social de la Polic\u00eda Federal (PF), as\u00ed como la Secretar\u00eda T\u00e9cnica de la Secretar\u00eda de Gobierno de Veracruz.<\/p>\n<p>Christian Ochoa Z\u00e1rate y Binisa Hern\u00e1ndez, integrantes del grupo <em>Fede<\/em>, explicaron que la intenci\u00f3n del encuentro, en el que estar\u00e1n presentes expertos a nivel nacional de la PF, es dar a conocer a los estudiantes, acad\u00e9micos y trabajadores c\u00f3mo prevenir el secuestro y la extorsi\u00f3n, al igual que las medidas adecuadas para atender una situaci\u00f3n relativa.<\/p>\n<p>\u201cNos acercamos con el SUGIR para que la UV fuera la primera universidad en recibir este foro\u201d, explic\u00f3 Christian Ochoa; \u201chicimos tambi\u00e9n la vinculaci\u00f3n con la Coordinaci\u00f3n de Asuntos Estudiantiles y concretamos la realizaci\u00f3n del mismo\u201d.<\/p>\n<p>La UV, a trav\u00e9s del SUGIR, ha trabajado el tema de la seguridad y cuenta con protocolos de acci\u00f3n, agreg\u00f3 el universitario y se\u00f1al\u00f3 que este evento es una acci\u00f3n de prevenci\u00f3n que se suma a este marco institucional.<\/p>\n","protected":false},"excerpt":{"rendered":"<p><strong><em> David Sandoval Rodr\u00edguez.-<\/em><\/strong> La Universidad Veracruzana (UV) ser\u00e1 la primera universidad a nivel estatal que recibir\u00e1 el Foro \u201cMedidas de prevenci\u00f3n para la autoprotecci\u00f3n\u201d, cuya tem\u00e1tica principal se centrar\u00e1 en evitar los secuestros y las extorsiones en las comunidades universitarias.<\/p>\n","protected":false},"author":1809,"featured_media":35908,"comment_status":"closed","ping_status":"closed","sticky":false,"template":"","format":"standard","meta":{"footnotes":""},"categories":[1],"tags":[],"class_list":["post-35900","post","type-post","status-publish","format-standard","has-post-thumbnail","hentry","category-general"],"_links":{"self":[{"href":"https:\/\/www.uv.mx\/prensa\/wp-json\/wp\/v2\/posts\/35900","targetHints":{"allow":["GET"]}}],"collection":[{"href":"https:\/\/www.uv.mx\/prensa\/wp-json\/wp\/v2\/posts"}],"about":[{"href":"https:\/\/www.uv.mx\/prensa\/wp-json\/wp\/v2\/types\/post"}],"author":[{"embeddable":true,"href":"https:\/\/www.uv.mx\/prensa\/wp-json\/wp\/v2\/users\/1809"}],"replies":[{"embeddable":true,"href":"https:\/\/www.uv.mx\/prensa\/wp-json\/wp\/v2\/comments?post=35900"}],"version-history":[{"count":0,"href":"https:\/\/www.uv.mx\/prensa\/wp-json\/wp\/v2\/posts\/35900\/revisions"}],"wp:featuredmedia":[{"embeddable":true,"href":"https:\/\/www.uv.mx\/prensa\/wp-json\/wp\/v2\/media\/35908"}],"wp:attachment":[{"href":"https:\/\/www.uv.mx\/prensa\/wp-json\/wp\/v2\/media?parent=35900"}],"wp:term":[{"taxonomy":"category","embeddable":true,"href":"https:\/\/www.uv.mx\/prensa\/wp-json\/wp\/v2\/categories?post=35900"},{"taxonomy":"post_tag","embeddable":true,"href":"https:\/\/www.uv.mx\/prensa\/wp-json\/wp\/v2\/tags?post=35900"}],"curies":[{"name":"wp","href":"https:\/\/api.w.org\/{rel}","templated":true}]}}