{"id":35559,"date":"2017-11-03T10:52:11","date_gmt":"2017-11-03T16:52:11","guid":{"rendered":"https:\/\/www.uv.mx\/prensa\/?p=35559"},"modified":"2017-11-03T10:53:23","modified_gmt":"2017-11-03T16:53:23","slug":"uv-preserva-tradicion-de-dia-de-muertos","status":"publish","type":"post","link":"https:\/\/www.uv.mx\/prensa\/general\/uv-preserva-tradicion-de-dia-de-muertos\/","title":{"rendered":"UV preserva tradici\u00f3n de D\u00eda de Muertos"},"content":{"rendered":"<ul>\n<li><em>En la explanada de la Rector\u00eda fue instalado un altar en memoria de trabajadores fallecidos<\/em><\/li>\n<li><em>La rectora Sara Ladr\u00f3n de Guevara resalt\u00f3 la importancia de esta festividad que evoca el sentimiento<\/em><\/li>\n<\/ul>\n<p>&nbsp;<\/p>\n<div id=\"attachment_35565\" style=\"width: 732px\" class=\"wp-caption aligncenter\"><a href=\"https:\/\/www.uv.mx\/prensa\/files\/2017\/11\/031117.-Dia-de-muertos-UV-1-OK.jpg\"><img loading=\"lazy\" decoding=\"async\" aria-describedby=\"caption-attachment-35565\" class=\"size-full wp-image-35565\" src=\"https:\/\/www.uv.mx\/prensa\/files\/2017\/11\/031117.-Dia-de-muertos-UV-1-OK.jpg\" alt=\"\" width=\"722\" height=\"481\" srcset=\"https:\/\/www.uv.mx\/prensa\/files\/2017\/11\/031117.-Dia-de-muertos-UV-1-OK.jpg 722w, https:\/\/www.uv.mx\/prensa\/files\/2017\/11\/031117.-Dia-de-muertos-UV-1-OK-300x200.jpg 300w\" sizes=\"auto, (max-width: 722px) 100vw, 722px\" \/><\/a><p id=\"caption-attachment-35565\" class=\"wp-caption-text\">En la explanada de Rector\u00eda fue instalado un altar en memoria de los trabajadore0020s de la instituci\u00f3n ya fallecidos<\/p><\/div>\n<p>&nbsp;<\/p>\n<p><strong><em>Claudia Peralta V\u00e1zquez<\/em><\/strong><\/p>\n<p>&nbsp;<\/p>\n<p><strong><em>03\/11\/2017, Xalapa, Ver.- <\/em><\/strong>Como una forma de preservar nuestras costumbres y tradiciones, la Universidad Veracruzana (UV) convoc\u00f3 a autoridades y comunidad universitaria a participar en un festejo en el que se apreci\u00f3 la instalaci\u00f3n de un altar con motivo del D\u00eda de Muertos, en memoria de trabajadores y colaboradores fallecidos.<\/p>\n<p>En la explanada de Rector\u00eda, Sara Ladr\u00f3n de Guevara encabez\u00f3 este convivio en el que resalt\u00f3 el colorido de esta \u00e9poca del a\u00f1o que evoca memorias y sentimientos de amigos y familiares difuntos, y en la que la gente se deleita con los olores que llegan a trav\u00e9s de los sentidos.<\/p>\n<p>Habl\u00f3 de los deliciosos platillos que se degustan, de las formas de las canastas y flores que adornan el altar y se disfrutan por medio del tacto; de la m\u00fasica tradicional que llega a trav\u00e9s del o\u00eddo; de los colores que se aprecian mediante la vista, y los aromas que invaden el olfato. A esto, dijo, se le a\u00f1ade el sentimiento y los recuerdos que se tienen de los seres queridos.<\/p>\n<p>&nbsp;<\/p>\n<div id=\"attachment_35567\" style=\"width: 732px\" class=\"wp-caption aligncenter\"><a href=\"https:\/\/www.uv.mx\/prensa\/files\/2017\/11\/031117.-Dia-de-muertos-UV-2-OK.jpg\"><img loading=\"lazy\" decoding=\"async\" aria-describedby=\"caption-attachment-35567\" class=\"size-full wp-image-35567\" src=\"https:\/\/www.uv.mx\/prensa\/files\/2017\/11\/031117.-Dia-de-muertos-UV-2-OK.jpg\" alt=\"\" width=\"722\" height=\"481\" srcset=\"https:\/\/www.uv.mx\/prensa\/files\/2017\/11\/031117.-Dia-de-muertos-UV-2-OK.jpg 722w, https:\/\/www.uv.mx\/prensa\/files\/2017\/11\/031117.-Dia-de-muertos-UV-2-OK-300x200.jpg 300w\" sizes=\"auto, (max-width: 722px) 100vw, 722px\" \/><\/a><p id=\"caption-attachment-35567\" class=\"wp-caption-text\">Autoridades y comunidad universitarias compartieron en un festejo con motivo de D\u00eda de Muertos<\/p><\/div>\n<p>&nbsp;<\/p>\n<p>Tras admirar el altar de muertos que a partir de este a\u00f1o se institucionaliza al interior de la UV, y que adem\u00e1s fue decorado con fotograf\u00edas de los trabajadores difuntos, la Rectora los record\u00f3 como personas trabajadoras y comprometidas.<\/p>\n<p>Por ello, exhort\u00f3 a la comunidad universitaria a seguir su ejemplo y a continuar la labor de quienes nos antecedieron.<\/p>\n<p>Mar\u00eda Esther Hern\u00e1ndez Palacios, coordinadora de la Unidad de G\u00e9nero de la UV, dijo que el altar es una mezcla de las costumbres de los municipios de Xalapa y Naolinco, y su elaboraci\u00f3n correspondi\u00f3 a los trabajadores del \u00e1rea de Servicios Generales.<\/p>\n<p>Previo a la degustaci\u00f3n del tradicional pan y chocolate, algunos empleados dieron muestra de su creatividad y talento al leer calaveras alusivas a la UV y a algunos de sus compa\u00f1eros, quienes respondieron con aplausos.<\/p>\n<p>&nbsp;<\/p>\n","protected":false},"excerpt":{"rendered":"<p><strong><em>Claudia Peralta.-<\/em><\/strong>Como una forma de preservar nuestras costumbres y tradiciones, la Universidad Veracruzana (UV) convoc\u00f3 a autoridades y comunidad universitaria a participar en un festejo en el que se apreci\u00f3 la instalaci\u00f3n de un altar con motivo del D\u00eda de Muertos, en memoria de trabajadores y colaboradores fallecidos.<\/p>\n","protected":false},"author":1810,"featured_media":35564,"comment_status":"closed","ping_status":"closed","sticky":false,"template":"","format":"standard","meta":{"footnotes":""},"categories":[1],"tags":[],"class_list":["post-35559","post","type-post","status-publish","format-standard","has-post-thumbnail","hentry","category-general"],"_links":{"self":[{"href":"https:\/\/www.uv.mx\/prensa\/wp-json\/wp\/v2\/posts\/35559","targetHints":{"allow":["GET"]}}],"collection":[{"href":"https:\/\/www.uv.mx\/prensa\/wp-json\/wp\/v2\/posts"}],"about":[{"href":"https:\/\/www.uv.mx\/prensa\/wp-json\/wp\/v2\/types\/post"}],"author":[{"embeddable":true,"href":"https:\/\/www.uv.mx\/prensa\/wp-json\/wp\/v2\/users\/1810"}],"replies":[{"embeddable":true,"href":"https:\/\/www.uv.mx\/prensa\/wp-json\/wp\/v2\/comments?post=35559"}],"version-history":[{"count":0,"href":"https:\/\/www.uv.mx\/prensa\/wp-json\/wp\/v2\/posts\/35559\/revisions"}],"wp:featuredmedia":[{"embeddable":true,"href":"https:\/\/www.uv.mx\/prensa\/wp-json\/wp\/v2\/media\/35564"}],"wp:attachment":[{"href":"https:\/\/www.uv.mx\/prensa\/wp-json\/wp\/v2\/media?parent=35559"}],"wp:term":[{"taxonomy":"category","embeddable":true,"href":"https:\/\/www.uv.mx\/prensa\/wp-json\/wp\/v2\/categories?post=35559"},{"taxonomy":"post_tag","embeddable":true,"href":"https:\/\/www.uv.mx\/prensa\/wp-json\/wp\/v2\/tags?post=35559"}],"curies":[{"name":"wp","href":"https:\/\/api.w.org\/{rel}","templated":true}]}}