{"id":35386,"date":"2017-10-30T15:51:33","date_gmt":"2017-10-30T21:51:33","guid":{"rendered":"https:\/\/www.uv.mx\/prensa\/?p=35386"},"modified":"2017-10-30T15:53:51","modified_gmt":"2017-10-30T21:53:51","slug":"uv-y-concamin-impulsan-ideas-innovadoras","status":"publish","type":"post","link":"https:\/\/www.uv.mx\/prensa\/regiones\/uv-y-concamin-impulsan-ideas-innovadoras\/","title":{"rendered":"UV y Concamin impulsan ideas innovadoras"},"content":{"rendered":"<ul>\n<li><i><em>Firmaron convenio de colaboraci\u00f3n y lanzaron el programa \u201cC\u00e9lulas de innovaci\u00f3n Veracruz\u201d<\/em><\/i><\/li>\n<li><em>Estudiantes e integrantes de la iniciativa privada trabajar\u00e1n juntos para plantear soluciones a problemas o retos empresariales<\/em><\/li>\n<\/ul>\n<p>&nbsp;<\/p>\n<div id=\"attachment_35391\" style=\"width: 732px\" class=\"wp-caption aligncenter\"><a href=\"https:\/\/www.uv.mx\/prensa\/files\/2017\/10\/301017-UV-Concamin-1-ok.jpg\"><img loading=\"lazy\" decoding=\"async\" aria-describedby=\"caption-attachment-35391\" class=\"size-full wp-image-35391\" src=\"https:\/\/www.uv.mx\/prensa\/files\/2017\/10\/301017-UV-Concamin-1-ok.jpg\" alt=\"\" width=\"722\" height=\"489\" \/><\/a><p id=\"caption-attachment-35391\" class=\"wp-caption-text\">UV y Concamin celebraron convenio de colaboraci\u00f3n<\/p><\/div>\n<p>&nbsp;<\/p>\n<p><strong><em>30\/10\/2017, Veracruz, Ver.-<\/em><\/strong> La Universidad Veracruzana (UV), en colaboraci\u00f3n con la Confederaci\u00f3n de C\u00e1maras Industriales (<em>Concamin<\/em>), lanz\u00f3 el programa \u201cC\u00e9lulas de innovaci\u00f3n Veracruz\u201d cuyo fin es impulsar el esp\u00edritu emprendedor en los universitarios y apoyarlos para que transformen sus ideas en modelos de negocio viables y rentables.<\/p>\n<p>Para dar legalidad a esta alianza estrat\u00e9gica, la UV y la <em>Concamin<\/em> firmaron un convenio de colaboraci\u00f3n el 27 de octubre, orientado a la b\u00fasqueda y desarrollo del talento innovador, en el marco del evento \u201cNido de ideas\u201d, cuyo prop\u00f3sito fue la b\u00fasqueda de soluciones a problemas reales del sector productivo.<\/p>\n<p>\u201cC\u00e9lulas de innovaci\u00f3n Veracruz\u201d surgi\u00f3 en este marco gracias a la iniciativa de la Direcci\u00f3n General de Vinculaci\u00f3n de esta casa de estudio, a trav\u00e9s de Emprende UV.<\/p>\n<p>La rectora Sara Ladr\u00f3n de Guevara celebr\u00f3 este acercamiento de los j\u00f3venes con la empresa, as\u00ed como el entusiasmo de los universitarios que participaron en este reto de innovaci\u00f3n.<\/p>\n<p>&nbsp;<\/p>\n<div id=\"attachment_35387\" style=\"width: 732px\" class=\"wp-caption aligncenter\"><a href=\"https:\/\/www.uv.mx\/prensa\/files\/2017\/10\/301017.-UV-Concamin-2-ok.jpg\"><img loading=\"lazy\" decoding=\"async\" aria-describedby=\"caption-attachment-35387\" class=\"size-full wp-image-35387\" src=\"https:\/\/www.uv.mx\/prensa\/files\/2017\/10\/301017.-UV-Concamin-2-ok.jpg\" alt=\"\" width=\"722\" height=\"542\" srcset=\"https:\/\/www.uv.mx\/prensa\/files\/2017\/10\/301017.-UV-Concamin-2-ok.jpg 722w, https:\/\/www.uv.mx\/prensa\/files\/2017\/10\/301017.-UV-Concamin-2-ok-300x225.jpg 300w\" sizes=\"auto, (max-width: 722px) 100vw, 722px\" \/><\/a><p id=\"caption-attachment-35387\" class=\"wp-caption-text\">La Rectora de la UV se congratul\u00f3 del acercamiento de los j\u00f3venes con las empresas<\/p><\/div>\n<p>&nbsp;<\/p>\n<p>Agradeci\u00f3 a la <em>Concamin<\/em> y a las instituciones gubernamentales el apoyo que brindaron a la Universidad para impulsar a los j\u00f3venes emprendedores y dijo que en los universitarios emprendedores est\u00e1 la semilla que va a \u201csignificar el cambio y el desarrollo del estado y del pa\u00eds\u201d.<\/p>\n<p>Coment\u00f3, adem\u00e1s, que el convenio significar\u00e1 que los j\u00f3venes que lleguen a las aulas universitarias encuentren que no s\u00f3lo se aprende en ellas, sino que tambi\u00e9n existe la necesidad de que se comprometan con su comunidad.<\/p>\n<p>Jos\u00e9 Manuel Urreta Ortega, coordinador de la Zona Oriente de la <em>Concamin<\/em>, se congratul\u00f3 de impulsar junto con la UV el desarrollo regional y coment\u00f3: \u201cLos industriales estamos convencidos que trabajar de la mano con el sector educativo en una efectiva vinculaci\u00f3n academia-industria, sin duda coadyuvar\u00e1 de manera fundamental a un nivel de desarrollo m\u00e1s firme y din\u00e1mico\u201d.<\/p>\n<p>Agreg\u00f3 que las \u201cC\u00e9lulas de innovaci\u00f3n Veracruz\u201d fomentan la colaboraci\u00f3n abierta entre j\u00f3venes emprendedores y empresas para desarrollar propuestas innovadoras que brinden soluci\u00f3n a problem\u00e1ticas espec\u00edficas de los empresarios.<\/p>\n<p>&nbsp;<\/p>\n<div id=\"attachment_35392\" style=\"width: 732px\" class=\"wp-caption aligncenter\"><a href=\"https:\/\/www.uv.mx\/prensa\/files\/2017\/10\/301017.-UV-Concamin-3-ok.jpg\"><img loading=\"lazy\" decoding=\"async\" aria-describedby=\"caption-attachment-35392\" class=\"size-full wp-image-35392\" src=\"https:\/\/www.uv.mx\/prensa\/files\/2017\/10\/301017.-UV-Concamin-3-ok.jpg\" alt=\"\" width=\"722\" height=\"565\" srcset=\"https:\/\/www.uv.mx\/prensa\/files\/2017\/10\/301017.-UV-Concamin-3-ok.jpg 722w, https:\/\/www.uv.mx\/prensa\/files\/2017\/10\/301017.-UV-Concamin-3-ok-300x235.jpg 300w\" sizes=\"auto, (max-width: 722px) 100vw, 722px\" \/><\/a><p id=\"caption-attachment-35392\" class=\"wp-caption-text\">Jos\u00e9 Manuel Urreta Ortega, Coordinador de la Zona Oriente de la CONCAMIN<\/p><\/div>\n<p>&nbsp;<\/p>\n<p>Urreta Ortega inform\u00f3 que una c\u00e9lula de innovaci\u00f3n consiste en un equipo de trabajo multidisciplinario integrado por un empresario y cuatro alumnos de distintas carreras, quienes siguen un proceso estructurado y ponen en pr\u00e1ctica metodolog\u00edas, herramientas y habilidades de innovaci\u00f3n para la soluci\u00f3n de problemas o retos empresariales.<\/p>\n<p>Mencion\u00f3 que el convenio signado con la UV \u201cpotenciar\u00e1 la implementaci\u00f3n de estrategias que permitan la capacitaci\u00f3n de estudiantes a trav\u00e9s de la interacci\u00f3n constante en el sector empresarial, con el objetivo de aumentar las posibilidades de inserci\u00f3n laboral y mejorar las condiciones de empleabilidad de los futuros profesionistas\u201d.<\/p>\n<p>Antes de concluir, la Rectora y el Coordinador de <em>Concamin<\/em> mostraron su satisfacci\u00f3n por esta nueva alianza para hacer una mejor Universidad y un mejor M\u00e9xico.<\/p>\n<p>Atestiguaron la firma de este convenio: Salvador A. Orozco Fern\u00e1ndez, director de Innovaci\u00f3n de la Secretar\u00eda de Econom\u00eda; Enrique Rubio Le\u00f3n, titular de la Oficina de Gesti\u00f3n de la Estrategia de la <em>Concamin<\/em>; Gilda Aurora Trujillo Gonz\u00e1lez, delegada de la Secretar\u00eda de Econom\u00eda Veracruz; Juan Carlos Cervantes Gallegos, director general de Promoci\u00f3n a Emprendedores y <em>Mipymes<\/em>, en representaci\u00f3n de Alejandro Zairick Morante, secretario de Desarrollo Econ\u00f3mico y Portuario, y \u00c1ngel Alberto L\u00f3pez D\u00edaz, gerente general y de Operaciones Telmex en el estado de Veracruz.<\/p>\n<p>Por parte de la UV estuvieron: Octavio Ochoa Contreras, secretario de la Rector\u00eda; Alfonso P\u00e9rez Morales, vicerrector de la regi\u00f3n Veracruz, y Rebeca Hern\u00e1ndez Ar\u00e1mburo, directora general de Vinculaci\u00f3n.<\/p>\n","protected":false},"excerpt":{"rendered":"<p>La Universidad Veracruzana (UV), en colaboraci\u00f3n con la Confederaci\u00f3n de C\u00e1maras Industriales (Concamin), lanz\u00f3 el programa \u201cC\u00e9lulas de innovaci\u00f3n Veracruz\u201d cuyo fin es impulsar el esp\u00edritu emprendedor en los universitarios y apoyarlos para que transformen sus ideas en modelos de negocio viables y rentables.<\/p>\n","protected":false},"author":1809,"featured_media":35394,"comment_status":"closed","ping_status":"closed","sticky":false,"template":"","format":"standard","meta":{"footnotes":""},"categories":[32],"tags":[],"class_list":["post-35386","post","type-post","status-publish","format-standard","has-post-thumbnail","hentry","category-regiones"],"_links":{"self":[{"href":"https:\/\/www.uv.mx\/prensa\/wp-json\/wp\/v2\/posts\/35386","targetHints":{"allow":["GET"]}}],"collection":[{"href":"https:\/\/www.uv.mx\/prensa\/wp-json\/wp\/v2\/posts"}],"about":[{"href":"https:\/\/www.uv.mx\/prensa\/wp-json\/wp\/v2\/types\/post"}],"author":[{"embeddable":true,"href":"https:\/\/www.uv.mx\/prensa\/wp-json\/wp\/v2\/users\/1809"}],"replies":[{"embeddable":true,"href":"https:\/\/www.uv.mx\/prensa\/wp-json\/wp\/v2\/comments?post=35386"}],"version-history":[{"count":0,"href":"https:\/\/www.uv.mx\/prensa\/wp-json\/wp\/v2\/posts\/35386\/revisions"}],"wp:featuredmedia":[{"embeddable":true,"href":"https:\/\/www.uv.mx\/prensa\/wp-json\/wp\/v2\/media\/35394"}],"wp:attachment":[{"href":"https:\/\/www.uv.mx\/prensa\/wp-json\/wp\/v2\/media?parent=35386"}],"wp:term":[{"taxonomy":"category","embeddable":true,"href":"https:\/\/www.uv.mx\/prensa\/wp-json\/wp\/v2\/categories?post=35386"},{"taxonomy":"post_tag","embeddable":true,"href":"https:\/\/www.uv.mx\/prensa\/wp-json\/wp\/v2\/tags?post=35386"}],"curies":[{"name":"wp","href":"https:\/\/api.w.org\/{rel}","templated":true}]}}