{"id":35014,"date":"2017-10-25T19:20:29","date_gmt":"2017-10-26T00:20:29","guid":{"rendered":"https:\/\/www.uv.mx\/prensa\/?p=35014"},"modified":"2018-01-25T13:42:55","modified_gmt":"2018-01-25T19:42:55","slug":"el-jazz-surge-de-la-inclusion-luther-allison","status":"publish","type":"post","link":"https:\/\/www.uv.mx\/prensa\/cultura\/el-jazz-surge-de-la-inclusion-luther-allison\/","title":{"rendered":"El jazz surge de la inclusi\u00f3n: Luther Allison"},"content":{"rendered":"<p>&nbsp;<\/p>\n<div id=\"attachment_35006\" style=\"width: 1034px\" class=\"wp-caption aligncenter\"><a href=\"https:\/\/www.uv.mx\/prensa\/files\/2017\/10\/JAZZUV-Luther-Allison.jpg\"><img aria-describedby=\"caption-attachment-35006\" decoding=\"async\" loading=\"lazy\" class=\"size-large wp-image-35006\" src=\"https:\/\/www.uv.mx\/prensa\/files\/2017\/10\/JAZZUV-Luther-Allison-1024x682.jpg\" alt=\"\" width=\"1024\" height=\"682\" srcset=\"https:\/\/www.uv.mx\/prensa\/files\/2017\/10\/JAZZUV-Luther-Allison.jpg 1024w, https:\/\/www.uv.mx\/prensa\/files\/2017\/10\/JAZZUV-Luther-Allison-300x200.jpg 300w, https:\/\/www.uv.mx\/prensa\/files\/2017\/10\/JAZZUV-Luther-Allison-768x512.jpg 768w\" sizes=\"(max-width: 1024px) 100vw, 1024px\" \/><\/a><p id=\"caption-attachment-35006\" class=\"wp-caption-text\">El joven baterista asegur\u00f3 que este g\u00e9nero no est\u00e1 muriendo, pero la distancia entre los m\u00fasicos y las audiencias se hace m\u00e1s grande<\/p><\/div>\n<p>&nbsp;<\/p>\n<p><strong><em>David Sandoval Rodr\u00edguez<\/em><\/strong><\/p>\n<p>&nbsp;<\/p>\n<p><strong><em>25\/10\/2017, Xalapa, Ver.-<\/em><\/strong> Los m\u00fasicos de jazz deben tener claro que esta m\u00fasica se basa en la inclusi\u00f3n, expres\u00f3 el joven baterista estadounidense Luther Allison, al impartir su clase maestra en el Patio de conciertos de la Casa del Lago de la Universidad Veracruzana (UV), como parte de las actividades del 8\u00b0 Festival Internacional <em>Jazzuv<\/em>.<\/p>\n<p>Conforme la m\u00fasica evoluciona, los patrones r\u00edtmicos se vuelven m\u00e1s complejos y diversos, las armon\u00edas tambi\u00e9n y puede tenerse la sensaci\u00f3n, como miembros de la banda, que no se percibe una cohesi\u00f3n con el p\u00fablico, observ\u00f3.<\/p>\n<p>En cuanto la m\u00fasica se vuelve m\u00e1s compleja es posible percibir que las audiencias se vuelven m\u00e1s distantes, lo que ha llevado a creer a algunas personas que el jazz est\u00e1 muriendo.<\/p>\n<p>\u201cDesde mi perspectiva, no creo que esta m\u00fasica est\u00e9 muriendo pero puedo decir que existe una disparidad entre la audiencia y los m\u00fasicos, y parece que se va haciendo cada vez m\u00e1s grande con el paso de los a\u00f1os\u201d, explic\u00f3.<\/p>\n<p>\u201cLo que trato de hacer es atraer a la audiencia, mostrando de d\u00f3nde proviene esto y aquello, qui\u00e9n lo interpret\u00f3, para que as\u00ed ellos tengan una perspectiva y puedan acudir a esos artistas; es una cultura en la que nac\u00ed y creo que \u00e9sta es mi funci\u00f3n porque es dif\u00edcil entender el papel que uno juega si no entiende en principio la cultura en la que surge\u201d, agreg\u00f3 Allison.<\/p>\n<p>Ante la pregunta de una estudiante del Centro de Estudios de Jazz sobre la diferencia entre interpretar m\u00fasica cl\u00e1sica y jazz, el baterista coment\u00f3 que, efectivamente, es muy diferente la forma de ense\u00f1anza.<\/p>\n<p>\u201cLo que sucede con el jazz es que normalmente quienes escriben la m\u00fasica toman en cuenta que cada vez que un m\u00fasico la interprete ser\u00e1 diferente, no es habitual que los m\u00fasicos toquen exactamente igual una canci\u00f3n\u201d, dijo.<\/p>\n<p>El joven baterista, que fue traducido por su colega Gustavo Bureau, explic\u00f3 a los alumnos la mec\u00e1nica del acompa\u00f1amiento conocido como pregunta y respuesta donde los m\u00fasicos establecen un di\u00e1logo intercambiando frases musicales dentro de una misma canci\u00f3n.<\/p>\n<p>\u201cLa t\u00e9cnica se basa en la forma en que platicamos las personas, cuando se establece un di\u00e1logo puedes repetir lo que la otra persona dice o responder con una frase nueva que la ampl\u00eda o la resalta como tambi\u00e9n puedes confrontarla.\u201d<\/p>\n<p>Destac\u00f3 que no le parece un clich\u00e9 decir que la m\u00fasica es un lenguaje universal porque es algo muy cierto, \u201cpues sin importar las diferencias entre el lenguaje que nosotros expresemos verbalmente, como m\u00fasicos nos podemos comprender cuando tocamos y entender totalmente lo que cada quien est\u00e1 diciendo desde su lugar en la banda\u201d.<\/p>\n","protected":false},"excerpt":{"rendered":"<p><strong><em>David Sandoval Rodr\u00edguez.-<\/em><\/strong> Los m\u00fasicos de jazz deben tener claro que esta m\u00fasica se basa en la inclusi\u00f3n, expres\u00f3 el joven baterista estadounidense Luther Allison, al impartir su clase maestra en la Casa del Lago, como parte de las actividades del 8\u00b0 Festival Internacional Jazzuv<\/p>\n","protected":false},"author":1727,"featured_media":35006,"comment_status":"closed","ping_status":"closed","sticky":false,"template":"","format":"standard","meta":[],"categories":[11],"tags":[],"_links":{"self":[{"href":"https:\/\/www.uv.mx\/prensa\/wp-json\/wp\/v2\/posts\/35014"}],"collection":[{"href":"https:\/\/www.uv.mx\/prensa\/wp-json\/wp\/v2\/posts"}],"about":[{"href":"https:\/\/www.uv.mx\/prensa\/wp-json\/wp\/v2\/types\/post"}],"author":[{"embeddable":true,"href":"https:\/\/www.uv.mx\/prensa\/wp-json\/wp\/v2\/users\/1727"}],"replies":[{"embeddable":true,"href":"https:\/\/www.uv.mx\/prensa\/wp-json\/wp\/v2\/comments?post=35014"}],"version-history":[{"count":0,"href":"https:\/\/www.uv.mx\/prensa\/wp-json\/wp\/v2\/posts\/35014\/revisions"}],"wp:featuredmedia":[{"embeddable":true,"href":"https:\/\/www.uv.mx\/prensa\/wp-json\/wp\/v2\/media\/35006"}],"wp:attachment":[{"href":"https:\/\/www.uv.mx\/prensa\/wp-json\/wp\/v2\/media?parent=35014"}],"wp:term":[{"taxonomy":"category","embeddable":true,"href":"https:\/\/www.uv.mx\/prensa\/wp-json\/wp\/v2\/categories?post=35014"},{"taxonomy":"post_tag","embeddable":true,"href":"https:\/\/www.uv.mx\/prensa\/wp-json\/wp\/v2\/tags?post=35014"}],"curies":[{"name":"wp","href":"https:\/\/api.w.org\/{rel}","templated":true}]}}